{"id":7267,"date":"2021-11-14T09:06:32","date_gmt":"2021-11-14T09:06:32","guid":{"rendered":"https:\/\/bebe.consumer.es\/?p=7267"},"modified":"2022-06-16T08:40:57","modified_gmt":"2022-06-16T08:40:57","slug":"com-triar-la-roba-mes-adequada-per-al-bebe","status":"publish","type":"post","link":"https:\/\/bebe.consumer.es\/ca\/cures-generals-i-prevencio\/com-triar-la-roba-mes-adequada-per-al-bebe\/","title":{"rendered":"Com triar la roba m\u00e9s adequada per al beb\u00e8"},"content":{"rendered":"<span class=\"span-reading-time rt-reading-time\" style=\"display: block;\"><span class=\"rt-label rt-prefix\"><\/span> <span class=\"rt-time\"> 3<\/span> <span class=\"rt-label rt-postfix\">min.<\/span><\/span>\n<p>Una de les primeres <a href=\"https:\/\/bebe.consumer.es\/embarazo\/compras-y-bolsa-hospital\/\" target=\"_blank\" rel=\"noreferrer noopener\">coses que comprareu<\/a> per al vostre futur beb\u00e8 ser\u00e0 alguna pe\u00e7a de roba. Sovint, les mares i els pares primerizos, teniu l\u2019impuls d\u2019omplir l\u2019armari amb aquestes petites peces. Per\u00f2 la veritat \u00e9s que a vegades molta roba es queda sense estrenar, sobretot la de la talla 0-1. Els beb\u00e8s creixen molt r\u00e0pid i no us donar\u00e0 temps a posar-li-ho tot. A m\u00e9s, per molt boniques que siguin algunes peces, en el dia a dia prevaldr\u00e0 la comoditat a l\u2019hora de vestir, tant per a ells com per a vosaltres. <\/p>\n\n\n\n<h2 class=\"wp-block-heading\"><strong>Els millors teixits per a la pell del beb\u00e8<\/strong><\/h2>\n\n\n\n<p>La roba del beb\u00e8 ha de ser folgada, c\u00f2moda i f\u00e0cil de posar. \u00c9s important tenir en compte que tamb\u00e9 <strong>per als llen\u00e7ols, i tota la roba que est\u00e0 en contacte directe amb la seva pell, les fibres naturals, com el cot\u00f3 i el fil, s\u00f3n preferibles a les sint\u00e8tiques.<\/strong><\/p>\n\n\n\n<p>\u00c9s recomanable rentar tota la roba abans del seu primer \u00fas. Les rentades, almenys durant els primers mesos del beb\u00e8, han de fer-se per separat de la resta de la bugada de la fam\u00edlia. \u00c9s aconsellable utilitzar detergents especials per a <a href=\"https:\/\/bebe.consumer.es\/salud\/erupciones-cutaneas\/\" target=\"_blank\" rel=\"noreferrer noopener\">pells delicades<\/a> i prescindir del suavitzant.<\/p>\n\n\n\n<figure class=\"wp-block-image size-full\"><img loading=\"lazy\" decoding=\"async\" width=\"1000\" height=\"667\" src=\"https:\/\/bebe.consumer.es\/wp-content\/uploads\/Vestiralbebe.jpg\" alt=\"Vestir al bebe\" class=\"wp-image-8447\" srcset=\"https:\/\/bebe.consumer.es\/wp-content\/uploads\/Vestiralbebe.jpg 1000w, https:\/\/bebe.consumer.es\/wp-content\/uploads\/Vestiralbebe-300x200.jpg 300w, https:\/\/bebe.consumer.es\/wp-content\/uploads\/Vestiralbebe-768x512.jpg 768w\" sizes=\"auto, (max-width: 1000px) 100vw, 1000px\" \/><\/figure>\n\n\n\n<p><\/p>\n\n\n\n<h2 class=\"wp-block-heading\"><strong>Les peces m\u00e9s segures per al beb\u00e8<\/strong><\/h2>\n\n\n\n<p>Les peces infantils a la venda han de complir amb unes normes de seguretat. A l\u2019hora d\u2019adquirir la roba i els complements del vostre beb\u00e8, heu de comprovar que estigui tot correctament etiquetat. A m\u00e9s, \u00e9s recomanable <a href=\"https:\/\/www.aeped.es\/sites\/default\/files\/3-cuidame_esp.pdf\" target=\"_blank\" rel=\"noreferrer noopener nofollow\">seguir aquests consells<\/a>: <\/p>\n\n\n\n<ul class=\"wp-block-list\"><li><strong>Evitar l\u2019angorina, aix\u00ed com qualsevol teixit que deixi anar p\u00e8l<\/strong> i que pogu\u00e9s ser inhalat pel beb\u00e8. <\/li><li>Tampoc es recomanen <strong>els cordons o lla\u00e7os.<\/strong> <\/li><li><strong>Si una pe\u00e7a porta botons, han d\u2019anar per darrere, ser grans i estar ben cosits<\/strong>, per a evitar que el beb\u00e8 arrenqui un i accidentalment pogu\u00e9s obstruir les seves vies respirat\u00f2ries.<\/li><li><strong>Els imperdibles s\u00f3n molt perillosos<\/strong> i no han d\u2019usar-se a la roba del beb\u00e8.<\/li><li><strong>Per a evitar els accidents per ennuegada, cal prescindir d\u2019accessoris com les forquetes o pinces de p\u00e8l, aix\u00ed com joies. <\/strong><\/li><\/ul>\n\n\n\n<h2 class=\"wp-block-heading\"><strong>El cal\u00e7at ideal per als seus primers passos<\/strong><\/h2>\n\n\n\n<p>La principal labor del cal\u00e7at \u00e9s protegir els peus de les lesions amb els elements que hi ha en el s\u00f2l, per la qual cosa els beb\u00e8s no necessiten sabates fins que no comencin a caminar. A m\u00e9s, per a aprendre a caminar, <strong>el millor \u00e9s que el beb\u00e8 estigui descal\u00e7, facilitant la fisiologia i la mobilitat dels peus. <\/strong>En \u00e8poques fredes, els mitjons antilliscants li protegiran de les baixes temperatures.<\/p>\n\n\n\n<p><strong>Es recomana que, a l\u2019hora de <a href=\"https:\/\/bebe.consumer.es\/cuidados-generales-y-prevencion\/primer-zapato\/\" target=\"_blank\" rel=\"noreferrer noopener\">triar sabates<\/a>, aquests siguin flexibles i de la talla adequada<\/strong> (ni massa petits, ni massa grans esperant que li durin m\u00e9s temps). Trieu marques amb models ergon\u00f2mics i que permetin gran llibertat de moviment. <\/p>\n\n\n\n<h2 class=\"wp-block-heading\"><strong>Consells generals per a vestir nens i nenes<\/strong><\/h2>\n\n\n\n<p>Quant a l\u2019abric <a href=\"https:\/\/bebe.consumer.es\/cuidados-generales-y-prevencion\/abrigo\/\" target=\"_blank\" rel=\"noreferrer noopener\"><\/a>, en general els beb\u00e8s i els nens no necessiten m\u00e9s capes de roba que els adults. Solament hi ha excepcions en beb\u00e8s prematurs o en nounats que tenen dificultat per a mantenir la temperatura corporal. <strong>Que els beb\u00e8s nounats tinguin mans i peus freds \u00e9s normal per la immaduresa de la circulaci\u00f3 perif\u00e8rica, i no s\u2019hauria d\u2019utilitzar com a criteri per a abrigar-los en exc\u00e9s. <\/strong>La roba del beb\u00e8 ha d\u2019adaptar-se a la zona geogr\u00e0fica i a l\u2019estaci\u00f3 de l\u2019any, igual que feu els adults. <\/p>\n\n\n\n<p>Conforme el beb\u00e8 va creixent<strong>, pot comen\u00e7ar a col\u00b7laborar en el moment de vestir-se. A poc a poc, entorn dels 2-3 anys d\u2019edat, anir\u00e0 aconseguint una certa autonomia. <\/strong>Per a facilitar aquesta labor, la roba ha de ser c\u00f2moda i f\u00e0cil de posar, evitant cremalleres i botons. \u00c9s millor usar, per exemple, pantalons amb cinturilla el\u00e0stica. <\/p>\n\n\n\n<p>Tamb\u00e9 \u00e9s important recordar que l<strong>a roba no t\u00e9 g\u00e8nere, aix\u00ed que qualsevol color i forma poden ser adequats per a nenes i per a nens.<\/strong> <\/p>\n","protected":false},"excerpt":{"rendered":"<p><span class=\"span-reading-time rt-reading-time\" style=\"display: block;\"><span class=\"rt-label rt-prefix\"><\/span> <span class=\"rt-time\"> 3<\/span> <span class=\"rt-label rt-postfix\">min.<\/span><\/span><\/p>\n","protected":false},"author":2,"featured_media":8443,"comment_status":"closed","ping_status":"closed","sticky":false,"template":"","format":"standard","meta":{"footnotes":""},"categories":[195],"tags":[200,208,209,210,211,212,284,353,394],"class_list":["post-7267","post","type-post","status-publish","format-standard","has-post-thumbnail","hentry","category-cures-generals-i-prevencio","tag-18-mesos","tag-0-3-mesos","tag-12-18-mesos","tag-3-6-mesos","tag-6-9-mesos","tag-9-12-mesos","tag-cures","tag-portament","tag-sol-ca","infinite-scroll-item","generate-columns","tablet-grid-50","mobile-grid-100","grid-parent","grid-33"],"acf":[],"aioseo_notices":[],"_links":{"self":[{"href":"https:\/\/bebe.consumer.es\/ca\/wp-json\/wp\/v2\/posts\/7267\/"}],"collection":[{"href":"https:\/\/bebe.consumer.es\/ca\/wp-json\/wp\/v2\/posts\/"}],"about":[{"href":"https:\/\/bebe.consumer.es\/ca\/wp-json\/wp\/v2\/types\/post\/"}],"author":[{"embeddable":true,"href":"https:\/\/bebe.consumer.es\/ca\/wp-json\/wp\/v2\/users\/2\/"}],"replies":[{"embeddable":true,"href":"https:\/\/bebe.consumer.es\/ca\/wp-json\/wp\/v2\/comments\/?post=7267"}],"version-history":[{"count":2,"href":"https:\/\/bebe.consumer.es\/ca\/wp-json\/wp\/v2\/posts\/7267\/revisions\/"}],"predecessor-version":[{"id":8450,"href":"https:\/\/bebe.consumer.es\/ca\/wp-json\/wp\/v2\/posts\/7267\/revisions\/8450\/"}],"wp:featuredmedia":[{"embeddable":true,"href":"https:\/\/bebe.consumer.es\/ca\/wp-json\/wp\/v2\/media\/8443\/"}],"wp:attachment":[{"href":"https:\/\/bebe.consumer.es\/ca\/wp-json\/wp\/v2\/media\/?parent=7267"}],"wp:term":[{"taxonomy":"category","embeddable":true,"href":"https:\/\/bebe.consumer.es\/ca\/wp-json\/wp\/v2\/categories\/?post=7267"},{"taxonomy":"post_tag","embeddable":true,"href":"https:\/\/bebe.consumer.es\/ca\/wp-json\/wp\/v2\/tags\/?post=7267"}],"curies":[{"name":"wp","href":"https:\/\/api.w.org\/{rel}","templated":true}]}}