{"id":7280,"date":"2021-11-12T09:17:55","date_gmt":"2021-11-12T09:17:55","guid":{"rendered":"https:\/\/bebe.consumer.es\/?p=7280"},"modified":"2022-06-16T08:34:15","modified_gmt":"2022-06-16T08:34:15","slug":"el-bany-del-bebe-pas-a-pas","status":"publish","type":"post","link":"https:\/\/bebe.consumer.es\/ca\/cures-generals-i-prevencio\/el-bany-del-bebe-pas-a-pas\/","title":{"rendered":"El bany del beb\u00e8, pas a pas"},"content":{"rendered":"<span class=\"span-reading-time rt-reading-time\" style=\"display: block;\"><span class=\"rt-label rt-prefix\"><\/span> <span class=\"rt-time\"> 3<\/span> <span class=\"rt-label rt-postfix\">min.<\/span><\/span>\n<p>\u00c9s normal que als pares i a les mares us sorgeixin dubtes sobre el bany del beb\u00e8 o nounat. Entre les m\u00e9s comunes estan amb quina freq\u00fc\u00e8ncia banyar-ho, quina temperatura \u00e9s la m\u00e9s adequada per a l\u2019aigua, on fer-ho o quines t\u00e8cniques emprar perqu\u00e8 el beb\u00e8 estigui el m\u00e9s c\u00f2mode possible <a href=\"https:\/\/enfamilia.aeped.es\/edades-etapas\/aseo-en-recien-nacido\" target=\"_blank\" rel=\"noreferrer noopener nofollow\">durant el seu bany.<\/a> <\/p>\n\n\n\n<h2 class=\"wp-block-heading\"><strong>Quan podeu banyar al vostre beb\u00e8 per primera vegada<\/strong><\/h2>\n\n\n\n<p>No cal esperar que caiguin les restes del cord\u00f3 umbilical i cicatritzi el melic per al primer bany del beb\u00e8. <strong>Encara que la humitat constant \u00e9s perjudicial per al <a href=\"https:\/\/bebe.consumer.es\/cuidados-generales-y-prevencion\/ombligo\/\" target=\"_blank\" rel=\"noreferrer noopener\">seu melic<\/a>, si despr\u00e9s del bany s\u2019asseca i cuida degudament, no hi ha cap risc. <\/strong>Encara que tampoc hi ha pressa per donar-li el seu primer bany, ja que els beb\u00e8s neixen amb una capa protectora que hidrata la seva pell i prev\u00e9 les infeccions. L\u2019OMS <a href=\"https:\/\/www.who.int\/maternal_child_adolescent\/publications\/WHO-MCA-PNC-2014-Briefer_A4.pdf\" target=\"_blank\" rel=\"noreferrer noopener nofollow\"><\/a> recomana esperar almenys 24 hores despr\u00e9s del naixement, per\u00f2 podeu retardar el primer bany del <a href=\"https:\/\/bebe.consumer.es\/nacimiento\/vuelta-a-casa-con-bebe\/\" target=\"_blank\" rel=\"noreferrer noopener\">nounat a casa<\/a> uns dies m\u00e9s.<\/p>\n\n\n\n<p>Respecte al moment del dia, els beb\u00e8s agraeixen la seguretat del rutinari. El m\u00e9s habitual \u00e9s banyar-los abans de l\u2019\u00faltima presa del dia, per\u00f2 <strong>es pot fer a qualsevol altra hora si a vosaltres us va millor o si al beb\u00e8 no li agrada l\u2019aigua i, en comptes de relaxar-li, li revela. L\u2019important \u00e9s mantenir sempre el mateix horari.<\/strong><\/p>\n\n\n\n<h2 class=\"wp-block-heading\"><strong>Com ha de ser la temperatura de l\u2019aigua per al bany del beb\u00e8<\/strong><\/h2>\n\n\n\n<p><strong>La temperatura de l\u2019aigua per al bany del beb\u00e8 ha de controlar-se perqu\u00e8 no estigui molt calent per a no <a href=\"https:\/\/bebe.consumer.es\/primeros-auxilios\/quemaduras\/\" target=\"_blank\" rel=\"noreferrer noopener\">cremar-li<\/a>, ni molt freda. <\/strong>No \u00e9s necessari usar un term\u00f2metre, n&#8221;hi ha prou amb comprovar amb el vostre colze si l\u2019aigua crema o est\u00e0 massa temperada. Entre 36 i 38 \u00b0C sol ser la temperatura correcta, per\u00f2 amb el temps el propi nen donar\u00e0 senyals sobre si li agrada l\u2019aigua m\u00e9s freda o calenta, igual que els adults teniu les vostres prefer\u00e8ncies.<\/p>\n\n\n\n<figure class=\"wp-block-image size-full\"><img loading=\"lazy\" decoding=\"async\" width=\"1000\" height=\"658\" src=\"https:\/\/bebe.consumer.es\/wp-content\/uploads\/Secandoalbebe.jpg\" alt=\"Ducha del bebe\" class=\"wp-image-8427\" srcset=\"https:\/\/bebe.consumer.es\/wp-content\/uploads\/Secandoalbebe.jpg 1000w, https:\/\/bebe.consumer.es\/wp-content\/uploads\/Secandoalbebe-300x197.jpg 300w, https:\/\/bebe.consumer.es\/wp-content\/uploads\/Secandoalbebe-768x505.jpg 768w\" sizes=\"auto, (max-width: 1000px) 100vw, 1000px\" \/><\/figure>\n\n\n\n<p><\/p>\n\n\n\n<p>Tamb\u00e9 \u00e9s important procurar que la <strong>temperatura ambiental sigui agradable, entre els 22-24 \u00b0C<\/strong>.<\/p>\n\n\n\n<h2 class=\"wp-block-heading\"><strong>Com banyar a un beb\u00e8: t\u00e8cniques per al bany del nounat<\/strong><\/h2>\n\n\n\n<p>Durant els primers mesos del beb\u00e8 sol ser necess\u00e0ria una banyera adaptada per al moment del bany, <strong>encara que en pocs mesos podr\u00e0 passar a la banyera comuna de la fam\u00edlia sempre amb precaucions:<\/strong><\/p>\n\n\n\n<ul class=\"wp-block-list\"><li>Es recomana que<strong> tingueu tot a m\u00e0 abans d\u2019introduir al beb\u00e8 o nen en la banyera<\/strong>, especialment si esteu sols, ja que el beb\u00e8 ha d\u2019estar vigilat en tot moment.<\/li><li>\u00c9s aconsellable <strong>no omplir la banyera en exc\u00e9s, 10-15 cm d\u2019aigua solen ser suficients.<\/strong><\/li><li>Tamb\u00e9 es recomana <strong>utilitzar sabons neutres, i en quantitats petites<\/strong>. A vegades, sobretot durant els primers mesos, el sab\u00f3 solament ser\u00e0 necessari en les zones que m\u00e9s s\u2019embruten com a genitals, coll, etc.<\/li><li>Per a aconseguir una postura c\u00f2moda i segura durant el bany del nounat, podeu col\u00b7locar el seu cap sobre el vostre avantbra\u00e7 i subjectar-lo amb la vostra m\u00e0 sota la seva axil\u00b7la. Aix\u00ed tindreu l\u2019altra m\u00e0 lliure per a rentar-ho. <\/li><li>El p\u00e8l tamb\u00e9 es pot rentar, igual que la resta del cos. N\u2019hi ha prou amb posar una gota de xamp\u00fa amb ph neutre en el vostre palmell de la m\u00e0 i masajear el cuir cabellut del beb\u00e8 amb els vostres dits. Despr\u00e9s heu d\u2019aclarir-lo b\u00e9 amb aigua, evitant que li entri sab\u00f3 en els ulls. <\/li><li><strong>En sortir del bany, cal embolicar al beb\u00e8 amb una tovallola i assecar-li amb tocs suaus, sense fregar en exc\u00e9s. <\/strong>No \u00e9s necessari usar cremes hidratants tots els dies, per\u00f2 si voleu aprofitar el moment per a donar-li un massatge relaxant, aquestes han de ser <a href=\"https:\/\/www.aeped.es\/sites\/default\/files\/3-cuidame_esp.pdf\" target=\"_blank\" rel=\"noreferrer noopener nofollow\">adaptades a la seva edat<\/a>: lliures de colorants, perfums, parabenos i ftalats. <\/li><\/ul>\n\n\n\n<h2 class=\"wp-block-heading\"><strong>Freq\u00fc\u00e8ncia de bany d\u2019un nounat<\/strong><\/h2>\n\n\n\n<p>El bany diari s\u2019ha convertit en un costum que en nens majors que s\u2019embruten m\u00e9s s\u00ed que pot ser convenient, per\u00f2 <strong>no \u00e9s imprescindible en un beb\u00e8 o nounat que a penes es taca m\u00e9s que en la zona del bolquer o quan menja. <\/strong><\/p>\n\n\n\n<p>A m\u00e9s, la pell t\u00e9 els seus propis mecanismes de neteja i <strong>l&#8221;excessiva freq\u00fc\u00e8ncia o durada dels banys poden irritar-la, especialment en beb\u00e8s i nounats que la tenen molt sensible.<\/strong><\/p>\n\n\n\n<p>El bany del beb\u00e8 sol ser un moment de complicitat i afecte familiar, per\u00f2 quan no es t\u00e9 massa temps o resulta una experi\u00e8ncia inc\u00f2moda per al beb\u00e8, n&#8221;hi ha prou amb banyar-li dues o tres vegades per setmana. Per descomptat<strong>, s\u00ed que cal rentar tantes vegades com sigui necessari la zona del bolquer, la cara, les mans, les axil\u00b7les i els plecs de la pell, o qualsevol zona que s\u2019hagi embrutat, <\/strong>tenint especial compte amb la higiene de les <a href=\"https:\/\/bebe.consumer.es\/cuidados-generales-y-prevencion\/higiene-zonas-delicada\" target=\"_blank\" rel=\"noreferrer noopener\">zones delicades<\/a>.<\/p>\n","protected":false},"excerpt":{"rendered":"<p><span class=\"span-reading-time rt-reading-time\" style=\"display: block;\"><span class=\"rt-label rt-prefix\"><\/span> <span class=\"rt-time\"> 3<\/span> <span class=\"rt-label rt-postfix\">min.<\/span><\/span><\/p>\n","protected":false},"author":2,"featured_media":8423,"comment_status":"closed","ping_status":"closed","sticky":false,"template":"","format":"standard","meta":{"footnotes":""},"categories":[195],"tags":[208,210,284,321,371,350],"class_list":["post-7280","post","type-post","status-publish","format-standard","has-post-thumbnail","hentry","category-cures-generals-i-prevencio","tag-0-3-mesos","tag-3-6-mesos","tag-cures","tag-higiene-ca","tag-nounat","tag-pell","infinite-scroll-item","generate-columns","tablet-grid-50","mobile-grid-100","grid-parent","grid-33"],"acf":[],"aioseo_notices":[],"_links":{"self":[{"href":"https:\/\/bebe.consumer.es\/ca\/wp-json\/wp\/v2\/posts\/7280\/"}],"collection":[{"href":"https:\/\/bebe.consumer.es\/ca\/wp-json\/wp\/v2\/posts\/"}],"about":[{"href":"https:\/\/bebe.consumer.es\/ca\/wp-json\/wp\/v2\/types\/post\/"}],"author":[{"embeddable":true,"href":"https:\/\/bebe.consumer.es\/ca\/wp-json\/wp\/v2\/users\/2\/"}],"replies":[{"embeddable":true,"href":"https:\/\/bebe.consumer.es\/ca\/wp-json\/wp\/v2\/comments\/?post=7280"}],"version-history":[{"count":2,"href":"https:\/\/bebe.consumer.es\/ca\/wp-json\/wp\/v2\/posts\/7280\/revisions\/"}],"predecessor-version":[{"id":8431,"href":"https:\/\/bebe.consumer.es\/ca\/wp-json\/wp\/v2\/posts\/7280\/revisions\/8431\/"}],"wp:featuredmedia":[{"embeddable":true,"href":"https:\/\/bebe.consumer.es\/ca\/wp-json\/wp\/v2\/media\/8423\/"}],"wp:attachment":[{"href":"https:\/\/bebe.consumer.es\/ca\/wp-json\/wp\/v2\/media\/?parent=7280"}],"wp:term":[{"taxonomy":"category","embeddable":true,"href":"https:\/\/bebe.consumer.es\/ca\/wp-json\/wp\/v2\/categories\/?post=7280"},{"taxonomy":"post_tag","embeddable":true,"href":"https:\/\/bebe.consumer.es\/ca\/wp-json\/wp\/v2\/tags\/?post=7280"}],"curies":[{"name":"wp","href":"https:\/\/api.w.org\/{rel}","templated":true}]}}