{"id":7285,"date":"2021-11-11T09:25:11","date_gmt":"2021-11-11T09:25:11","guid":{"rendered":"https:\/\/bebe.consumer.es\/?p=7285"},"modified":"2022-05-10T15:36:27","modified_gmt":"2022-05-10T15:36:27","slug":"com-cuidar-la-higiene-en-les-zones-delicades-del-bebe","status":"publish","type":"post","link":"https:\/\/bebe.consumer.es\/ca\/cures-generals-i-prevencio\/com-cuidar-la-higiene-en-les-zones-delicades-del-bebe\/","title":{"rendered":"Com cuidar la higiene en les zones delicades del beb\u00e8"},"content":{"rendered":"<span class=\"span-reading-time rt-reading-time\" style=\"display: block;\"><span class=\"rt-label rt-prefix\"><\/span> <span class=\"rt-time\"> 3<\/span> <span class=\"rt-label rt-postfix\">min.<\/span><\/span>\n<p>A m\u00e9s del <a href=\"https:\/\/bebe.consumer.es\/cuidados-generales-y-prevencion\/bano\/\" target=\"_blank\" rel=\"noreferrer noopener\">bany<\/a>, que en nounats i beb\u00e8s no \u00e9s necessari que sigui di\u00e0riament, hi ha altres mesures d\u2019higiene que heu de posar en pr\u00e0ctica al costat d\u2019altres cures del beb\u00e8. Encara que us pugui resultar complicat, per tractar-se de parts petites i sensibles, n&#8221;hi ha prou amb seguir algunes recomanacions per a mantenir netes les zones delicades del beb\u00e8.<\/p>\n\n\n\n<h2 class=\"wp-block-heading\"><strong>Consells per a netejar les o\u00efdes del beb\u00e8<\/strong><\/h2>\n\n\n\n<p>En les o\u00efdes del beb\u00e8 s\u2019ha de netejar la part externa i visible amb una gasa o una tovallola suau humitejada en aigua t\u00e8bia. <strong>Mai cal introduir cap objecte pel conducte auditiu, pel risc de causar lesions en el timp\u00e0.<\/strong> <a href=\"https:\/\/www.infosalus.com\/salud-investigacion\/noticia-hay-limpiar-oidos-ninos-20171012091442.html\" target=\"_blank\" rel=\"noreferrer noopener nofollow\"><strong>La cera \u00e9s un mecanisme de defensa de l\u2019o\u00efda i no \u00e9s recomanable obsessionar-se amb extreure-la.<\/strong><\/a> Alguns nens poden tenir predisposici\u00f3 a l\u2019acumulaci\u00f3 de cera i al fet que es formin molestos taps, en aquests casos el pediatre pot recomanar unes gotes per a estovar el cerumen de l\u2019o\u00efda.<\/p>\n\n\n\n<h2 class=\"wp-block-heading\"><strong>S\u00e8rum fisiol\u00f2gic per a la neteja del nas<\/strong><\/h2>\n\n\n\n<p>Per a desobstruir de mocs el nas del beb\u00e8, s\u2019empra s\u00e8rum fisiol\u00f2gic; per\u00f2 per a rentar els orificis, pot usar-se aigua corrent.<\/p>\n\n\n\n<p>Podeu aplicar el s\u00e8rum fisiol\u00f2gic diverses vegades al dia, si l\u2019exc\u00e9s de moc impedeix la correcta entrada d\u2019aire. En beb\u00e8s i nens petits no es recomana usar m\u00e9s de 2 ml de s\u00e8rum fisiol\u00f2gic en cada fossa nasal, en nens majors podeu augmentar la quantitat fins a 5 ml. Si s\u2019escalfa el s\u00e8rum amb les mans una mica abans de la seva irrigaci\u00f3, potser resulta menys molest. \u00c9s una t\u00e8cnica que no sol agradar-li res als nens, en part perqu\u00e8 han de romandre ben subjectes, per\u00f2 \u00e9s necess\u00e0ria per a una correcta higiene nasal. <strong><a href=\"https:\/\/enfamilia.aeped.es\/vida-sana\/lavados-nasales\" target=\"_blank\" rel=\"noreferrer noopener nofollow\">L&#8221;aspiraci\u00f3 amb peres de succi\u00f3 o mecanismes que generin canvis de pressi\u00f3 no s\u00f3n recomanables.<\/a> <\/strong><\/p>\n\n\n\n<h2 class=\"wp-block-heading\"><strong>Com netejar els ulls<\/strong><\/h2>\n\n\n\n<p>Generalment no \u00e9s necessari una rentada especial en els ulls del beb\u00e8. En el cas que tingui alguna lleganya, heu de rentar l\u2019ull des de la part interna cap a la part externa, amb una gasa xopada en s\u00e8rum fisiol\u00f2gic i mai amb cot\u00f3. <\/p>\n\n\n\n<p><strong>Si les lleganyes s\u00f3n recurrents en l\u2019ull del beb\u00e8, s\u2019ha de descartar l\u2019obstrucci\u00f3 <a href=\"https:\/\/enfamilia.aeped.es\/temas-salud\/obstruccion-lagrimal-en-recien-nacidos\" target=\"_blank\" rel=\"noreferrer noopener nofollow\">del conducte lacrimal<\/a> o la pres\u00e8ncia d\u2019una <a href=\"https:\/\/enfamilia.aeped.es\/temas-salud\/conjuntivitis\" target=\"_blank\" rel=\"noreferrer noopener nofollow\">conjuntivitis<\/a>.<\/strong><\/p>\n\n\n\n<h2 class=\"wp-block-heading\"><strong>Quan i com tallar les ungles al beb\u00e8<\/strong><\/h2>\n\n\n\n<p>La majoria dels beb\u00e8s neixen amb les ungles molt llargues i trencadisses. Si \u00e9s necessari, per a evitar que s\u2019esgarrapi, podeu tallar-les amb molta cura. En cas d\u2019utilitzar tisores, han de ser petites, estar ben esmolades i tenir la punta arrodonida. Pot resultar complicat llimar les ungles, ja que <a href=\"https:\/\/www.familiaysalud.es\/mito-o-realidad\/mito-o-realidad\/no-se-pueden-cortar-la-unas-los-bebes-hasta-pasadas-varias-semanas\" target=\"_blank\" rel=\"noreferrer noopener nofollow\">s\u00f3n massa toves.<\/a> <\/p>\n\n\n\n<p>Heu d\u2019aprofitar un moment en el qual el beb\u00e8 estigui tranquil perqu\u00e8 no es mogui, despr\u00e9s del bany o mentre dorm, per exemple. Per a no cometre l\u2019error de tallar la pell sense voler, \u00e9s necessari atendre el<strong> l\u00edmit entre l\u2019ungla i la pell. <\/strong>\u00c9s recomanable no tallar ran del dit i que les vores quedin arrodonits. Les ungles dels peus del beb\u00e8 es tallen rectes, per a procurar que les seves vores creixin per sobre de la pell i no es clavin en els marges. <\/p>\n\n\n\n<p>Quant a la freq\u00fc\u00e8ncia, dependr\u00e0 del ritme de creixement, generalment fa falta tallar les ungles de les mans una vegada a la setmana. I les dels peus, at\u00e8s que creixen molt m\u00e9s a poc a poc, durant els primers mesos no sol ser necessari que les talleu.<\/p>\n\n\n\n<h2 class=\"wp-block-heading\"><strong>La import\u00e0ncia de la cura dels genitals en els nounats <\/strong><\/h2>\n\n\n\n<p><strong>En la majoria de nounats homes, no \u00e9s possible retirar completament la pell del prepuci sense fer-los mal. <\/strong>L&#8221;habitual \u00e9s que existeixi una <a href=\"https:\/\/enfamilia.aeped.es\/temas-salud\/que-es-fimosis\" target=\"_blank\" rel=\"noreferrer noopener nofollow\">fimosis fisiol\u00f2gica<\/a>, que generalment es va resolent conforme el beb\u00e8 creix. Per a la seva higiene, n&#8221;hi ha prou amb la rentada habitual en la banyera i durant el canvi de bolquer. No heu d\u2019intentar for\u00e7ar la retirada del prepuci, ja que podeu causar-li una ferida.<\/p>\n\n\n\n<figure class=\"wp-block-image size-large\"><img loading=\"lazy\" decoding=\"async\" width=\"1024\" height=\"683\" src=\"https:\/\/bebe.consumer.es\/wp-content\/uploads\/Higiene-zonas-delicadas-2-1024x683.jpg\" alt=\"Padres asean a su beb\u00e9\" class=\"wp-image-5743\" srcset=\"https:\/\/bebe.consumer.es\/wp-content\/uploads\/Higiene-zonas-delicadas-2-1024x683.jpg 1024w, https:\/\/bebe.consumer.es\/wp-content\/uploads\/Higiene-zonas-delicadas-2-300x200.jpg 300w, https:\/\/bebe.consumer.es\/wp-content\/uploads\/Higiene-zonas-delicadas-2-768x512.jpg 768w, https:\/\/bebe.consumer.es\/wp-content\/uploads\/Higiene-zonas-delicadas-2-1536x1024.jpg 1536w, https:\/\/bebe.consumer.es\/wp-content\/uploads\/Higiene-zonas-delicadas-2-2048x1365.jpg 2048w\" sizes=\"auto, (max-width: 1024px) 100vw, 1024px\" \/><\/figure>\n\n\n\n<p><\/p>\n\n\n\n<p><strong>En el cas de les nenes, \u00e9s recomanable que netegeu la vulva sense por, separant b\u00e9 els plecs. Tamb\u00e9 heu de tenir la precauci\u00f3 de rentar-la sempre de davant cap endarrere<\/strong>, per a no arrossegar cap a la vagina els microbis que pugui haver-hi al voltant de l\u2019anus. <strong>No \u00e9s necessari usar sabons espec\u00edfics, \u00e9s suficient amb el gel de dutxa amb ph neutre. <\/strong><\/p>\n\n\n\n<p>Per a mantenir els <a href=\"https:\/\/bebe.consumer.es\/salud\/problemas-genitales-bebes\/\" target=\"_blank\" rel=\"noreferrer noopener\">genitals<\/a> nets, heu de fer el canvi de bolquer amb freq\u00fc\u00e8ncia. Podeu usar una esponja i aigua, o tovalloletes humides (sense productes irritants) en cada canvi de bolquer. Encara que \u00e9s m\u00e9s recomanable la primera opci\u00f3, sobretot en nounats i si el beb\u00e8 t\u00e9 irritada la zona coberta pel bolquer (<a href=\"https:\/\/bebe.consumer.es\/salud\/dermatitis-panal\/\" target=\"_blank\" rel=\"noreferrer noopener\">dermatitis del bolquer<\/a>). Despr\u00e9s heu d\u2019assecar <a href=\"https:\/\/enfamilia.aeped.es\/edades-etapas\/aseo-en-recien-nacido\" target=\"_blank\" rel=\"noreferrer noopener nofollow\">b\u00e9 la pell <\/a>i els plecs amb una tovallola. No es recomana aplicar p\u00f3lvores de talc, ni tampoc \u00e9s necessari posar crema despr\u00e9s de cada canvi de bolquer.<\/p>\n","protected":false},"excerpt":{"rendered":"<p><span class=\"span-reading-time rt-reading-time\" style=\"display: block;\"><span class=\"rt-label rt-prefix\"><\/span> <span class=\"rt-time\"> 3<\/span> <span class=\"rt-label rt-postfix\">min.<\/span><\/span><\/p>\n","protected":false},"author":2,"featured_media":4500,"comment_status":"closed","ping_status":"closed","sticky":false,"template":"","format":"standard","meta":{"footnotes":""},"categories":[195],"tags":[208,210,211,284,321,371,350],"class_list":["post-7285","post","type-post","status-publish","format-standard","has-post-thumbnail","hentry","category-cures-generals-i-prevencio","tag-0-3-mesos","tag-3-6-mesos","tag-6-9-mesos","tag-cures","tag-higiene-ca","tag-nounat","tag-pell","infinite-scroll-item","generate-columns","tablet-grid-50","mobile-grid-100","grid-parent","grid-33"],"acf":[],"aioseo_notices":[],"_links":{"self":[{"href":"https:\/\/bebe.consumer.es\/ca\/wp-json\/wp\/v2\/posts\/7285\/"}],"collection":[{"href":"https:\/\/bebe.consumer.es\/ca\/wp-json\/wp\/v2\/posts\/"}],"about":[{"href":"https:\/\/bebe.consumer.es\/ca\/wp-json\/wp\/v2\/types\/post\/"}],"author":[{"embeddable":true,"href":"https:\/\/bebe.consumer.es\/ca\/wp-json\/wp\/v2\/users\/2\/"}],"replies":[{"embeddable":true,"href":"https:\/\/bebe.consumer.es\/ca\/wp-json\/wp\/v2\/comments\/?post=7285"}],"version-history":[{"count":1,"href":"https:\/\/bebe.consumer.es\/ca\/wp-json\/wp\/v2\/posts\/7285\/revisions\/"}],"predecessor-version":[{"id":7289,"href":"https:\/\/bebe.consumer.es\/ca\/wp-json\/wp\/v2\/posts\/7285\/revisions\/7289\/"}],"wp:featuredmedia":[{"embeddable":true,"href":"https:\/\/bebe.consumer.es\/ca\/wp-json\/wp\/v2\/media\/4500\/"}],"wp:attachment":[{"href":"https:\/\/bebe.consumer.es\/ca\/wp-json\/wp\/v2\/media\/?parent=7285"}],"wp:term":[{"taxonomy":"category","embeddable":true,"href":"https:\/\/bebe.consumer.es\/ca\/wp-json\/wp\/v2\/categories\/?post=7285"},{"taxonomy":"post_tag","embeddable":true,"href":"https:\/\/bebe.consumer.es\/ca\/wp-json\/wp\/v2\/tags\/?post=7285"}],"curies":[{"name":"wp","href":"https:\/\/api.w.org\/{rel}","templated":true}]}}