{"id":7305,"date":"2021-11-08T09:47:21","date_gmt":"2021-11-08T09:47:21","guid":{"rendered":"https:\/\/bebe.consumer.es\/?p=7305"},"modified":"2022-09-07T20:34:21","modified_gmt":"2022-09-07T20:34:21","slug":"els-pros-i-contres-del-xumet-per-als-bebes","status":"publish","type":"post","link":"https:\/\/bebe.consumer.es\/ca\/cures-generals-i-prevencio\/els-pros-i-contres-del-xumet-per-als-bebes\/","title":{"rendered":"Els pros i contres del xumet per als beb\u00e8s"},"content":{"rendered":"<span class=\"span-reading-time rt-reading-time\" style=\"display: block;\"><span class=\"rt-label rt-prefix\"><\/span> <span class=\"rt-time\"> 3<\/span> <span class=\"rt-label rt-postfix\">min.<\/span><\/span>\n<p>L&#8221;\u00fas del xumet est\u00e0 molt arrelat en la nostra societat, ja que calma al beb\u00e8, apaivaga el seu plor, i a vegades ajuda al fet que s\u2019adormi. No obstant aix\u00f2, el seu \u00fas \u00e9s motiu de controv\u00e8rsia fins i tot entre professionals i hi ha multitud d\u2019informaci\u00f3 tant a favor com en contra de la seva utilitzaci\u00f3. <\/p>\n\n\n\n<p>Un xumet \u00e9s b\u00e0sicament un mugr\u00f3 de silicona perqu\u00e8 el beb\u00e8 el xucli. I \u00e9s que el reflex de succi\u00f3 \u00e9s un moviment innat en el<a href=\"https:\/\/bebe.consumer.es\/desarrollo-psicomotor-y-emocional\/recien-nacido\/\" target=\"_blank\" rel=\"noreferrer noopener\"> nounat<\/a>. Des que estan en l\u2019\u00fater, els beb\u00e8s es xuclen els dits com a entrenament per a l\u2019alimentaci\u00f3 <a href=\"https:\/\/bebe.consumer.es\/alimentacion\/inicio-alimentacion-complementaria\/\" target=\"_blank\" rel=\"noreferrer noopener\"><\/a> i perqu\u00e8 els relaxa.<\/p>\n\n\n\n<h2 class=\"wp-block-heading\"><strong>Punts negatius del xumet en beb\u00e8s<\/strong><\/h2>\n\n\n\n<p>A m\u00e9s d\u2019extreure la llet del pit matern o de la tetina del biber\u00f3, la succi\u00f3 \u00e9s un mecanisme d\u2019alimentaci\u00f3 que tamb\u00e9 ajuda al beb\u00e8 a tranquil\u00b7litzar-se i li aporta consol. Per aix\u00f2 molts nens i nenes passen tantes hores al pit, o demanden un xumet o usen el seu propi dit per a succionar. El risc que el beb\u00e8 succioni el seu dit o el xumet \u00e9s que, conforme la seva boca es va desenvolupant, aquesta pot deformar-se. Per aix\u00f2 \u00e9s important que aquest h\u00e0bit no es prolongui en el temps.<\/p>\n\n\n\n<h2 class=\"wp-block-heading\"><strong>Quan posar el xumet al nounat<\/strong><\/h2>\n\n\n\n<p>El xumet en els nounats alletats <a href=\"https:\/\/www.aeped.es\/sites\/default\/files\/documentos\/201103-chupete-lactancia.pdf\" target=\"_blank\" rel=\"noreferrer noopener nofollow\">ha d\u2019evitar-se durant els primers dies de vida<\/a>. \u00c9s convenient que no substitueixi les preses de pit perqu\u00e8 res interfereixi en <a href=\"https:\/\/bebe.consumer.es\/alimentacion\/tecnicas-posturas-lactancia\/\" target=\"_blank\" rel=\"noreferrer noopener\">l&#8221;agarri<\/a> i la succi\u00f3 necess\u00e0ria per a extreure la llet, igual que pot oc\u00f3rrer amb la tetina del biber\u00f3. Una vegada que la lact\u00e0ncia materna est\u00e0 establerta, entorn del primer mes de vida, i si el guany de pes <a href=\"https:\/\/bebe.consumer.es\/cuidados-generales-y-prevencion\/peso\/\" target=\"_blank\" rel=\"noreferrer noopener\"><\/a> \u00e9s correcta, podeu oferir-li el xumet al beb\u00e8.  <\/p>\n\n\n\n<p><strong>Als nounats alimentats amb <a href=\"https:\/\/bebe.consumer.es\/alimentacion\/leche-de-formula\/\" target=\"_blank\" rel=\"noreferrer noopener\">llet de f\u00f3rmula<\/a> de manera exclusiva, podeu donar-li el xumet <\/strong>des dels primers dies de vida. <\/p>\n\n\n\n<h2 class=\"wp-block-heading\"><strong>Pros de l\u2019\u00fas del xumet<\/strong><\/h2>\n\n\n\n<p><a href=\"https:\/\/enfamilia.aeped.es\/edades-etapas\/chupete-proteccion-muerte-subita-lactante\" target=\"_blank\" rel=\"noreferrer noopener nofollow\">L&#8217;\u00fas de xumet<\/a> en beb\u00e8s a l\u2019hora de dormir \u00e9s un dels factors protectors de la s\u00edndrome de la mort sobtada del lactant (<a href=\"https:\/\/bebe.consumer.es\/salud\/muerte-subita\/\" target=\"_blank\" rel=\"noreferrer noopener\">SMSL<\/a>), al costat d\u2019altres recomanacions com col\u00b7locar al beb\u00e8 boca amunt, evitar abrigallar-lo excessivament o que el seu matal\u00e0s no sigui massa tou.<\/p>\n\n\n\n<figure class=\"wp-block-image size-large\"><img loading=\"lazy\" decoding=\"async\" width=\"1024\" height=\"683\" src=\"https:\/\/bebe.consumer.es\/wp-content\/uploads\/Chupete-1024x683.jpg\" alt=\"Beb\u00e9 durmiendo con chupete\" class=\"wp-image-5771\" srcset=\"https:\/\/bebe.consumer.es\/wp-content\/uploads\/Chupete-1024x683.jpg 1024w, https:\/\/bebe.consumer.es\/wp-content\/uploads\/Chupete-300x200.jpg 300w, https:\/\/bebe.consumer.es\/wp-content\/uploads\/Chupete-768x513.jpg 768w, https:\/\/bebe.consumer.es\/wp-content\/uploads\/Chupete-1536x1025.jpg 1536w, https:\/\/bebe.consumer.es\/wp-content\/uploads\/Chupete-2048x1367.jpg 2048w\" sizes=\"auto, (max-width: 1024px) 100vw, 1024px\" \/><\/figure>\n\n\n\n<p><\/p>\n\n\n\n<p>Si mentre dorm, al beb\u00e8 li cau el xumet, no \u00e9s necessari que torneu a posar-l&#8217;hi. I per descomptat mai s\u2019ha d\u2019untar en solucions dolces.<\/p>\n\n\n\n<h2 class=\"wp-block-heading\"><strong>Millor moment per a retirar el xumet<\/strong><\/h2>\n\n\n\n<p>Per norma general, l\u2019\u00fas de xumet hauria de reduir-se a moments puntuals, com l\u2019hora de dormir, com a m\u00e8tode analg\u00e8sic no farmacol\u00f2gic (si no teniu l\u2019opci\u00f3 de donar-li el pit) o si el beb\u00e8 est\u00e0 intranquil o ansi\u00f3s. <\/p>\n\n\n\n<p>Es recomana que entre el primer any d\u2019edat i els dos anys inicieu una retirada gradual del xumet. La protecci\u00f3 davant la s\u00edndrome de mort sobtada del lactant que li ofereix la succi\u00f3 durant el somni ja no \u00e9s necess\u00e0ria quan compleixen un any de vida, ja que el SMSL \u00e9s excepcional arribats a aquesta edat.<\/p>\n\n\n\n<p>A partir dels dos anys augmenta considerablement el risc de problemes dentals associats a l\u2019\u00fas de xumets i tetines, per la qual cosa el seu \u00fas <a href=\"https:\/\/enfamilia.aeped.es\/edades-etapas\/chupete\" target=\"_blank\" rel=\"noreferrer noopener nofollow\">no hauria de prolongar-se m\u00e9s enll\u00e0 d\u2019aquesta edat<\/a>. <\/p>\n\n\n\n<h2 class=\"wp-block-heading\"><strong>El millor tipus de xumet per al beb\u00e8<\/strong><\/h2>\n\n\n\n<p>El millor xumet per al vostre beb\u00e8 ser\u00e0 el m\u00e9s petit i anat\u00f2mic (pla) possible. \u00c9s interessant saber que un xumet de grand\u00e0ria petita pot utilitzar-se sempre i no ser\u00e0 necessari anar canviant la grand\u00e0ria conforme el beb\u00e8 creixi, ja que <strong>com menys espai ocupi en la boca, menor capacitat tindr\u00e0 per a deformar-la.<\/strong><\/p>\n\n\n\n<p>A m\u00e9s, heu de vigilar que l\u2019\u00fas sigui el correcte: que no estigui trencat, que no pugui separar-se en peces petites i no col\u00b7locar-ho amb una cadena o cinta llarga, ja que el beb\u00e8 podria <a href=\"https:\/\/bebe.consumer.es\/primeros-auxilios\/asfixia-por-atragantamiento\/\" target=\"_blank\" rel=\"noreferrer noopener\">asfixiar-se<\/a> o escanyar-se. \u00c9s important que no ho fixeu tampoc a la roba amb imperdibles, perqu\u00e8 tamb\u00e9 s\u00f3n perillosos per al beb\u00e8.<\/p>\n\n\n\n<h2 class=\"wp-block-heading\"><strong>Precaucions i preguntes freq\u00fcents<\/strong><\/h2>\n\n\n\n<p>A m\u00e9s dels punts negatius del <a href=\"https:\/\/faros.hsjdbcn.org\/es\/articulo\/chupete-bueno-malo-bebe-pros-contras\" target=\"_blank\" rel=\"noreferrer noopener nofollow\">xumet en beb\u00e8s<\/a> (com \u00e9s el risc a deformitats en la boca), altres preguntes freq\u00fcents sobre el seu \u00fas fan refer\u00e8ncia a les precaucions que heu de prendre perqu\u00e8 sigui segur:<\/p>\n\n\n\n<ul class=\"wp-block-list\"><li>\u00c9s important <strong>que trieu un xumet que compleixi la normativa.<\/strong><\/li><li>Es recomana <strong>renovar el xumet sovint<\/strong>, tan aviat com quan comenci a estar desgastat.<\/li><li><strong>No \u00e9s necessari esterilitzar el xumet.<\/strong> S\u2019aconsella que el renteu de manera freq\u00fcent amb aigua i sab\u00f3. <\/li><li><strong>No heu d\u2019utilitzar-ho per a donar aliment ni mullar-ho en cap l\u00edquid.<\/strong> Aix\u00f2 implicaria el risc de mals h\u00e0bits nutritius i l\u2019aparici\u00f3 de <a href=\"https:\/\/bebe.consumer.es\/cuidados-generales-y-prevencion\/higiene-bucal-ninos\/\" target=\"_blank\" rel=\"noreferrer noopener\" title=\"\">c\u00e0ries de la primera inf\u00e0ncia<\/a>. <br><\/li><\/ul>\n\n\n\n<p><\/p>\n","protected":false},"excerpt":{"rendered":"<p><span class=\"span-reading-time rt-reading-time\" style=\"display: block;\"><span class=\"rt-label rt-prefix\"><\/span> <span class=\"rt-time\"> 3<\/span> <span class=\"rt-label rt-postfix\">min.<\/span><\/span><\/p>\n","protected":false},"author":2,"featured_media":8671,"comment_status":"closed","ping_status":"closed","sticky":false,"template":"","format":"standard","meta":{"footnotes":""},"categories":[195],"tags":[200,208,209,210,211,212,284,293,321,326,371],"class_list":["post-7305","post","type-post","status-publish","format-standard","has-post-thumbnail","hentry","category-cures-generals-i-prevencio","tag-18-mesos","tag-0-3-mesos","tag-12-18-mesos","tag-3-6-mesos","tag-6-9-mesos","tag-9-12-mesos","tag-cures","tag-dents","tag-higiene-ca","tag-lactancia-ca","tag-nounat","infinite-scroll-item","generate-columns","tablet-grid-50","mobile-grid-100","grid-parent","grid-33"],"acf":[],"aioseo_notices":[],"_links":{"self":[{"href":"https:\/\/bebe.consumer.es\/ca\/wp-json\/wp\/v2\/posts\/7305\/"}],"collection":[{"href":"https:\/\/bebe.consumer.es\/ca\/wp-json\/wp\/v2\/posts\/"}],"about":[{"href":"https:\/\/bebe.consumer.es\/ca\/wp-json\/wp\/v2\/types\/post\/"}],"author":[{"embeddable":true,"href":"https:\/\/bebe.consumer.es\/ca\/wp-json\/wp\/v2\/users\/2\/"}],"replies":[{"embeddable":true,"href":"https:\/\/bebe.consumer.es\/ca\/wp-json\/wp\/v2\/comments\/?post=7305"}],"version-history":[{"count":5,"href":"https:\/\/bebe.consumer.es\/ca\/wp-json\/wp\/v2\/posts\/7305\/revisions\/"}],"predecessor-version":[{"id":9051,"href":"https:\/\/bebe.consumer.es\/ca\/wp-json\/wp\/v2\/posts\/7305\/revisions\/9051\/"}],"wp:featuredmedia":[{"embeddable":true,"href":"https:\/\/bebe.consumer.es\/ca\/wp-json\/wp\/v2\/media\/8671\/"}],"wp:attachment":[{"href":"https:\/\/bebe.consumer.es\/ca\/wp-json\/wp\/v2\/media\/?parent=7305"}],"wp:term":[{"taxonomy":"category","embeddable":true,"href":"https:\/\/bebe.consumer.es\/ca\/wp-json\/wp\/v2\/categories\/?post=7305"},{"taxonomy":"post_tag","embeddable":true,"href":"https:\/\/bebe.consumer.es\/ca\/wp-json\/wp\/v2\/tags\/?post=7305"}],"curies":[{"name":"wp","href":"https:\/\/api.w.org\/{rel}","templated":true}]}}