{"id":7311,"date":"2021-11-07T09:55:09","date_gmt":"2021-11-07T09:55:09","guid":{"rendered":"https:\/\/bebe.consumer.es\/?p=7311"},"modified":"2022-06-16T08:24:09","modified_gmt":"2022-06-16T08:24:09","slug":"com-ajudar-al-fet-que-el-bebe-dormi-millor","status":"publish","type":"post","link":"https:\/\/bebe.consumer.es\/ca\/cures-generals-i-prevencio\/com-ajudar-al-fet-que-el-bebe-dormi-millor\/","title":{"rendered":"Com ajudar al fet que el beb\u00e8 dormi millor"},"content":{"rendered":"<span class=\"span-reading-time rt-reading-time\" style=\"display: block;\"><span class=\"rt-label rt-prefix\"><\/span> <span class=\"rt-time\"> 5<\/span> <span class=\"rt-label rt-postfix\">min.<\/span><\/span>\n<p>El somni en els beb\u00e8s i nens \u00e9s diferent al somni dels adults. Els nounats tenen un ritme ultradiano (no est\u00e0 sincronitzat amb la llum solar), per la qual cosa <strong>alternen per\u00edodes de somni, alimentaci\u00f3 i vig\u00edlia <\/strong>independentment de si \u00e9s de dia o \u00e9s de nit. Progressivament, aquest ritme biol\u00f2gic es va adaptant i, entorn dels quatre mesos d\u2019edat, comencen a adoptar el ritme circadiari (distingeixen el dia de la nit). Per\u00f2 aix\u00f2, ara com ara, solament significa que passaran m\u00e9s temps desperts mentre hi hagi llum solar, i no sempre es tradueix en nits senceres dormint sense despertar-se.<\/p>\n\n\n\n<h2 class=\"wp-block-heading\"><strong>Quant ha de dormir el beb\u00e8 segons la seva edat?<\/strong><\/h2>\n\n\n\n<p>No existeix un patr\u00f3 de somni com\u00fa per a tots els beb\u00e8s segons la seva edat, solament algunes estimacions generals. Dependr\u00e0 de cada nen o nena que dormin m\u00e9s o menys hores al dia, i de forma m\u00e9s continuada o amb nombroses interrupcions.<\/p>\n\n\n\n<h2 class=\"wp-block-heading\"><strong>Hores recomanades de somni per a un nounat<\/strong><\/h2>\n\n\n\n<p>Durant el primer mes de vida, els beb\u00e8s dormen una mitjana de <strong><a href=\"https:\/\/www.sleepfoundation.org\/baby-sleep\" target=\"_blank\" rel=\"noreferrer noopener nofollow\">14 a 17 hores di\u00e0ries<\/a><\/strong>, amb varis despertessis per a menjar. Aix\u00f2 ser\u00e0 aix\u00ed, aproximadament, fins als <a href=\"https:\/\/bebe.consumer.es\/desarrollo-psicomotor-y-emocional\/bebe-3-meses\/\" target=\"_blank\" rel=\"noreferrer noopener\">tres mesos d\u2019edat<\/a>. Conforme passa el temps, la necessitat d\u2019hores de somni del beb\u00e8 anir\u00e0 disminuint i a m\u00e9s comen\u00e7a a interactuar amb el seu entorn i la seva fam\u00edlia. <\/p>\n\n\n\n<h2 class=\"wp-block-heading\"><strong>Quantes hores dormen els beb\u00e8s entre els tres i els sis mesos d\u2019edat<\/strong><\/h2>\n\n\n\n<p>Arribats a aquest moment, notareu que el patr\u00f3 de somni del vostre beb\u00e8 es modifica. A m\u00e9s de passar m\u00e9s temps despert durant el dia, es redueix el nombre total d\u2019hores de somni (de 15 a 12 hores di\u00e0ries aproximadament). Els despertessis nocturns continuaran sent habituals i normals en molts dels beb\u00e8s, encara que alguns ja comencen a dormir m\u00e9s hores de forma continuada i a demandar menys aliment a la nit.<\/p>\n\n\n\n<h2 class=\"wp-block-heading\"><strong>A partir dels sis mesos <\/strong><\/h2>\n\n\n\n<p>L&#8221;activitat di\u00e0ria als sis mesos d\u2019edat \u00e9s m\u00e9s significativa, i ja dormen la major part del temps a les nits, amb algunes migdiades m\u00e9s o menys breus durant el dia. <strong>Entre els <a href=\"https:\/\/bebe.consumer.es\/desarrollo-psicomotor-y-emocional\/bebe-9-a-12-meses\/\" target=\"_blank\" rel=\"noreferrer noopener\">9 i els 15 mesos<\/a> els beb\u00e8s solen fer 2 migdiades di\u00fcrnes<\/strong> i, a partir d\u2019aquesta edat, quedar\u00e0<strong> una migdiada di\u00fcrna que sol mantenir-se fins als <a href=\"https:\/\/bebe.consumer.es\/desarrollo-psicomotor-y-emocional\/bebe-24-a-36-meses\/\" target=\"_blank\" rel=\"noreferrer noopener\">3-4 anys d\u2019edat.<\/a> <\/strong><\/p>\n\n\n\n<h2 class=\"wp-block-heading\"><strong>Les finestres de somni <\/strong><\/h2>\n\n\n\n<p>L&#8221;espai entre les migdiades d\u2019un beb\u00e8, els moments de vig\u00edlia, es coneix com a finestres de somni. Encara que varien molt entre un beb\u00e8 i un altre, con\u00e8ixer-les us pot ajudar a acompanyar al vostre beb\u00e8 en la inducci\u00f3 del somni i aix\u00ed facilitar una rutina de migdiades i de somni nocturn. I \u00e9s que, si espereu que estigui massa cansat perqu\u00e8 dormi, pot ser que li resulti m\u00e9s complicat agafar el son.<\/p>\n\n\n\n<ul class=\"wp-block-list\"><li>Els beb\u00e8s nounats, i fins als dos mesos d\u2019edat, solen poder passar entre 45 minuts i 1 hora desperts entre somni i somni. <\/li><li>Dels dos als quatre mesos, aquest temps augmenta fins a una 1 hora o 2 hores aproximadament.<\/li><li>Entre els quatre i els sis mesos d\u2019edat, ja poden estar desperts des d\u20191 hora i mitja fins a 2 hores i mitja.<\/li><li>Dels sis als nou mesos, el temps que solen romandre desperts entre migdiades arriba fins a les 2 hores i 30 minuts.<\/li><li>Entorn del primer any de vida, ja \u00e9s habitual que puguin passar desperts 4 hores entre migdiades.<\/li><\/ul>\n\n\n\n<p>Encara que aquests horaris s\u00f3n aproximats, podeu observar al vostre beb\u00e8 per a con\u00e8ixer els seus senyals de cansament (es frega els ulls o les orelles, badalla, sembla una cosa m\u00e9s irritada, etc.) i aprofitar aquest moment per a intentar que s\u2019adormi.<\/p>\n\n\n\n<h2 class=\"wp-block-heading\"><strong>On ha de dormir el nounat <\/strong><\/h2>\n\n\n\n<p>La decisi\u00f3 d\u2019on ha de dormir el beb\u00e8 parteix de les necessitats i prefer\u00e8ncies de cada fam\u00edlia. Les opcions es resumeixen en: <\/p>\n\n\n\n<ul class=\"wp-block-list\"><li>un bressol independent, <\/li><li>un bressol de llit familiar (pegada al llit) o <\/li><li>directament compartint llit amb vosaltres. <\/li><\/ul>\n\n\n\n<p><strong><a href=\"https:\/\/bebe.consumer.es\/crianza\/colecho-bebe\/\" target=\"_blank\" rel=\"noreferrer noopener\">El llit familiar <\/a>\u00e9s un costum ancestral <\/strong>i est\u00e0 molt arrelada en moltes cultures del m\u00f3n. I encara que en \u00faltim segle, en el m\u00f3n occidental, hi ha hagut m\u00e9s tradici\u00f3 que el beb\u00e8 dormi en el seu bressol, \u00e9s destacable recordar que <strong>el contacte f\u00edsic afavoreix la <a href=\"https:\/\/bebe.consumer.es\/alimentacion\/tecnicas-posturas-lactancia\/\" target=\"_blank\" rel=\"noreferrer noopener\">lact\u00e0ncia materna<\/a> i la vinculaci\u00f3 afectiva amb el beb\u00e8.<\/strong> A m\u00e9s, pot ajudar al fet que els despertessis del beb\u00e8 siguin, si no menys freq\u00fcents, s\u00ed menys intensos.<\/p>\n\n\n\n<figure class=\"wp-block-image size-full\"><img loading=\"lazy\" decoding=\"async\" width=\"1000\" height=\"667\" src=\"https:\/\/bebe.consumer.es\/wp-content\/uploads\/colecho-2.jpg\" alt=\"Colecho\" class=\"wp-image-8394\" srcset=\"https:\/\/bebe.consumer.es\/wp-content\/uploads\/colecho-2.jpg 1000w, https:\/\/bebe.consumer.es\/wp-content\/uploads\/colecho-2-300x200.jpg 300w, https:\/\/bebe.consumer.es\/wp-content\/uploads\/colecho-2-768x512.jpg 768w\" sizes=\"auto, (max-width: 1000px) 100vw, 1000px\" \/><\/figure>\n\n\n\n<p><\/p>\n\n\n\n<h2 class=\"wp-block-heading\"><strong>En la mateixa habitaci\u00f3<\/strong><\/h2>\n\n\n\n<p>En general, <strong>durant el primer any de vida \u00e9s recomanable que el beb\u00e8 dormi en la mateixa habitaci\u00f3 que vosaltres i vosaltres <\/strong>(en el seu bressol, en un bressol de llit familiar o en el vostre llit).<\/p>\n\n\n\n<p>Quan cregueu que ha arribat el moment que dormi en una habitaci\u00f3 independent, si no espereu que el decideixi el nen o la nena per si mateix, podeu fer el trasllat. Si el canvi no resulta b\u00e9 i dormiu tots pitjor, sempre podeu tornar a incloure-ho en la vostra mateixa habitaci\u00f3. <\/p>\n\n\n\n<h2 class=\"wp-block-heading\"><strong>H\u00e0bits a l\u2019hora de ficar-se al llit: com induir el somni a un beb\u00e8 <\/strong><\/h2>\n\n\n\n<p>Excepte casos excepcionals, tots els nens acaben tard o primerenc dormint sols i almenys vuit hores seguides. Per\u00f2 heu d\u2019entendre les necessitats dels beb\u00e8s i ajustar les vostres expectatives al nou membre de la fam\u00edlia. Que un beb\u00e8 dormi en hores diferents a les vostres o <strong>que tingui varis despertessis nocturns, pot no ser un problema de somni del beb\u00e8<\/strong>, sin\u00f3 un problema d\u2019incompatibilitat amb els vostres horaris i necessitats de descans adult. <\/p>\n\n\n\n<p>Per a <strong>ajudar a la maduraci\u00f3 del somni infantil <\/strong>s\u00f3n aconsellables les <strong>recomanacions<\/strong> que s\u2019inclouen en el que es coneix com a <strong>higiene del somni<\/strong>: <\/p>\n\n\n\n<ul class=\"wp-block-list\"><li>intentar portar uns horaris de somni ordenats, acoblats als ritmes llum i foscor, <\/li><li>ordenar els horaris d\u2019alimentaci\u00f3, <\/li><li>regular l\u2019exposici\u00f3 a la <a href=\"https:\/\/bebe.consumer.es\/cuidados-generales-y-prevencion\/sol\/\" target=\"_blank\" rel=\"noreferrer noopener\">llum solar<\/a> i a les <a href=\"https:\/\/bebe.consumer.es\/crianza\/uso-pantallas\/\" target=\"_blank\" rel=\"noreferrer noopener\">pantalles<\/a>. <\/li><li>De nit la llar ha d\u2019estar m\u00e9s calmat, silenci\u00f3s, amb llum t\u00e8nue o foscor.<\/li><li>D&#8221;altra banda, les rutines com <a href=\"https:\/\/bebe.consumer.es\/cuidados-generales-y-prevencion\/bano\/\" target=\"_blank\" rel=\"noreferrer noopener\">el bany<\/a>, el moment del joc o el conte pr\u00e8viament a l\u2019hora de dormir, us poden ajudar a establir <a href=\"https:\/\/faros.hsjdbcn.org\/es\/articulo\/como-regular-sueno-recien-nacidos\" target=\"_blank\" rel=\"noreferrer noopener nofollow\">el ritme circadiari en somni del beb\u00e8.<\/a> <\/li><\/ul>\n\n\n\n<h2 class=\"wp-block-heading\"><strong>Les millors postures per al descans del beb\u00e8<\/strong><\/h2>\n\n\n\n<p><strong>Es recomana posar als beb\u00e8s a dormir boca amunt<\/strong>, ja que aquesta postura disminueix la incid\u00e8ncia de la s\u00edndrome de<a href=\"https:\/\/bebe.consumer.es\/salud\/muerte-subita\/\" target=\"_blank\" rel=\"noreferrer noopener\"> mort sobtada del lactant<\/a>. Per\u00f2, quan estiguin desperts, s\u2019aconsella que aneu canviant la seva postura de manera freq\u00fcent. A m\u00e9s, cal posar als beb\u00e8s boca avall de tant en tant per a evitar deformitats al cap i afavorir el to i el control postural. No \u00e9s necessari forzales si no els agrada, n&#8221;hi ha prou amb portar-los en bra\u00e7os o portearles per a variar la postura.<\/p>\n\n\n\n<p>A m\u00e9s de la postura <strong><a href=\"https:\/\/sepeap.org\/19-recomendaciones-para-que-el-sueno-de-los-bebes-sea-mas-seguro\/\" target=\"_blank\" rel=\"noreferrer noopener nofollow\">hi ha altres factors a tenir en compte<\/a><\/strong>: proporcionar-li un matal\u00e0s r\u00edgid, evitar edredons i coixins, <a href=\"https:\/\/bebe.consumer.es\/cuidados-generales-y-prevencion\/abrigo\/\" target=\"_blank\" rel=\"noreferrer noopener\">no abrigar massa<\/a> al beb\u00e8, ni posar-li <a href=\"https:\/\/bebe.consumer.es\/cuidados-generales-y-prevencion\/ropa\/\" target=\"_blank\" rel=\"noreferrer noopener\">roba<\/a> o accessoris que puguin impedir que es mogui lliurement. <\/p>\n\n\n\n<h2 class=\"wp-block-heading\"><strong>Problemes en dormir<\/strong><\/h2>\n\n\n\n<p>Quan sembla que heu aconseguit una rutina que us permet descansar, pot ser que succeeixin canvis en el somni del beb\u00e8 que us descol\u00b7locin. Les crisis de somni, o regressions, no ocorren en tots els nens i nenes, per\u00f2 saber qu\u00e8 est\u00e0 passant us ajudar\u00e0 a suportar-les.<\/p>\n\n\n\n<p>Aquestes regressions duren entre dues i sis setmanes: el beb\u00e8 que abans s\u2019adormia amb facilitat i profundament, ara sembla que no vol dormir i es desperta constantment. En aquestes crisis influeixen el canvi biol\u00f2gic del somni (com succeeix entorn dels quatre mesos), l\u2019ansietat <a href=\"https:\/\/bebe.consumer.es\/crianza\/angustia-por-separacion\/\" target=\"_blank\" rel=\"noreferrer noopener\">per separaci\u00f3<\/a> (al voltant dels vuit mesos), l\u2019adquisici\u00f3 de noves inquietuds i habilitats (als <a href=\"https:\/\/bebe.consumer.es\/desarrollo-psicomotor-y-emocional\/bebe-12-a-18-meses\/\" target=\"_blank\" rel=\"noreferrer noopener\">12 mesos<\/a>, quan molts ja fan els seus primers passos), i el desig d\u2019exercir la seva independ\u00e8ncia (<a href=\"https:\/\/bebe.consumer.es\/desarrollo-psicomotor-y-emocional\/bebe-18-a-24-meses\/\" target=\"_blank\" rel=\"noreferrer noopener\">als 18 mesos<\/a>).<\/p>\n\n\n\n<p>Un altre dels problemes que poden tenir els nens i les nenes en dormir s\u00f3n els malsons o terrors nocturns. Aquests somnis agitats i angoixants es presenten amb major freq\u00fc\u00e8ncia durant l\u2019etapa preescolar, i estan molt relacionats amb la por a la foscor. Per\u00f2 poden donar-se fins i tot abans dels 3 anys.<\/p>\n\n\n\n<p>Els malsons a vegades es manifesten en \u00e8poques d\u2019estr\u00e8s o d\u2019incertesa davant els canvis, com una mudan\u00e7a o el <a href=\"https:\/\/bebe.consumer.es\/crianza\/celos-nuevo-hermano\/\" target=\"_blank\" rel=\"noreferrer noopener\">naixement d\u2019un germ\u00e0.<\/a> Per a afavorir un somni tranquil heu de mantenir, en la mesura que sigui possible, la rutina di\u00e0ria. Tamb\u00e9 \u00e9s convenient evitar pel\u00b7l\u00edcules o llibres que puguin causar-li por, sobretot abans de dormir. I, per descomptat, heu de tenir paci\u00e8ncia quan es desperti sobresaltat, tranquil\u00b7litzar-ho, definir el que ha ocorregut i calmar-ho perqu\u00e8 es torni a dormir.<\/p>\n","protected":false},"excerpt":{"rendered":"<p><span class=\"span-reading-time rt-reading-time\" style=\"display: block;\"><span class=\"rt-label rt-prefix\"><\/span> <span class=\"rt-time\"> 5<\/span> <span class=\"rt-label rt-postfix\">min.<\/span><\/span><\/p>\n","protected":false},"author":2,"featured_media":8390,"comment_status":"closed","ping_status":"closed","sticky":false,"template":"","format":"standard","meta":{"footnotes":""},"categories":[195],"tags":[200,208,209,210,211,212,284,290,296,371,221],"class_list":["post-7311","post","type-post","status-publish","format-standard","has-post-thumbnail","hentry","category-cures-generals-i-prevencio","tag-18-mesos","tag-0-3-mesos","tag-12-18-mesos","tag-3-6-mesos","tag-6-9-mesos","tag-9-12-mesos","tag-cures","tag-desenvolupament-infantil","tag-dormir-ca","tag-nounat","tag-son","infinite-scroll-item","generate-columns","tablet-grid-50","mobile-grid-100","grid-parent","grid-33"],"acf":[],"aioseo_notices":[],"_links":{"self":[{"href":"https:\/\/bebe.consumer.es\/ca\/wp-json\/wp\/v2\/posts\/7311\/"}],"collection":[{"href":"https:\/\/bebe.consumer.es\/ca\/wp-json\/wp\/v2\/posts\/"}],"about":[{"href":"https:\/\/bebe.consumer.es\/ca\/wp-json\/wp\/v2\/types\/post\/"}],"author":[{"embeddable":true,"href":"https:\/\/bebe.consumer.es\/ca\/wp-json\/wp\/v2\/users\/2\/"}],"replies":[{"embeddable":true,"href":"https:\/\/bebe.consumer.es\/ca\/wp-json\/wp\/v2\/comments\/?post=7311"}],"version-history":[{"count":3,"href":"https:\/\/bebe.consumer.es\/ca\/wp-json\/wp\/v2\/posts\/7311\/revisions\/"}],"predecessor-version":[{"id":8398,"href":"https:\/\/bebe.consumer.es\/ca\/wp-json\/wp\/v2\/posts\/7311\/revisions\/8398\/"}],"wp:featuredmedia":[{"embeddable":true,"href":"https:\/\/bebe.consumer.es\/ca\/wp-json\/wp\/v2\/media\/8390\/"}],"wp:attachment":[{"href":"https:\/\/bebe.consumer.es\/ca\/wp-json\/wp\/v2\/media\/?parent=7311"}],"wp:term":[{"taxonomy":"category","embeddable":true,"href":"https:\/\/bebe.consumer.es\/ca\/wp-json\/wp\/v2\/categories\/?post=7311"},{"taxonomy":"post_tag","embeddable":true,"href":"https:\/\/bebe.consumer.es\/ca\/wp-json\/wp\/v2\/tags\/?post=7311"}],"curies":[{"name":"wp","href":"https:\/\/api.w.org\/{rel}","templated":true}]}}