{"id":7316,"date":"2021-11-06T10:00:52","date_gmt":"2021-11-06T10:00:52","guid":{"rendered":"https:\/\/bebe.consumer.es\/?p=7316"},"modified":"2022-09-07T21:06:38","modified_gmt":"2022-09-07T21:06:38","slug":"cinc-mites-sobre-la-cura-dels-bebes","status":"publish","type":"post","link":"https:\/\/bebe.consumer.es\/ca\/cures-generals-i-prevencio\/cinc-mites-sobre-la-cura-dels-bebes\/","title":{"rendered":"Cinc mites sobre la cura dels beb\u00e8s"},"content":{"rendered":"<span class=\"span-reading-time rt-reading-time\" style=\"display: block;\"><span class=\"rt-label rt-prefix\"><\/span> <span class=\"rt-time\"> 2<\/span> <span class=\"rt-label rt-postfix\">min.<\/span><\/span>\n<p>Criar i cuidar d\u2019un nen o beb\u00e8 no \u00e9s una tasca senzilla. La crian\u00e7a est\u00e0 repleta de dubtes i, en diverses ocasions, \u00e9s comuna que us deixeu guiar per alguns consells que corren per Internet o que passen de boca a boca, sense q\u00fcestionar qu\u00e8 hi ha de veritat en ells. <\/p>\n\n\n\n<p>Amb aquest article, <strong>aprendreu 5 dels mites sobre la cura dels beb\u00e8s m\u00e9s estesos<\/strong>:<\/p>\n\n\n\n<ol class=\"wp-block-list\"><li><strong><a href=\"https:\/\/enfamilia.aeped.es\/temas-salud\/dientes-en-ninos\" target=\"_blank\" rel=\"noreferrer noopener nofollow\">La sortida de les dents originen febre.<\/a><\/strong> Fals. Pr\u00e0cticament tot el que li ocorre al beb\u00e8 a partir dels 6 mesos acaba atribuint-se sense cap evid\u00e8ncia a les <a href=\"https:\/\/bebe.consumer.es\/cuidados-generales-y-prevencion\/higiene-bucal-ninos\/\" target=\"_blank\" rel=\"noreferrer noopener\" title=\"dents\">dents<\/a><strong>. La realitat \u00e9s que molts beb\u00e8s veuran apar\u00e8ixer les seves dents sense tenir absolutament cap s\u00edmptoma. En altres casos, poden tenir mol\u00e8sties, dolor i ganes de mossegar o d\u2019estr\u00e8nyer. <\/strong>No obstant aix\u00f2, la febre mai ser\u00e0 causada per la sortida de les dents. Si el beb\u00e8 t\u00e9 febre, cal buscar un altre motiu. <\/li><\/ol>\n\n\n\n<ol class=\"wp-block-list\" start=\"2\"><li><strong><a href=\"https:\/\/www.analesdepediatria.org\/es-recomendaciones-el-cuidado-del-cordon-articulo-S1695403319300700\" target=\"_blank\" rel=\"noreferrer noopener nofollow\">El cord\u00f3 umbilical no es pot mullar.<\/a><\/strong> Fals. El cord\u00f3 umbilical \u00e9s el conducte que, en l\u2019\u00fater, connecta al fetus amb la placenta de la seva mare. En n\u00e9ixer \u00e9s tallat, permetent al nounat respirar per si mateix. Quedar\u00e0 un mony\u00f3 que s\u2019anir\u00e0 assecant fins a caure&#8221;s, donant lloc al melic del beb\u00e8<strong>. El <a href=\"https:\/\/bebe.consumer.es\/cuidados-generales-y-prevencion\/ombligo\/\" target=\"_blank\" rel=\"noreferrer noopener\">cord\u00f3<\/a> ha d\u2019estar sempre sec i net per a afavorir la seva caiguda i evitar que s\u2019infecti. No obstant aix\u00f2, per a mantenir-ho net podeu mullar-ho sense problema durant el bany del beb\u00e8. Aix\u00f2 s\u00ed, en acabar, deixareu la zona esbandida i b\u00e9 seca. <\/strong><\/li><\/ol>\n\n\n\n<ol class=\"wp-block-list\" start=\"3\"><li><strong><a href=\"https:\/\/enfamilia.aeped.es\/vida-sana\/leche-no-produce-mocos\" target=\"_blank\" rel=\"noreferrer noopener nofollow\">La llet de vaca provoca mocs.<\/a><\/strong> Fals. \u00c9s un mite molt est\u00e8s, per\u00f2 no existeix cap estudi cient\u00edfic rigor\u00f3s que hagi pogut arribar a aquesta conclusi\u00f3. L<strong>a llet de vaca t\u00e9 propietats que s\u00f3n molt beneficioses en <a href=\"https:\/\/bebe.consumer.es\/alimentacion\/ninos-1-a-3-anos\/\" target=\"_blank\" rel=\"noreferrer noopener\" title=\"l\u2019alimentaci\u00f3\">l\u2019alimentaci\u00f3<\/a>. Aix\u00ed que el fet de tenir mocs, bronquitis o qualsevol problema respiratori, no hauria de ser una indicaci\u00f3 per a retirar la llet de la dieta. Si creieu que el vostre fill pot tenir al\u00b7l\u00e8rgia o intoler\u00e0ncia a la lactosa, no dubteu a acudir a l\u2019especialista.<\/strong><\/li><\/ol>\n\n\n\n<ol class=\"wp-block-list\" start=\"4\"><li><strong><a href=\"https:\/\/enfamilia.aeped.es\/temas-salud\/que-hacer-cuando-nino-tiene-fiebre\" target=\"_blank\" rel=\"noreferrer noopener nofollow\">La febre alta ha de tractar-se amb antibi\u00f2tics.<\/a><\/strong> Fals. La<a href=\"https:\/\/bebe.consumer.es\/salud\/fiebre\/\" target=\"_blank\" rel=\"noreferrer noopener\"> febre<\/a> en els nens \u00e9s causada en un alt percentatge de casos per infeccions v\u00edriques, per la qual cosa no necessiten tractament antibi\u00f2tic. A m\u00e9s, <strong>el grau de temperatura no indica gravetat: \u00e9s a dir, malalties banals poden originar febre alta i al contrari, infeccions molt greus no sempre cursen amb febre elevada.<\/strong> Davant la febre, sempre \u00e9s necessari que avalueu l\u2019estat general del beb\u00e8 o nen, que determineu quins s\u00edmptomes l\u2019acompanyen i descarteu signes d\u2019alarma com la pres\u00e8ncia de pet\u00e8quies (taques de color vermell, marr\u00f3 o porpra) o la tend\u00e8ncia a la somnol\u00e8ncia. A m\u00e9s, en beb\u00e8s de pocs mesos, si la febre persisteix o si hi ha algun altre s\u00edmptoma, heu de consultar amb el pediatre.<\/li><\/ol>\n\n\n\n<figure class=\"wp-block-image size-full\"><img loading=\"lazy\" decoding=\"async\" width=\"1000\" height=\"666\" src=\"https:\/\/bebe.consumer.es\/wp-content\/uploads\/Padrejugando.jpg\" alt=\"Mitos cuidados\" class=\"wp-image-8383\" srcset=\"https:\/\/bebe.consumer.es\/wp-content\/uploads\/Padrejugando.jpg 1000w, https:\/\/bebe.consumer.es\/wp-content\/uploads\/Padrejugando-300x200.jpg 300w, https:\/\/bebe.consumer.es\/wp-content\/uploads\/Padrejugando-768x511.jpg 768w\" sizes=\"auto, (max-width: 1000px) 100vw, 1000px\" \/><\/figure>\n\n\n\n<p><\/p>\n\n\n\n<ol class=\"wp-block-list\" start=\"5\"><li><strong><a href=\"https:\/\/enfamilia.aeped.es\/vida-sana\/juego-juguetes\" target=\"_blank\" rel=\"noreferrer noopener nofollow\">Jugar \u00e9s divertit, per\u00f2 no serveix per a aprendre.<\/a><\/strong> Fals. Els beb\u00e8s i nens exploren el m\u00f3n, tenen relacions socials i desenvolupen el seu cervell amb el joc. <strong>Establir rutines on el joc sigui part del dia a dia i deixar-los espai per al joc lliure, no planificat, \u00e9s necessari per al seu desenvolupament psicomotor i emocional.<\/strong>Penseu en el joc com a diversi\u00f3, no el plantegeu amb grans objectius d\u2019estimulaci\u00f3, ja que igualment les seves neurones s\u2019estimularan davant aquesta diversi\u00f3.<\/li><\/ol>\n","protected":false},"excerpt":{"rendered":"<p><span class=\"span-reading-time rt-reading-time\" style=\"display: block;\"><span class=\"rt-label rt-prefix\"><\/span> <span class=\"rt-time\"> 2<\/span> <span class=\"rt-label rt-postfix\">min.<\/span><\/span><\/p>\n","protected":false},"author":2,"featured_media":8379,"comment_status":"closed","ping_status":"closed","sticky":false,"template":"","format":"standard","meta":{"footnotes":""},"categories":[195],"tags":[200,208,209,210,211,212,215,284,312,321,371],"class_list":["post-7316","post","type-post","status-publish","format-standard","has-post-thumbnail","hentry","category-cures-generals-i-prevencio","tag-18-mesos","tag-0-3-mesos","tag-12-18-mesos","tag-3-6-mesos","tag-6-9-mesos","tag-9-12-mesos","tag-alimentacio-ca","tag-cures","tag-febre","tag-higiene-ca","tag-nounat","infinite-scroll-item","generate-columns","tablet-grid-50","mobile-grid-100","grid-parent","grid-33"],"acf":[],"aioseo_notices":[],"_links":{"self":[{"href":"https:\/\/bebe.consumer.es\/ca\/wp-json\/wp\/v2\/posts\/7316\/"}],"collection":[{"href":"https:\/\/bebe.consumer.es\/ca\/wp-json\/wp\/v2\/posts\/"}],"about":[{"href":"https:\/\/bebe.consumer.es\/ca\/wp-json\/wp\/v2\/types\/post\/"}],"author":[{"embeddable":true,"href":"https:\/\/bebe.consumer.es\/ca\/wp-json\/wp\/v2\/users\/2\/"}],"replies":[{"embeddable":true,"href":"https:\/\/bebe.consumer.es\/ca\/wp-json\/wp\/v2\/comments\/?post=7316"}],"version-history":[{"count":6,"href":"https:\/\/bebe.consumer.es\/ca\/wp-json\/wp\/v2\/posts\/7316\/revisions\/"}],"predecessor-version":[{"id":9069,"href":"https:\/\/bebe.consumer.es\/ca\/wp-json\/wp\/v2\/posts\/7316\/revisions\/9069\/"}],"wp:featuredmedia":[{"embeddable":true,"href":"https:\/\/bebe.consumer.es\/ca\/wp-json\/wp\/v2\/media\/8379\/"}],"wp:attachment":[{"href":"https:\/\/bebe.consumer.es\/ca\/wp-json\/wp\/v2\/media\/?parent=7316"}],"wp:term":[{"taxonomy":"category","embeddable":true,"href":"https:\/\/bebe.consumer.es\/ca\/wp-json\/wp\/v2\/categories\/?post=7316"},{"taxonomy":"post_tag","embeddable":true,"href":"https:\/\/bebe.consumer.es\/ca\/wp-json\/wp\/v2\/tags\/?post=7316"}],"curies":[{"name":"wp","href":"https:\/\/api.w.org\/{rel}","templated":true}]}}