{"id":7403,"date":"2021-10-05T12:36:11","date_gmt":"2021-10-05T12:36:11","guid":{"rendered":"https:\/\/bebe.consumer.es\/?p=7403"},"modified":"2022-06-15T09:30:43","modified_gmt":"2022-06-15T09:30:43","slug":"tot-el-que-necessiteu-saber-sobre-la-llet-de-formula","status":"publish","type":"post","link":"https:\/\/bebe.consumer.es\/ca\/alimentacio\/tot-el-que-necessiteu-saber-sobre-la-llet-de-formula\/","title":{"rendered":"Tot el que necessiteu saber sobre la llet de f\u00f3rmula"},"content":{"rendered":"<span class=\"span-reading-time rt-reading-time\" style=\"display: block;\"><span class=\"rt-label rt-prefix\"><\/span> <span class=\"rt-time\"> 3<\/span> <span class=\"rt-label rt-postfix\">min.<\/span><\/span>\n<p>La llet de f\u00f3rmula o llet artificial per a beb\u00e8s \u00e9s un <strong><a href=\"https:\/\/bebe.consumer.es\/alimentacion\/preparacion-biberones\/\" target=\"_blank\" rel=\"noreferrer noopener\">preparat elaborat a partir de llet<\/a><\/strong>, habitualment de vaca, processada, a la qual s\u2019afegeixen diferents ingredients per a complir les necessitats nutricionals dels beb\u00e8s. <\/p>\n\n\n\n<p>A m\u00e9s de la llet de vaca, hi ha llet de f\u00f3rmula de llet de cabra. Tamb\u00e9 existeixen f\u00f3rmules especials a base de soia o arr\u00f2s, que s\u2019utilitzen en cas de problemes relacionats amb la toler\u00e0ncia a les prote\u00efnes de la llet de vaca o de cabra. <\/p>\n\n\n\n<h2 class=\"wp-block-heading\"><strong>Difer\u00e8ncies amb la llet materna<\/strong><\/h2>\n\n\n\n<p>Encara que <strong>llet de f\u00f3rmula i llet materna<\/strong> proporcionaran nutrients, hidrataci\u00f3 i l\u2019energia cal\u00f2rica necess\u00e0ria per al desenvolupament, qualitativament presenten algunes difer\u00e8ncies.<\/p>\n\n\n\n<p>La <strong>llet materna<\/strong> \u00e9s un l\u00edquid biol\u00f2gic, de manera que no \u00e9s solament un aliment. La seva <strong>funci\u00f3 immunit\u00e0ria<\/strong> mitjan\u00e7ant el pas d\u2019anticossos <strong>i subst\u00e0ncies protectores<\/strong> escuda als beb\u00e8s davant infeccions com les <a href=\"https:\/\/bebe.consumer.es\/salud\/vomitos-diarreas\/\" target=\"_blank\" rel=\"noreferrer noopener\">gastroenteritis<\/a> o els <a href=\"https:\/\/bebe.consumer.es\/salud\/enfermedades-mas-frecuentes\/\" target=\"_blank\" rel=\"noreferrer noopener\">refredats<\/a>. Tamb\u00e9 exerceix un factor protector sobre la <a href=\"https:\/\/bebe.consumer.es\/salud\/muerte-subita\/\" target=\"_blank\" rel=\"noreferrer noopener\">s\u00edndrome de mort sobtada del lactant<\/a>. <\/p>\n\n\n\n<p>Per a la <a href=\"https:\/\/bebe.consumer.es\/alimentacion\/cuidados-madre-lactancia\/\" target=\"_blank\" rel=\"noreferrer noopener\">mare<\/a> tamb\u00e9 disminueix el risc de <a href=\"https:\/\/scielo.isciii.es\/pdf\/nh\/v31n5\/06revision06.pdf\" target=\"_blank\" rel=\"noreferrer noopener nofollow\">malalties card\u00edaques<\/a> i alguns tipus de c\u00e0ncer, <a href=\"https:\/\/pubmed.ncbi.nlm.nih.gov\/33845843\/\" target=\"_blank\" rel=\"noreferrer noopener nofollow\">com el de mama o el d\u2019ovaris<\/a>. <\/p>\n\n\n\n<p>Les propietats de la llet materna la fan ideal perqu\u00e8 est\u00e0 <strong>especialment dissenyada per al beb\u00e8<\/strong>: s\u2019adapta 100% a les seves necessitats de creixement i nutrici\u00f3, variant de manera natural a cada moment evolutiu. A m\u00e9s, la llet materna \u00e9s m\u00e9s econ\u00f2mica, m\u00e9s c\u00f2moda.<\/p>\n\n\n\n<p>Quant a la llet de f\u00f3rmula per a beb\u00e8s, els avan\u00e7os dels laboratoris en la formulaci\u00f3 de la llet de f\u00f3rmula han perm\u00e8s <strong>millorar la qualitat d\u2019aquests productes<\/strong>, per\u00f2 mai seran iguals a la llet materna. <\/p>\n\n\n\n<h2 class=\"wp-block-heading\"><strong>Quanta llet de f\u00f3rmula ha de prendre el beb\u00e8<\/strong><\/h2>\n\n\n\n<p>Quanta <a href=\"https:\/\/bebe.consumer.es\/alimentacion\/necesidad-suplementos-lactancia\/\" target=\"_blank\" rel=\"noreferrer noopener\">quantitat de llet<\/a> i cada <a href=\"https:\/\/bebe.consumer.es\/alimentacion\/tomas-lactancia\/\" target=\"_blank\" rel=\"noreferrer noopener\">quant<\/a> ha de prendre-la el beb\u00e8, s\u00f3n dos interrogants b\u00e0sics en decidir criar amb llet de f\u00f3rmula. Les respostes s\u00f3n semblants a les que es donen en la lact\u00e0ncia materna: la lact\u00e0ncia artificial tamb\u00e9 l\u2019heu d\u2019oferir a demanda.<\/p>\n\n\n\n<figure class=\"wp-block-image size-large\"><img loading=\"lazy\" decoding=\"async\" width=\"1024\" height=\"684\" src=\"https:\/\/bebe.consumer.es\/wp-content\/uploads\/madresdandobibi-1024x684.jpg\" alt=\"Leche de formula\" class=\"wp-image-7931\" srcset=\"https:\/\/bebe.consumer.es\/wp-content\/uploads\/madresdandobibi-1024x684.jpg 1024w, https:\/\/bebe.consumer.es\/wp-content\/uploads\/madresdandobibi-300x200.jpg 300w, https:\/\/bebe.consumer.es\/wp-content\/uploads\/madresdandobibi-768x513.jpg 768w, https:\/\/bebe.consumer.es\/wp-content\/uploads\/madresdandobibi-1536x1025.jpg 1536w, https:\/\/bebe.consumer.es\/wp-content\/uploads\/madresdandobibi-2048x1367.jpg 2048w\" sizes=\"auto, (max-width: 1024px) 100vw, 1024px\" \/><\/figure>\n\n\n\n<p>Tant amb pit com amb biber\u00f3, <strong><a href=\"https:\/\/bebe.consumer.es\/nacimiento\/primeras-tomas\/\" target=\"_blank\" rel=\"noreferrer noopener\">excepte en els primers dies de vida i en cas de malaltia<\/a><\/strong>, el<strong> beb\u00e8 i el seu apetit<\/strong> \u00e9s qui millor regula les seves necessitats i tots els c\u00e0lculs que es puguin fer sobre aquest tema s\u00f3n aproximacions. Per aix\u00f2, n&#8221;hi ha prou que oferiu la quantitat de llet que cregueu i&nbsp;<strong>deixar que sigui el propi beb\u00e8 qui decideixi<\/strong>:<\/p>\n\n\n\n<ul class=\"wp-block-list\"><li>No us estranyeu si unes vegades pren menys llet de f\u00f3rmula que unes altres, ni intenteu for\u00e7ar al beb\u00e8 perqu\u00e8 mengi m\u00e9s.<\/li><li>No heu d\u2019insistir gens ni mica perqu\u00e8 s\u2019acabi <a href=\"https:\/\/bebe.consumer.es\/alimentacion\/preparacion-biberones\/\" target=\"_blank\" rel=\"noreferrer noopener\">els biberons<\/a>. Un dels inconvenients de la lact\u00e0ncia artificial \u00e9s que, en ser-los m\u00e9s f\u00e0cil obtenir el seu aliment, tenen tend\u00e8ncia a menjar m\u00e9s del que necessiten.<\/li><li>No us heu d\u2019alarmar si menja menys del que indica l\u2019etiqueta del pot. En tot cas, podeu consultar-lo al pediatre.<\/li><li>Deixeu que sigui el beb\u00e8 qui <strong>reguli la freq\u00fc\u00e8ncia de les seves preses<\/strong>. Amb la lact\u00e0ncia artificial se solen espaiar m\u00e9s pel fet que la llet es digereix amb major lentitud.<\/li><li>Els <strong>primers dies<\/strong> no \u00e9s convenient que deixeu passar m\u00e9s de tres hores sense oferir-li llet al beb\u00e8, perqu\u00e8 la seva <strong>falta de demanda<\/strong> tamb\u00e9 pot ser deguda a la <strong>falta d\u2019energia<\/strong> per a reclamar aliment.<\/li><li>Una vegada que han passat els seus primers dies de vida, \u00e9s important tenir en compte que <strong>l&#8221;horari de les preses ha de ser flexible i el marca el beb\u00e8.<\/strong> Igual que no farem esperar a un beb\u00e8 que t\u00e9 gana, tampoc \u00e9s l\u00f2gic despertar-li per a donar-li un biber\u00f3 i satisfer una necessitat abans que l\u2019hagi sentit. <\/li><\/ul>\n\n\n\n<h2 class=\"wp-block-heading\"><strong>Tipus de llet de f\u00f3rmula, quin \u00e9s millor?<\/strong><\/h2>\n\n\n\n<p>Triar una llet de f\u00f3rmula entre les m\u00faltiples opcions que hi ha en el mercat pot semblar una labor complexa. Les difer\u00e8ncies entre les llets de f\u00f3rmula d\u2019inici habituals no s\u00f3n molt significatives. Si teniu dubtes sobre quin \u00e9s la millor llet de f\u00f3rmula heu de saber que per a la seva comercialitzaci\u00f3, totes han de complir la normativa i contenen els nutrients que el beb\u00e8 necessita. Aix\u00ed i tot, en cas de dubte consulteu amb el vostre pediatre. <\/p>\n\n\n\n<p>Algunes f\u00f3rmules de llet per a beb\u00e8s estan <strong>dissenyades per a millorar alguns s\u00edmptomes<\/strong> com els <a href=\"https:\/\/bebe.consumer.es\/salud\/colico-lactante\/\" target=\"_blank\" rel=\"noreferrer noopener\">c\u00f2lics<\/a>, el <a href=\"https:\/\/bebe.consumer.es\/salud\/regurgitaciones\/\" target=\"_blank\" rel=\"noreferrer noopener\">reflux gastroesof\u00e1gico<\/a> o el <a href=\"https:\/\/bebe.consumer.es\/salud\/estrenimiento\" target=\"_blank\" rel=\"noreferrer noopener\">restrenyiment<\/a> dels beb\u00e8s. Ser\u00e0 el vostre professional de refer\u00e8ncia qui us suggereixi un canvi de llet.<\/p>\n\n\n\n<p>Altres <a href=\"https:\/\/www.aeped.es\/sites\/default\/files\/anales\/47-5-2.pdf\" target=\"_blank\" rel=\"noreferrer noopener nofollow\">llets especials<\/a> com a <strong>f\u00f3rmules hidrolitzades o f\u00f3rmules elementals<\/strong>, es prescriuen amb <strong>patologies espec\u00edfiques<\/strong> com l\u2019al\u00b7l\u00e8rgia a prote\u00efna de la llet de vaca o les s\u00edndromes malabsortivos. <\/p>\n","protected":false},"excerpt":{"rendered":"<p><span class=\"span-reading-time rt-reading-time\" style=\"display: block;\"><span class=\"rt-label rt-prefix\"><\/span> <span class=\"rt-time\"> 3<\/span> <span class=\"rt-label rt-postfix\">min.<\/span><\/span><\/p>\n","protected":false},"author":2,"featured_media":7925,"comment_status":"closed","ping_status":"closed","sticky":false,"template":"","format":"standard","meta":{"footnotes":""},"categories":[192],"tags":[208,210,211,212,215,278,275,329,371],"class_list":["post-7403","post","type-post","status-publish","format-standard","has-post-thumbnail","hentry","category-alimentacio","tag-0-3-mesos","tag-3-6-mesos","tag-6-9-mesos","tag-9-12-mesos","tag-alimentacio-ca","tag-alimentacio","tag-bibero","tag-llet","tag-nounat","infinite-scroll-item","generate-columns","tablet-grid-50","mobile-grid-100","grid-parent","grid-33"],"acf":[],"aioseo_notices":[],"_links":{"self":[{"href":"https:\/\/bebe.consumer.es\/ca\/wp-json\/wp\/v2\/posts\/7403\/"}],"collection":[{"href":"https:\/\/bebe.consumer.es\/ca\/wp-json\/wp\/v2\/posts\/"}],"about":[{"href":"https:\/\/bebe.consumer.es\/ca\/wp-json\/wp\/v2\/types\/post\/"}],"author":[{"embeddable":true,"href":"https:\/\/bebe.consumer.es\/ca\/wp-json\/wp\/v2\/users\/2\/"}],"replies":[{"embeddable":true,"href":"https:\/\/bebe.consumer.es\/ca\/wp-json\/wp\/v2\/comments\/?post=7403"}],"version-history":[{"count":2,"href":"https:\/\/bebe.consumer.es\/ca\/wp-json\/wp\/v2\/posts\/7403\/revisions\/"}],"predecessor-version":[{"id":7937,"href":"https:\/\/bebe.consumer.es\/ca\/wp-json\/wp\/v2\/posts\/7403\/revisions\/7937\/"}],"wp:featuredmedia":[{"embeddable":true,"href":"https:\/\/bebe.consumer.es\/ca\/wp-json\/wp\/v2\/media\/7925\/"}],"wp:attachment":[{"href":"https:\/\/bebe.consumer.es\/ca\/wp-json\/wp\/v2\/media\/?parent=7403"}],"wp:term":[{"taxonomy":"category","embeddable":true,"href":"https:\/\/bebe.consumer.es\/ca\/wp-json\/wp\/v2\/categories\/?post=7403"},{"taxonomy":"post_tag","embeddable":true,"href":"https:\/\/bebe.consumer.es\/ca\/wp-json\/wp\/v2\/tags\/?post=7403"}],"curies":[{"name":"wp","href":"https:\/\/api.w.org\/{rel}","templated":true}]}}