{"id":7409,"date":"2021-10-04T12:41:42","date_gmt":"2021-10-04T12:41:42","guid":{"rendered":"https:\/\/bebe.consumer.es\/?p=7409"},"modified":"2022-09-03T12:04:56","modified_gmt":"2022-09-03T12:04:56","slug":"com-preparar-els-biberons-del-bebe","status":"publish","type":"post","link":"https:\/\/bebe.consumer.es\/ca\/alimentacio\/com-preparar-els-biberons-del-bebe\/","title":{"rendered":"Com preparar els biberons del beb\u00e8"},"content":{"rendered":"<span class=\"span-reading-time rt-reading-time\" style=\"display: block;\"><span class=\"rt-label rt-prefix\"><\/span> <span class=\"rt-time\"> 4<\/span> <span class=\"rt-label rt-postfix\">min.<\/span><\/span>\n<p>Si heu optat per l\u2019alimentaci\u00f3 del vostre beb\u00e8 amb llet artificial o de f\u00f3rmula, \u00e9s important seguir alguns passos per a la preparaci\u00f3 adequada dels biberons.<\/p>\n\n\n\n<h2 class=\"wp-block-heading\"><strong>Com ha de ser l\u2019aigua dels biberons<\/strong><\/h2>\n\n\n\n<p><strong>En<\/strong> <strong>algunes zones geogr\u00e0fiques<\/strong> l\u2019aigua potable de l\u2019aixeta cont\u00e9 massa <strong>sals minerals i subst\u00e0ncies poc saludables per als beb\u00e8s<\/strong>. Per aix\u00f2, generalment, \u00e9s millor que empreu <strong>aigua envasada amb baix contingut en minerals.<\/strong><\/p>\n\n\n\n<p>Si l\u2019ampolla d\u2019aigua envasada es manipula higi\u00e8nicament i es conserva tancada, <strong>no \u00e9s necessari que la hirv\u00e1is.<\/strong> Depenent de la qualitat de l\u2019aigua <strong>de l\u2019aixeta, pot ser recomanable bullir-la un minut<\/strong>. Si es bull durant m\u00e9s de 5 minuts l\u2019aigua podria augmentar la concentraci\u00f3 de sals minerals i altres elements fins a nivells nocius per al beb\u00e8. Si es bull l\u2019aigua, deixeu-la refredar fins que estigui t\u00edbia abans d\u2019afegir la pols. Si no es bull, escalfeu-la una mica perqu\u00e8 no estigui massa freda. \u00c9s important sempre comprovar la temperatura final de la llet artificial. Per a comprovar que no est\u00e0 massa calent, el m\u00e8tode tradicional de vessar unes gotes de llet en el dors de la m\u00e0 o en la part anterior de la nina funciona.<\/p>\n\n\n\n<h2 class=\"wp-block-heading\"><strong>Quina llet usar per a preparar els biberons del beb\u00e8<\/strong><\/h2>\n\n\n\n<p>L&#8221;anomenada llet adaptada, s\u2019elabora normalment <strong>a partir de llet de vaca<\/strong>, per\u00f2 els beb\u00e8s no han de prendre mai de llet de vaca directament, ni sencera ni semi ni desnatada.<\/p>\n\n\n\n<p>El vostre <strong>pediatre<\/strong> us indicar\u00e0 quin <strong>tipus de llet \u00e9s la m\u00e9s apropiada<\/strong> per al vostre beb\u00e8. Excepte en el cas de problemes m\u00e8dics, s\u2019utilitza <strong>una llet d\u2019inici<\/strong> durant <strong>els primers dotze mesos de vida<\/strong>. <a href=\"https:\/\/bebe.consumer.es\/alimentacion\/ninos-1-a-3-anos\/\" target=\"_blank\" rel=\"noreferrer noopener\" title=\"A partir de l\u2019any\">A partir de l\u2019any<\/a>, sol ser possible canviar a llet de vaca sencera, no de f\u00f3rmula.<br><br>Totes les llets per a beb\u00e8s han de <strong>complir les condicions <\/strong>que peri\u00f2dicament revisa i imposa un <strong>comit\u00e8 internacional d\u2019experts<\/strong>, fixant uns marges quant a la seva composici\u00f3. Per a un mateix tipus determinat de llet, les difer\u00e8ncies entre les nombroses marques que existeixen en el mercat (incloses les ecol\u00f2giques) s\u00f3n m\u00ednimes.<\/p>\n\n\n\n<figure class=\"wp-block-image size-full\"><img loading=\"lazy\" decoding=\"async\" width=\"1000\" height=\"667\" src=\"https:\/\/bebe.consumer.es\/wp-content\/uploads\/ALimentacionartificial.jpg\" alt=\"Preparar biberon\" class=\"wp-image-8297\" srcset=\"https:\/\/bebe.consumer.es\/wp-content\/uploads\/ALimentacionartificial.jpg 1000w, https:\/\/bebe.consumer.es\/wp-content\/uploads\/ALimentacionartificial-300x200.jpg 300w, https:\/\/bebe.consumer.es\/wp-content\/uploads\/ALimentacionartificial-768x512.jpg 768w\" sizes=\"auto, (max-width: 1000px) 100vw, 1000px\" \/><\/figure>\n\n\n\n<p><\/p>\n\n\n\n<p>Encara que podeu trobar llet artificial d\u2019inici (tipus 1), llet artificial de continuaci\u00f3 (tipus 2) a partir dels <a href=\"https:\/\/bebe.consumer.es\/desarrollo-psicomotor-y-emocional\/bebe-6-a-9-meses\/\" target=\"_blank\" rel=\"noreferrer noopener\">sis mesos<\/a> i llet de creixement (tipus 3) a partir dels 12 mesos, la veritat \u00e9s que l\u2019\u00fanica realment necess\u00e0ria per a un beb\u00e8 que no pren llet materna \u00e9s la llet d\u2019inici. El m\u00e9s recomanable \u00e9s que durant tot el seu primer any de vida prengui la llet tipus 1, encara que \u00e9s m\u00e9s cara que la llet de continuaci\u00f3. Quant a les llets de creixement, tamb\u00e9 s\u00f3n innecess\u00e0ries a m\u00e9s de contenir molta sucre, perqu\u00e8 amb un any (excepte en cas d\u2019al\u00b7l\u00e8rgia o intoler\u00e0ncia) tots els nens i nenes ja poden prendre llet de vaca sencera.<\/p>\n\n\n\n<p>Tamb\u00e9 \u00e9s interessant que conegueu que hi ha llets l\u00edquides per a beb\u00e8s ja preparades, una mica m\u00e9s cares que les llets en pols, per\u00f2 molt c\u00f2modes, i que solucionen qualsevol conflicte derivat de l\u2019aigua.<\/p>\n\n\n\n<h2 class=\"wp-block-heading\"><strong>Consells per a triar el millor biber\u00f3 per al beb\u00e8<\/strong><\/h2>\n\n\n\n<p>En el mercat podeu trobar nombrosos models i marques de biberons i tetines per a beb\u00e8s. Si teniu dubtes sobre quin triar, podeu seguir aquestes recomanacions:<\/p>\n\n\n\n<ul class=\"wp-block-list\"><li>Els biberons han de ser de <strong>vidre o pl\u00e0stics<\/strong> que <strong>resisteixen altes temperatures,<\/strong> sense degradar-se ni alliberar subst\u00e0ncies que puguin passar a la llet.<\/li><li><strong>Les tetines<\/strong> han de ser suaus al tacte, toves per a poder adaptar-se b\u00e9 a la boca del nen, i amb un orifici especial per a evitar que en xuclar es faci el buit dins del biber\u00f3.<\/li><li>Hi ha tetines de <strong>l\u00e0tex i de silicona<\/strong>. El l\u00e0tex \u00e9s un cautx\u00fa natural que t\u00e9 l\u2019inconvenient de degradar-se i agafar mal aspecte amb l\u2019\u00fas. Aix\u00f2 no succeeix amb la silicona, que en contrapartida \u00e9s menys el\u00e0stica i resistent a les mossegades.<\/li><li>Si l\u2019orifici de la tetina t\u00e9 una grand\u00e0ria adequada, <strong>la llet ha de degotar r\u00e0pidament<\/strong>, per\u00f2 no a raig. Un orifici petit pot dificultar la presa i <a href=\"https:\/\/bebe.consumer.es\/alimentacion\/tecnicas-posturas-lactancia\/\" target=\"_blank\" rel=\"noreferrer noopener\">fer-li empassar molt d\u2019aire<\/a>, i un massa gran pot fer que s\u2019ennuegui o no li permeti controlar la quantitat de llet que realment necessita prendre i sobrealimentarse. <\/li><\/ul>\n\n\n\n<h2 class=\"wp-block-heading\"><strong>Com netejar el biber\u00f3<\/strong><strong> <\/strong><\/h2>\n\n\n\n<p><strong>Per a netejar el biber\u00f3 del vostre beb\u00e8 heu de seguir les normes d\u2019higiene habituals. No \u00e9s necessari esterilitzar-ho, tampoc les tetines, per\u00f2 s\u00ed que rentar-ho tot correctament. <\/strong>Heu de rentar<strong> amb aigua i sab\u00f3 les tetines i biberons abans i immediatament despr\u00e9s de cada \u00fas<\/strong>, emprant un raspall especial per a eliminar qualsevol resta de llet. Despr\u00e9s els deixareu assecar b\u00e9 i els guardareu en un lloc lliure del contacte amb altres aliments o productes de neteja.<\/p>\n\n\n\n<p>A m\u00e9s, heu de reempla\u00e7ar la tetina per una nova quan la vegeu desgastada, esquin\u00e7ada o danyada. Els biberons tamb\u00e9 heu de canviar-los, aproximadament cada dos mesos.<\/p>\n\n\n\n<h2 class=\"wp-block-heading\"><strong>Preparaci\u00f3 del biber\u00f3<\/strong><\/h2>\n\n\n\n<p>Abans de preparar el biber\u00f3 \u00e9s necessari que us renteu les mans amb aigua i sab\u00f3. En les llaunes de llet de f\u00f3rmula trobareu una explicaci\u00f3 sobre com <a rel=\"noreferrer noopener\" href=\"https:\/\/enfamilia.aeped.es\/vida-sana\/preparando-biberon\" target=\"_blank\">preparar el biber\u00f3<\/a> del vostre beb\u00e8 ja que heu de seguir sempre les proporcions recomanades, generalment <strong>30 mil\u00b7lilitres d\u2019aigua per cada mesura rasa de llet<\/strong>. <strong>Mai<\/strong> heu de posar-li <strong>ni m\u00e9s ni menys<\/strong> quantitat. Per a preparar un biber\u00f3 m\u00e9s gran i reduir el risc d\u2019equivocacions, solament heu d\u2019utilitzar m\u00faltiples de 30. Per a 60 ml s\u00f3n dues mesures de llet, per a 90 ml posareu tres mesures i per a 120 ml afegireu quatre mesures rases de llet de f\u00f3rmula en pols.<\/p>\n\n\n\n<p>Comen\u00e7areu per <strong>omplir el biber\u00f3 d\u2019aigua calenta fins al nivell desitjat <\/strong>i despr\u00e9s <strong>afegireu la llet en pols<\/strong> que correspongui, i no a l\u2019inrev\u00e9s. \u00c9s important que, despr\u00e9s d\u2019agitar el biber\u00f3 i barrejar-lo tot b\u00e9, comproveu que no crema. La temperatura a la qual sol oferir s\u00f3n uns 36 \u00b0C, no obstant aix\u00f2, hi ha beb\u00e8s que ho accepten igualment a temperatura ambient. <\/p>\n\n\n\n<h2 class=\"wp-block-heading\"><strong>Consells per a la conservaci\u00f3<\/strong><\/h2>\n\n\n\n<p>Com la llet es pot contaminar relativament aviat, \u00e9s convenient que prepareu el biber\u00f3 just abans de la presa. Tampoc podeu guardar-lo si sobra alguna cosa quan beb\u00e8 no vulgui menjar m\u00e9s, ni tan sols en la nevera. I quant a la conservaci\u00f3 dels pots amb la llet en pols, si els tanqueu herm\u00e8ticament despr\u00e9s del seu \u00fas i els guardeu en un lloc fresc i sec, es conserven en perfectes condicions durant un mes. <\/p>\n","protected":false},"excerpt":{"rendered":"<p><span class=\"span-reading-time rt-reading-time\" style=\"display: block;\"><span class=\"rt-label rt-prefix\"><\/span> <span class=\"rt-time\"> 4<\/span> <span class=\"rt-label rt-postfix\">min.<\/span><\/span><\/p>\n","protected":false},"author":2,"featured_media":8293,"comment_status":"closed","ping_status":"closed","sticky":false,"template":"","format":"standard","meta":{"footnotes":""},"categories":[192],"tags":[208,210,211,212,215,278,275,329,371],"class_list":["post-7409","post","type-post","status-publish","format-standard","has-post-thumbnail","hentry","category-alimentacio","tag-0-3-mesos","tag-3-6-mesos","tag-6-9-mesos","tag-9-12-mesos","tag-alimentacio-ca","tag-alimentacio","tag-bibero","tag-llet","tag-nounat","infinite-scroll-item","generate-columns","tablet-grid-50","mobile-grid-100","grid-parent","grid-33"],"acf":[],"aioseo_notices":[],"_links":{"self":[{"href":"https:\/\/bebe.consumer.es\/ca\/wp-json\/wp\/v2\/posts\/7409\/"}],"collection":[{"href":"https:\/\/bebe.consumer.es\/ca\/wp-json\/wp\/v2\/posts\/"}],"about":[{"href":"https:\/\/bebe.consumer.es\/ca\/wp-json\/wp\/v2\/types\/post\/"}],"author":[{"embeddable":true,"href":"https:\/\/bebe.consumer.es\/ca\/wp-json\/wp\/v2\/users\/2\/"}],"replies":[{"embeddable":true,"href":"https:\/\/bebe.consumer.es\/ca\/wp-json\/wp\/v2\/comments\/?post=7409"}],"version-history":[{"count":3,"href":"https:\/\/bebe.consumer.es\/ca\/wp-json\/wp\/v2\/posts\/7409\/revisions\/"}],"predecessor-version":[{"id":8938,"href":"https:\/\/bebe.consumer.es\/ca\/wp-json\/wp\/v2\/posts\/7409\/revisions\/8938\/"}],"wp:featuredmedia":[{"embeddable":true,"href":"https:\/\/bebe.consumer.es\/ca\/wp-json\/wp\/v2\/media\/8293\/"}],"wp:attachment":[{"href":"https:\/\/bebe.consumer.es\/ca\/wp-json\/wp\/v2\/media\/?parent=7409"}],"wp:term":[{"taxonomy":"category","embeddable":true,"href":"https:\/\/bebe.consumer.es\/ca\/wp-json\/wp\/v2\/categories\/?post=7409"},{"taxonomy":"post_tag","embeddable":true,"href":"https:\/\/bebe.consumer.es\/ca\/wp-json\/wp\/v2\/tags\/?post=7409"}],"curies":[{"name":"wp","href":"https:\/\/api.w.org\/{rel}","templated":true}]}}