{"id":7421,"date":"2021-10-02T13:37:58","date_gmt":"2021-10-02T13:37:58","guid":{"rendered":"https:\/\/bebe.consumer.es\/?p=7421"},"modified":"2022-09-03T13:38:07","modified_gmt":"2022-09-03T13:38:07","slug":"alimentacio-complementaria-introduccio-de-nous-aliments","status":"publish","type":"post","link":"https:\/\/bebe.consumer.es\/ca\/alimentacio\/alimentacio-complementaria-introduccio-de-nous-aliments\/","title":{"rendered":"Alimentaci\u00f3 complement\u00e0ria: introducci\u00f3 de nous aliments"},"content":{"rendered":"<span class=\"span-reading-time rt-reading-time\" style=\"display: block;\"><span class=\"rt-label rt-prefix\"><\/span> <span class=\"rt-time\"> 3<\/span> <span class=\"rt-label rt-postfix\">min.<\/span><\/span>\n<p>L&#8221;alimentaci\u00f3 <strong>complement\u00e0ria<\/strong> \u00e9s la que s\u2019inicia en el beb\u00e8 entorn dels <a href=\"https:\/\/bebe.consumer.es\/desarrollo-psicomotor-y-emocional\/bebe-6-a-9-meses\/\" target=\"_blank\" rel=\"noreferrer noopener\"><strong>6 mesos<\/strong> <\/a>d&#8221;edat. Fins llavors, l\u2019\u00fanic aliment ha estat la llet, idealment la <strong><a href=\"https:\/\/bebe.consumer.es\/embarazo\/decisiones-previas\/\" target=\"_blank\" rel=\"noreferrer noopener\">llet materna<\/a><\/strong>. A partir del moment d\u2019inici de l\u2019alimentaci\u00f3 <a href=\"https:\/\/bebe.consumer.es\/alimentacion\/inicio-alimentacion-complementaria\/\" target=\"_blank\" rel=\"noreferrer noopener\">complement\u00e0ria<\/a>, a poc a poc anireu <strong>incrementant la quantitat <\/strong>i la diversitat d\u2019aliments <strong><a href=\"http:\/\/B111\thttps:\/\/bebe.consumer.es\/desarrollo-psicomotor-y-emocional\/bebe-12-a-18-meses\/\" target=\"_blank\" rel=\"noreferrer noopener\">fins a arribar als 12 mesos<\/a><\/strong>. Quan el <strong>beb\u00e8 compleix un any<\/strong>, es considera que la seva <strong>alimentaci\u00f3 pot ser pr\u00e0cticament completa<\/strong> i equivalent, a grans trets, a la qual teniu la resta dels membres de la fam\u00edlia.  <\/p>\n\n\n\n<p>Heu d\u2019introduir els aliments <strong>de manera progressiva<\/strong>. No \u00e9s estrictament necessari que seguiu un <strong>ordre espec\u00edfic<\/strong> per a fer-lo, simplement heu de <strong>tenir en compte el que aporta cada grup de nutrients.<\/strong> Les fruites i verdures aporten vitamines, minerals i fibra. La carn, el peix i els ous s\u00f3n font de prote\u00efnes i minerals com per exemple el ferro. Els llegums s\u00f3n rics en fibres i prote\u00efnes d\u2019origen vegetal. Els cereals aporten energia i fibra. La fruita seca \u00e9s rica en \u00e0cids grassos essencials i minerals. <\/p>\n\n\n\n<h2 class=\"wp-block-heading\"><strong>Les fruites en la dieta del beb\u00e8<\/strong><\/h2>\n\n\n\n<p>Les fruites s\u00f3n, en moltes ocasions, el <strong>primer aliment s\u00f2lid<\/strong> introdu\u00eft en l\u2019alimentaci\u00f3 del beb\u00e8. Podeu introduir <strong>qualsevol tipus de fruita<\/strong> sense problema. Antigament, es reservaven els fruits vermells i altres fruites amb m\u00e9s potencial al\u00b7lerg\u00f2gen per al final, per\u00f2 <a href=\"https:\/\/www.aeped.es\/sites\/default\/files\/documentos\/recomendaciones_aep_sobre_alimentacio_n_complementaria_nov2018_v3_final.pdf\" target=\"_blank\" rel=\"noreferrer noopener nofollow\">els estudis<\/a> m\u00e9s recents no demostren que aquest ordre eviti o canvi\u00ef l\u2019evoluci\u00f3 dels nens al\u00b7l\u00e8rgics.<\/p>\n\n\n\n<p>Les fruites, especialment quan estan madures, podeu oferir-les en trossos perqu\u00e8 els beb\u00e8s les xuclin o les mosseguin. <strong>No heu d\u2019afegir<\/strong> cereals, ni galetes, ni sucre, ni mel a la fruita. <\/p>\n\n\n\n<h3 class=\"wp-block-heading\"><strong>Els vegetals <\/strong><\/h3>\n\n\n\n<p>Idealment, conv\u00e9 <strong>les de temporada. El recomanable \u00e9s coure-les o bullir-les <\/strong>amb poca aigua i les podeu <strong>barrejar amb prote\u00efnes animals o vegetals<\/strong>, condimentant amb <strong>oli d\u2019oliva<\/strong> en el moment de servir-les.<\/p>\n\n\n\n<p>En el menjar del beb\u00e8 <strong>no heu d\u2019afegir sal. <\/strong><\/p>\n\n\n\n<p>En els pur\u00e9s solen combinar-se 3 o 4 verdures o hortalisses diferents i \u00e9s convenient que feu diferents mescles en diferents dies, amb la finalitat que no es cansin de menjar sempre els mateixos aliments i provin altres sabors. <strong>Heu d\u2019evitar <\/strong>les verdures de fulla verda com les bledes o els espinacs, ja que <strong>contenen nitrats<\/strong>. En el cas que les inclogueu, mai han de superar els 35 grams al dia.<\/p>\n\n\n\n<h2 class=\"wp-block-heading\"><strong>Carnes, peixos i ous<\/strong><\/h2>\n\n\n\n<p>Podeu introduir aquests aliments <strong>des de l\u2019inici.<\/strong> Les <strong>primeres<\/strong> carns que s\u2019introdueixen s\u00f3n <strong>les blanques<\/strong>, fonamentalment pollastre i gall dindi. <strong>Posteriorment<\/strong>, podreu afegir les <strong>carns vermelles<\/strong>, sempre triant la part m\u00e9s magra. <\/p>\n\n\n\n<p>El peix pot ser blanc o blau. El <strong>blanc<\/strong> sol ser de sabor m\u00e9s suau i d\u2019entrada <strong>m\u00e9s senzill<\/strong> (tamb\u00e9 amb menys espines), per\u00f2 el <strong>peix blau<\/strong> \u00e9s molt interessant des del punt de vista dels <strong>\u00e0cids grassos essencials<\/strong> que cont\u00e9. No obstant aix\u00f2, el <strong>peix blau de gran grand\u00e0ria<\/strong> com la tonyina vermella, peix espasa o l\u2019emperador han d\u2019evitar-se <strong>durant tota la inf\u00e0ncia<\/strong> pel seu gran contingut en <strong>metalls <\/strong>com el mercuri.&nbsp;<\/p>\n\n\n\n<figure class=\"wp-block-image size-large\"><img loading=\"lazy\" decoding=\"async\" width=\"1024\" height=\"684\" src=\"https:\/\/bebe.consumer.es\/wp-content\/uploads\/nuevos-alimentos-1-1024x684.jpg\" alt=\"beb\u00e9 come con las manos\" class=\"wp-image-5868\" srcset=\"https:\/\/bebe.consumer.es\/wp-content\/uploads\/nuevos-alimentos-1-1024x684.jpg 1024w, https:\/\/bebe.consumer.es\/wp-content\/uploads\/nuevos-alimentos-1-300x200.jpg 300w, https:\/\/bebe.consumer.es\/wp-content\/uploads\/nuevos-alimentos-1-768x513.jpg 768w, https:\/\/bebe.consumer.es\/wp-content\/uploads\/nuevos-alimentos-1-1536x1026.jpg 1536w, https:\/\/bebe.consumer.es\/wp-content\/uploads\/nuevos-alimentos-1-2048x1368.jpg 2048w\" sizes=\"auto, (max-width: 1024px) 100vw, 1024px\" \/><\/figure>\n\n\n\n<p><\/p>\n\n\n\n<p>L&#8221;ou <strong><\/strong> \u00e9s un <strong>bon aliment<\/strong> des del <strong>punt de vista nutricional<\/strong>, ja que cont\u00e9 <strong>prote\u00efnes <\/strong>d&#8221;alt valor biol\u00f2gic, aix\u00ed com ferro i vitamines. Per\u00f2 \u00e9s important que estigui ben cuinat.<\/p>\n\n\n\n<h2 class=\"wp-block-heading\"><strong>Els llegums<\/strong><\/h2>\n\n\n\n<p>Els llegums s\u00f3n una excel\u00b7lent opci\u00f3 en l\u2019alimentaci\u00f3 de cada dia, ja que aporten <strong>prote\u00efnes <\/strong>i s\u00f3n una font de <strong>fibra i de minerals.<\/strong> Podeu oferir-les barrejades amb arr\u00f2s i altres prote\u00efnes o amb verdures. <\/p>\n\n\n\n<h2 class=\"wp-block-heading\"><strong>Els cereals<\/strong><\/h2>\n\n\n\n<p>Podeu oferir des de l\u2019inici tant <strong>cereals sense gluten<\/strong> (arr\u00f2s i blat de moro), com <strong>amb gluten<\/strong> (el blat, la civada, l\u2019ordi o el s\u00e8gol).<\/p>\n\n\n\n<p>Els cereals podeu afegir-los als pur\u00e9s o barrejar-los amb les prote\u00efnes. Tamb\u00e9 podeu donar-los a trossos directament (pa, pasta, arr\u00f2s). Els <strong>preparats comercials<\/strong> de cereals per a beb\u00e8s, encara que no s\u00f3n un producte fonamental en l\u2019alimentaci\u00f3, s\u00f3n una opci\u00f3 que podeu afegir. No obstant aix\u00f2, heu de triar-los sense sucres afegits. <\/p>\n\n\n\n<h2 class=\"wp-block-heading\"><strong>Aliments no recomanats abans de l\u2019any d\u2019edat<\/strong><\/h2>\n\n\n\n<p>A m\u00e9s de cuidar el format amb els quals oferiu els aliments, per a reduir el risc d\u2019ennuegades <a href=\"https:\/\/bebe.consumer.es\/primeros-auxilios\/asfixia-por-atragantamiento\/\" target=\"_blank\" rel=\"noreferrer noopener\"><\/a>, \u00e9s recomanable evitar abans del primer aniversari:<\/p>\n\n\n\n<ul class=\"wp-block-list\"><li><strong>Llet de vaca<\/strong>. Podeu oferir derivats, com els iogurts o el formatge fresc baixos en sal, a partir dels <a href=\"https:\/\/bebe.consumer.es\/desarrollo-psicomotor-y-emocional\/bebe-9-a-12-meses\/\" target=\"_blank\" rel=\"noreferrer noopener\">8-10 mesos.<\/a> <\/li><li><strong>Sal.<\/strong> Per la immaduresa renal.<\/li><li><strong>Mel.<\/strong> Pot causar botulisme.<\/li><li><strong>Sucre i aliments ensucrats.<\/strong> Aporten poc valor nutricional. El sucre origina molts problemes de salut, des de les <a href=\"https:\/\/bebe.consumer.es\/cuidados-generales-y-prevencion\/higiene-bucal-ninos\/\" target=\"_blank\" rel=\"noreferrer noopener\" title=\"c\u00e0ries\">c\u00e0ries<\/a> fins a l\u2019obesitat <a href=\"https:\/\/bebe.consumer.es\/cuidados-generales-y-prevencion\/peso\/\" target=\"_blank\" rel=\"noreferrer noopener\"><\/a> i la diabetis.<\/li><li><strong>Minerals que evitar<\/strong>: iode (en les algues), ars\u00e8nic (begudes d\u2019arr\u00f2s), plom (en animals de ca\u00e7a), cadmi (en cossos i caps de crustacis) i mercuri (esp\u00e8cies de peix blau de gran grand\u00e0ria).<\/li><\/ul>\n","protected":false},"excerpt":{"rendered":"<p><span class=\"span-reading-time rt-reading-time\" style=\"display: block;\"><span class=\"rt-label rt-prefix\"><\/span> <span class=\"rt-time\"> 3<\/span> <span class=\"rt-label rt-postfix\">min.<\/span><\/span><\/p>\n","protected":false},"author":2,"featured_media":8626,"comment_status":"closed","ping_status":"closed","sticky":false,"template":"","format":"standard","meta":{"footnotes":""},"categories":[192],"tags":[212,215,278,218,329,374],"class_list":["post-7421","post","type-post","status-publish","format-standard","has-post-thumbnail","hentry","category-alimentacio","tag-9-12-mesos","tag-alimentacio-ca","tag-alimentacio","tag-habits-saludables","tag-llet","tag-salut-infantil","infinite-scroll-item","generate-columns","tablet-grid-50","mobile-grid-100","grid-parent","grid-33"],"acf":[],"aioseo_notices":[],"_links":{"self":[{"href":"https:\/\/bebe.consumer.es\/ca\/wp-json\/wp\/v2\/posts\/7421\/"}],"collection":[{"href":"https:\/\/bebe.consumer.es\/ca\/wp-json\/wp\/v2\/posts\/"}],"about":[{"href":"https:\/\/bebe.consumer.es\/ca\/wp-json\/wp\/v2\/types\/post\/"}],"author":[{"embeddable":true,"href":"https:\/\/bebe.consumer.es\/ca\/wp-json\/wp\/v2\/users\/2\/"}],"replies":[{"embeddable":true,"href":"https:\/\/bebe.consumer.es\/ca\/wp-json\/wp\/v2\/comments\/?post=7421"}],"version-history":[{"count":2,"href":"https:\/\/bebe.consumer.es\/ca\/wp-json\/wp\/v2\/posts\/7421\/revisions\/"}],"predecessor-version":[{"id":8960,"href":"https:\/\/bebe.consumer.es\/ca\/wp-json\/wp\/v2\/posts\/7421\/revisions\/8960\/"}],"wp:featuredmedia":[{"embeddable":true,"href":"https:\/\/bebe.consumer.es\/ca\/wp-json\/wp\/v2\/media\/8626\/"}],"wp:attachment":[{"href":"https:\/\/bebe.consumer.es\/ca\/wp-json\/wp\/v2\/media\/?parent=7421"}],"wp:term":[{"taxonomy":"category","embeddable":true,"href":"https:\/\/bebe.consumer.es\/ca\/wp-json\/wp\/v2\/categories\/?post=7421"},{"taxonomy":"post_tag","embeddable":true,"href":"https:\/\/bebe.consumer.es\/ca\/wp-json\/wp\/v2\/tags\/?post=7421"}],"curies":[{"name":"wp","href":"https:\/\/api.w.org\/{rel}","templated":true}]}}