{"id":7499,"date":"2021-08-16T13:52:30","date_gmt":"2021-08-16T13:52:30","guid":{"rendered":"https:\/\/bebe.consumer.es\/?p=7499"},"modified":"2022-06-15T09:51:14","modified_gmt":"2022-06-15T09:51:14","slug":"per-que-ploren-els-bebes-les-raons-mes-comunes","status":"publish","type":"post","link":"https:\/\/bebe.consumer.es\/ca\/salut\/per-que-ploren-els-bebes-les-raons-mes-comunes\/","title":{"rendered":"Per qu\u00e8 ploren els beb\u00e8s? Les raons m\u00e9s comunes"},"content":{"rendered":"<span class=\"span-reading-time rt-reading-time\" style=\"display: block;\"><span class=\"rt-label rt-prefix\"><\/span> <span class=\"rt-time\"> 3<\/span> <span class=\"rt-label rt-postfix\">min.<\/span><\/span>\n<p>Encara que el plor del beb\u00e8 <strong>\u00e9s una forma de comunicaci\u00f3 normal<\/strong>, \u00e9s un dels aspectes que m\u00e9s preocupen com a futurs pares i mares. Certament, <strong>no sempre \u00e9s f\u00e0cil<\/strong> esbrinar la <strong>causa del plor del beb\u00e8<\/strong> ni com consolar-li; per\u00f2 <strong>en la pr\u00e0ctica<\/strong> \u00e9s un <strong>assumpte menys complicat<\/strong> del que sol semblar per endavant.<\/p>\n\n\n\n<h2 class=\"wp-block-heading\"><strong>Tot el que necessites saber sobre el plor dels nounats<\/strong><\/h2>\n\n\n\n<p>Un beb\u00e8 petit t\u00e9 poques estrat\u00e8gies a part del plor per a comunicar-se. \u00c9s un <strong>mecanisme de defensa davant els perills<\/strong> i una manera de cobrir les seves necessitats. Quan el beb\u00e8 <a href=\"https:\/\/bebe.consumer.es\/desarrollo-psicomotor-y-emocional\/recien-nacido\/\" target=\"_blank\" rel=\"noreferrer noopener\">nounat<\/a> plora, \u00e9s perqu\u00e8 vol comunicar-se amb vosaltres. Els motius del plor poden ser normalment: <\/p>\n\n\n\n<ul class=\"wp-block-list\"><li><strong>Ajuda:<\/strong> quan t\u00e9 <strong>gana<\/strong>, est\u00e0 mullat o <strong>inc\u00f2mode<\/strong>, o necessita <strong>companyia<\/strong>.<\/li><li><strong>Queixa:<\/strong> per algun tipus de <strong>dolor<\/strong>, per\u00f2 tamb\u00e9 per <strong>exc\u00e9s de soroll o d\u2019estimulaci\u00f3<\/strong>.<\/li><li><strong>Alleujament:<\/strong> per a <strong>alliberar les tensions<\/strong> que ha anat acumulant al llarg del dia.<\/li><\/ul>\n\n\n\n<p>El plor \u00e9s una cosa <strong><a href=\"https:\/\/enfamilia.aeped.es\/edades-etapas\/llanto-bebe\" target=\"_blank\" rel=\"noreferrer noopener nofollow\">normal i imprescindible en els beb\u00e8s<\/a><\/strong>. El beb\u00e8 de <a href=\"https:\/\/bebe.consumer.es\/desarrollo-psicomotor-y-emocional\/bebe-2-meses\/\" target=\"_blank\" rel=\"noreferrer noopener\">dos<\/a> o <a href=\"https:\/\/bebe.consumer.es\/desarrollo-psicomotor-y-emocional\/bebe-3-meses\/\" target=\"_blank\" rel=\"noreferrer noopener\">tres mesos<\/a> plora molt m\u00e9s com a <strong>part del seu proc\u00e9s d\u2019adaptaci\u00f3 a la vida fora de l\u2019\u00fater<\/strong>, per\u00f2 aix\u00f2 no significa que no ho estigueu cuidant b\u00e9. <strong>Conforme va creixent<\/strong>, el beb\u00e8 va <strong>entenent les diferents rutines<\/strong> i incorporant altres estrat\u00e8gies de comunicaci\u00f3 a part del plor.<\/p>\n\n\n\n<p>A partir aproximadament de l\u2019any <strong><a href=\"https:\/\/bebe.consumer.es\/desarrollo-psicomotor-y-emocional\/bebe-12-a-18-meses\/\" target=\"_blank\" rel=\"noreferrer noopener\">d&#8221;edat<\/a><\/strong>, el beb\u00e8 pot plorar <strong>quan necessita alguna cosa<\/strong> per\u00f2 cada vegada ser\u00e0 m\u00e9s evident el perqu\u00e8, i deixar\u00e0 de plorar per coses que s\u00ed que li feien plorar quan era m\u00e9s petit. <\/p>\n\n\n\n<h2 class=\"wp-block-heading\"><strong>Per qu\u00e8 ploren els beb\u00e8s? Les raons m\u00e9s comunes<\/strong><\/h2>\n\n\n\n<p>A m\u00e9s del plor del beb\u00e8 causat per malaltia o dolor, que habitualment s\u2019acompanya d\u2019altres signes d\u2019alarma<strong>, les causes habituals<\/strong> de plor en el beb\u00e8 s\u00f3n: <strong>fam, fred o calor, incomoditat, bolquers mullats o bruts, <a href=\"https:\/\/bebe.consumer.es\/cuidados-generales-y-prevencion\/sueno\/\" target=\"_blank\" rel=\"noreferrer noopener\">somni<\/a>, solitud, avorriment, exc\u00e9s d\u2019est\u00edmul, soroll o tensi\u00f3.&nbsp;<\/strong><\/p>\n\n\n\n<figure class=\"wp-block-image size-large\"><img loading=\"lazy\" decoding=\"async\" width=\"1024\" height=\"683\" src=\"https:\/\/bebe.consumer.es\/wp-content\/uploads\/el-llanto-1024x683.jpg\" alt=\"Madre consolando al reci\u00e9n nacido que llora\" class=\"wp-image-5985\" srcset=\"https:\/\/bebe.consumer.es\/wp-content\/uploads\/el-llanto-1024x683.jpg 1024w, https:\/\/bebe.consumer.es\/wp-content\/uploads\/el-llanto-300x200.jpg 300w, https:\/\/bebe.consumer.es\/wp-content\/uploads\/el-llanto-768x513.jpg 768w, https:\/\/bebe.consumer.es\/wp-content\/uploads\/el-llanto-1536x1025.jpg 1536w, https:\/\/bebe.consumer.es\/wp-content\/uploads\/el-llanto-2048x1367.jpg 2048w\" sizes=\"auto, (max-width: 1024px) 100vw, 1024px\" \/><\/figure>\n\n\n\n<p><\/p>\n\n\n\n<h2 class=\"wp-block-heading\"><strong>Com actuar quan el beb\u00e8 no para de plorar?<\/strong><\/h2>\n\n\n\n<p>No sempre \u00e9s f\u00e0cil recon\u00e8ixer els <a href=\"https:\/\/enfamilia.aeped.es\/edades-etapas\/llanto-en-bebes\" target=\"_blank\" rel=\"noreferrer noopener nofollow\">motius pels quals el beb\u00e8 plora<\/a> i en moltes ocasions, en estar desbordats, us pot semblar un plor incontrolable o fins i tot sentir que el beb\u00e8 plora tot el dia. No obstant aix\u00f2, amb el temps i posant en pr\u00e0ctica els seg\u00fcents consells, anireu aprenent a recon\u00e8ixer el seu plor i atendre les seves necessitats.<\/p>\n\n\n\n<ul class=\"wp-block-list\"><li><strong>Sempre cal atendre-ho aviat:<\/strong><\/li><\/ul>\n\n\n\n<p>El plor del nounat o el beb\u00e8 sempre <strong>respon a una necessitat, f\u00edsica o psicol\u00f2gica<\/strong>, que heu de procurar satisfer al m\u00e9s aviat possible. No \u00e9s recomanable deixar-li plorar sense consolar-li.<\/p>\n\n\n\n<ul class=\"wp-block-list\"><li><strong>Necessitats b\u00e0siques:<\/strong><\/li><\/ul>\n\n\n\n<p><strong>Intenteu esbrinar<\/strong> quin \u00e9s el <strong>motiu del plor<\/strong> del beb\u00e8 <strong>i solucioneu-lo<\/strong>. Si t\u00e9 gana, doneu-li menjar. Si est\u00e0 brut, canvieu-li. Si simplement vol contacte, agafeu-li. Si t\u00e9 son, cal facilitar que s\u2019adormi.<\/p>\n\n\n\n<ul class=\"wp-block-list\"><li><strong>En bra\u00e7os:<\/strong><\/li><\/ul>\n\n\n\n<p>Els beb\u00e8s <strong>necessiten estar en bra\u00e7os <\/strong>perqu\u00e8 el seu <strong>desenvolupament psicomotor i emocional<\/strong> es realitzi de manera correcta. <\/p>\n\n\n\n<p>\u00c9s un error no agafar al beb\u00e8 en bra\u00e7os per por de que es mal acostumi. <strong>Donar-li atenci\u00f3 i afecte quan ho necessita no \u00e9s un mal costum<\/strong>.<\/p>\n\n\n\n<ul class=\"wp-block-list\"><li><strong>Descartar dolor i malaltia:<\/strong><\/li><\/ul>\n\n\n\n<p>El plor d\u2019un beb\u00e8 al qual li fa mal alguna cosa sol ser <strong>amb un altre timbre<\/strong>, que clarament us alerta que alguna cosa, a part del que \u00e9s m\u00e9s habitual, est\u00e0 ocorrent. Pot ser que la <a href=\"https:\/\/bebe.consumer.es\/cuidados-generales-y-prevencion\/ropa\/\" target=\"_blank\" rel=\"noreferrer noopener\">roba <\/a>li oprimeix, que t\u00e9 <a href=\"https:\/\/bebe.consumer.es\/salud\/fiebre\/\" target=\"_blank\" rel=\"noreferrer noopener\">febre<\/a>, dolor\u2026 <\/p>\n\n\n\n<p>\u00c9s recomanable treure-li la roba i <strong>avaluar<\/strong> si alguna cosa us crida l\u2019atenci\u00f3 i valorar la pres\u00e8ncia d\u2019altres <strong>signes i s\u00edmptomes<\/strong> (mal color de pell, <a href=\"https:\/\/bebe.consumer.es\/salud\/vomitos-diarreas\/\" target=\"_blank\" rel=\"noreferrer noopener\">v\u00f2mits i diarrees<\/a>, febre, <a href=\"https:\/\/bebe.consumer.es\/salud\/erupciones-cutaneas\/\" target=\"_blank\" rel=\"noreferrer noopener\">lesions en la pell<\/a>, dificultat per a <a href=\"https:\/\/bebe.consumer.es\/salud\/motivos-consulta-urgente\/\" target=\"_blank\" rel=\"noreferrer noopener\">respirar<\/a>, etc). <\/p>\n\n\n\n<ul class=\"wp-block-list\"><li><strong>A la recerca del m\u00e8tode que us serveixi per a calmar-li:<\/strong><\/li><\/ul>\n\n\n\n<p>Com a fam\u00edlia, <strong>acabareu coneixent al vostre beb\u00e8<\/strong> i sabent com actuar per a consolar-li. El contacte f\u00edsic, el moviment, l\u2019\u00fas del <a href=\"https:\/\/bebe.consumer.es\/cuidados-generales-y-prevencion\/chupete\/\" target=\"_blank\" rel=\"noreferrer noopener\">xumet<\/a> o el pit per a la succi\u00f3 no nutritiva, una can\u00e7\u00f3 o parlar-li d\u2019una manera assossegada, poden ser opcions que funcionen. Com a <a href=\"https:\/\/bebe.consumer.es\/crianza\/progenitores\/\" target=\"_blank\" rel=\"noreferrer noopener\">progenitors<\/a> i cuidadors acabareu sabent qu\u00e8 li funciona millor. <\/p>\n\n\n\n<ul class=\"wp-block-list\"><li><strong>Amb<\/strong> <strong>calma:<\/strong><\/li><\/ul>\n\n\n\n<p>El plor del beb\u00e8, especialment si \u00e9s molt petit, est\u00e0 <strong>dissenyat perqu\u00e8 els adults reaccionin<\/strong> <strong>per a cobrir les necessitats<\/strong> que originen el plor. \u00c9s pr\u00e0cticament impossible no atendre&#8221;l. <\/p>\n\n\n\n<p>Consolar a un beb\u00e8 i que continu\u00ef plorant <strong>pot resultar molt frustrant<\/strong> per als adults, especialment en dies en qu\u00e8 esteu cansats o amb altres preocupacions. La <strong>incertesa<\/strong> de no saber qu\u00e8 li passa al beb\u00e8 tamb\u00e9 \u00e9s un motiu d\u2019estr\u00e8s <strong>parental.<\/strong> <\/p>\n\n\n\n<p>D&#8221;altra banda, <strong>els beb\u00e8s i nens petits<\/strong> tenen la <strong>capacitat de captar un ambient tibant<\/strong> o estressat, de manera que \u00e9s f\u00e0cil que el plor us generi angoixa i, aquesta mateixa angoixa, li generi m\u00e9s plor al beb\u00e8. <\/p>\n\n\n\n<p>Si us sentiu desbordats, demaneu ajuda, perqu\u00e8 una altra persona s\u2019ocupi del beb\u00e8. En aquest sentit, \u00e9s <strong>important poder disposar d\u2019ajuda i saber demanar-la<\/strong> i gaudir-la sense complexos de cap mena. <\/p>\n","protected":false},"excerpt":{"rendered":"<p><span class=\"span-reading-time rt-reading-time\" style=\"display: block;\"><span class=\"rt-label rt-prefix\"><\/span> <span class=\"rt-time\"> 3<\/span> <span class=\"rt-label rt-postfix\">min.<\/span><\/span><\/p>\n","protected":false},"author":2,"featured_media":8613,"comment_status":"closed","ping_status":"closed","sticky":false,"template":"","format":"standard","meta":{"footnotes":""},"categories":[199],"tags":[208,209,210,211,212,281,290,371,332,353,374],"class_list":["post-7499","post","type-post","status-publish","format-standard","has-post-thumbnail","hentry","category-salut","tag-0-3-mesos","tag-12-18-mesos","tag-3-6-mesos","tag-6-9-mesos","tag-9-12-mesos","tag-consulta-medica-ca","tag-desenvolupament-infantil","tag-nounat","tag-plor","tag-portament","tag-salut-infantil","infinite-scroll-item","generate-columns","tablet-grid-50","mobile-grid-100","grid-parent","grid-33"],"acf":[],"aioseo_notices":[],"_links":{"self":[{"href":"https:\/\/bebe.consumer.es\/ca\/wp-json\/wp\/v2\/posts\/7499\/"}],"collection":[{"href":"https:\/\/bebe.consumer.es\/ca\/wp-json\/wp\/v2\/posts\/"}],"about":[{"href":"https:\/\/bebe.consumer.es\/ca\/wp-json\/wp\/v2\/types\/post\/"}],"author":[{"embeddable":true,"href":"https:\/\/bebe.consumer.es\/ca\/wp-json\/wp\/v2\/users\/2\/"}],"replies":[{"embeddable":true,"href":"https:\/\/bebe.consumer.es\/ca\/wp-json\/wp\/v2\/comments\/?post=7499"}],"version-history":[{"count":10,"href":"https:\/\/bebe.consumer.es\/ca\/wp-json\/wp\/v2\/posts\/7499\/revisions\/"}],"predecessor-version":[{"id":7963,"href":"https:\/\/bebe.consumer.es\/ca\/wp-json\/wp\/v2\/posts\/7499\/revisions\/7963\/"}],"wp:featuredmedia":[{"embeddable":true,"href":"https:\/\/bebe.consumer.es\/ca\/wp-json\/wp\/v2\/media\/8613\/"}],"wp:attachment":[{"href":"https:\/\/bebe.consumer.es\/ca\/wp-json\/wp\/v2\/media\/?parent=7499"}],"wp:term":[{"taxonomy":"category","embeddable":true,"href":"https:\/\/bebe.consumer.es\/ca\/wp-json\/wp\/v2\/categories\/?post=7499"},{"taxonomy":"post_tag","embeddable":true,"href":"https:\/\/bebe.consumer.es\/ca\/wp-json\/wp\/v2\/tags\/?post=7499"}],"curies":[{"name":"wp","href":"https:\/\/api.w.org\/{rel}","templated":true}]}}