{"id":7505,"date":"2021-08-15T13:57:51","date_gmt":"2021-08-15T13:57:51","guid":{"rendered":"https:\/\/bebe.consumer.es\/?p=7505"},"modified":"2022-06-16T07:52:10","modified_gmt":"2022-06-16T07:52:10","slug":"que-es-el-colic-del-bebe-o-colic-del-lactant","status":"publish","type":"post","link":"https:\/\/bebe.consumer.es\/ca\/salut\/que-es-el-colic-del-bebe-o-colic-del-lactant\/","title":{"rendered":"Qu\u00e8 \u00e9s el c\u00f2lic del beb\u00e8 o c\u00f2lic del lactant?"},"content":{"rendered":"<span class=\"span-reading-time rt-reading-time\" style=\"display: block;\"><span class=\"rt-label rt-prefix\"><\/span> <span class=\"rt-time\"> 3<\/span> <span class=\"rt-label rt-postfix\">min.<\/span><\/span>\n<p>El c\u00f2lic del lactant \u00e9s un quadre de causa desconeguda, <strong>caracteritzat per un <a href=\"https:\/\/bebe.consumer.es\/salud\/llanto\/\" target=\"_blank\" rel=\"noreferrer noopener\">plor<\/a> inconsolable<\/strong> i sense motiu aparent que presenta <strong>sovint un beb\u00e8<\/strong> que est\u00e0 <strong>perfectament sa.<\/strong><\/p>\n\n\n\n<p><strong>La definici\u00f3 cl\u00e0ssica de c\u00f2lic<\/strong> del lactant es basa en la <strong>regla de Wessel<\/strong>, coneguda tamb\u00e9 com \u201cla regla del tres\u201d: \u00e9s un plor que dura m\u00e9s de tres hores al dia, m\u00e9s de tres dies a la setmana i que persisteix durant m\u00e9s de tres setmanes. <\/p>\n\n\n\n<h2 class=\"wp-block-heading\"><strong>Quan comencen els c\u00f2lics del beb\u00e8: s\u00edmptomes per a detectar-los<\/strong><\/h2>\n\n\n\n<p>Solen comen\u00e7ar <strong>al voltant de la segona setmana de vida<\/strong> i persisteixen fins al <a href=\"https:\/\/bebe.consumer.es\/desarrollo-psicomotor-y-emocional\/bebe-3-a-6-meses\/\" target=\"_blank\" rel=\"noreferrer noopener\">tercer o quart mes.<\/a> <strong>Com a s\u00edmptomes <\/strong>que us ajudaran a identificar si <a href=\"https:\/\/enfamilia.aeped.es\/edades-etapas\/colicos-lactante\" target=\"_blank\" rel=\"noreferrer noopener nofollow\">el beb\u00e8 t\u00e9 c\u00f2lics<\/a><strong>, <\/strong>podeu detectar que des del<strong> capvespre fins a entrada la matinada<\/strong>, el beb\u00e8 comen\u00e7a a <strong>plorar de manera inconsolable<\/strong>, cridant i encongint les cames com si li <strong>fes mal el ventre<\/strong>.<\/p>\n\n\n\n<p>Aquests signes <strong>van fer creure <\/strong>als i les professionals que la <strong>causa del plor<\/strong> eren <strong>els espasmes de la musculatura intestinal<\/strong>, i d\u2019aqu\u00ed ve que es conegui com a c\u00f2lic, per\u00f2 <strong>no hi ha cap certesa<\/strong> que aix\u00ed sigui. \u00c9s habitual que <strong>entre les sis i les dotze<\/strong> de la <strong>nit els beb\u00e8s estiguin m\u00e9s nerviosos<\/strong> (i que els pares estigueu m\u00e9s cansats). Pel que <strong>s&#8221;accepta com a normal<\/strong> que plorin fins a <strong>un m\u00e0xim de tres hores, a les <a href=\"https:\/\/bebe.consumer.es\/desarrollo-psicomotor-y-emocional\/bebe-2-meses\/\" target=\"_blank\" rel=\"noreferrer noopener\">sis setmanes<\/a> <\/strong>de vida, disminuint fins a una o dues hores di\u00e0ries als <a href=\"https:\/\/bebe.consumer.es\/desarrollo-psicomotor-y-emocional\/bebe-3-meses\/\" target=\"_blank\" rel=\"noreferrer noopener\">tres mesos<\/a>. <\/p>\n\n\n\n<h2 class=\"wp-block-heading\"><strong>Causes del c\u00f2lic del lactant o c\u00f2lics del beb\u00e8<\/strong><\/h2>\n\n\n\n<p>\u00c9s possible que els mateixos mecanismes que expliquen aquest plor considerat normal (tensi\u00f3 del nen i la vostra ansietat) causin <strong>un quadre m\u00e9s aparat\u00f3s i prolongat del c\u00f2lic en beb\u00e8s molt sensibles<\/strong> i que tinguin l\u2019intest\u00ed irritable. No obstant aix\u00f2, la veritat \u00e9s que encara <strong>no hi ha cap explicaci\u00f3 satisfact\u00f2ria<\/strong> sobre aquest tema.&nbsp;<\/p>\n\n\n\n<figure class=\"wp-block-image size-full\"><img loading=\"lazy\" decoding=\"async\" width=\"1000\" height=\"667\" src=\"https:\/\/bebe.consumer.es\/wp-content\/uploads\/Colico.jpg\" alt=\"Colico del lactante\" class=\"wp-image-8309\" srcset=\"https:\/\/bebe.consumer.es\/wp-content\/uploads\/Colico.jpg 1000w, https:\/\/bebe.consumer.es\/wp-content\/uploads\/Colico-300x200.jpg 300w, https:\/\/bebe.consumer.es\/wp-content\/uploads\/Colico-768x512.jpg 768w\" sizes=\"auto, (max-width: 1000px) 100vw, 1000px\" \/><\/figure>\n\n\n\n<p><\/p>\n\n\n\n<p>Sovint es considera que el c\u00f2lic \u00e9s un calaix de sastre en el qual <strong>s&#8221;inclouen diferents problemes.<\/strong> Alguns casos podrien explicar-se per una <strong>al\u00b7l\u00e8rgia <\/strong>a les prote\u00efnes de la llet de vaca (la del <a href=\"https:\/\/bebe.consumer.es\/alimentacion\/preparacion-biberones\/\" target=\"_blank\" rel=\"noreferrer noopener\">biber\u00f3<\/a>, o la que preneu les mares si doneu mamar <a href=\"https:\/\/bebe.consumer.es\/alimentacion\/tecnicas-posturas-lactancia\/\" target=\"_blank\" rel=\"noreferrer noopener\"><\/a>. Tamb\u00e9 podria ser per <strong>un reflux que no arriba a causar la <a href=\"https:\/\/bebe.consumer.es\/salud\/regurgitaciones\/\" target=\"_blank\" rel=\"noreferrer noopener\">regurgitaci\u00f3<\/a><\/strong> visible de llet, per\u00f2 s\u00ed que provoca una molesta<strong> co\u00efssor en l\u2019es\u00f2fag del beb\u00e8<\/strong>. <\/p>\n\n\n\n<h2 class=\"wp-block-heading\"><strong>Com llevar el c\u00f2lic al beb\u00e8: tractament i remeis<\/strong><\/h2>\n\n\n\n<p>Partint que \u00e9s un <strong>problema de causa desconeguda<\/strong> i que no hi ha cap medicament ni remei que el solucioni de manera dr\u00e0stica, s\u00ed que podeu tenir en compte una s\u00e8rie de <strong>recomanacions <\/strong>sobre <strong>qu\u00e8 podeu fer per a alleujar el c\u00f2lic al beb\u00e8<\/strong>, seguint sempre les <strong>indicacions del pediatre<\/strong>: <\/p>\n\n\n\n<ul class=\"wp-block-list\"><li><strong>Anticipar-se<\/strong> <strong>al problema.<\/strong><\/li><\/ul>\n\n\n\n<p>En molts casos, <strong>el plor s\u2019inicia<\/strong> gaireb\u00e9 matem\u00e0ticament <strong>a una mateixa hora<\/strong>, de manera que podeu <a href=\"https:\/\/bebe.consumer.es\/cuidados-generales-y-prevencion\/paseo-y-salidas\/\" target=\"_blank\" rel=\"noreferrer noopener\"><strong>treure-li<\/strong> <strong>a passejar<\/strong><\/a> una estona abans, perqu\u00e8 passi el moment cr\u00edtic adormit.<\/p>\n\n\n\n<ul class=\"wp-block-list\"><li><strong>Descarteu amb calma altres causes de plor.<\/strong><\/li><\/ul>\n\n\n\n<p>Encara que ja sapigueu per experi\u00e8ncia que no \u00e9s la fam, ni la calor, ni el <a href=\"https:\/\/bebe.consumer.es\/cuidados-generales-y-prevencion\/sueno\/\" target=\"_blank\" rel=\"noreferrer noopener\">somni<\/a>, ni la brut\u00edcia, ni la falta de companyia el que li fa plorar, \u00e9s recomanable que<strong> el comproveu rutin\u00e0riament<\/strong> amb una actitud assossegada, parlant-li amb suavitat i tractant de <strong>transmetre-li seguretat i confian\u00e7a.<\/strong><\/p>\n\n\n\n<ul class=\"wp-block-list\"><li><strong>T\u00e8cniques de relaxaci\u00f3.<\/strong><\/li><\/ul>\n\n\n\n<p>El <a href=\"https:\/\/bebe.consumer.es\/cuidados-generales-y-prevencion\/chupete\/\" target=\"_blank\" rel=\"noreferrer noopener\">xumet<\/a>, moviments r\u00edtmics, contacte f\u00edsic, massatges, m\u00fasica o sons li poden calmar, almenys, transit\u00f2riament. <strong>Passejar amb el beb\u00e8 en la motxilla de porteo, bressolar-lo o descansar<\/strong> amb ell ficat al llit sobre el ventre sol ser tamb\u00e9 efica\u00e7.<\/p>\n\n\n\n<ul class=\"wp-block-list\"><li><strong>El nen est\u00e0 sa.<\/strong><\/li><\/ul>\n\n\n\n<p>Si a la frustraci\u00f3 i l\u2019esgotament que causa el plor inconsolable del beb\u00e8 afegiu dubtes sobre la seva salut, ser\u00e0 gaireb\u00e9 impossible que mantingueu la calma que conv\u00e9 transmetre-li al beb\u00e8. <\/p>\n\n\n\n<ul class=\"wp-block-list\"><li><strong>Acceptaci\u00f3 del plor del beb\u00e8 i acompanyament.<\/strong><\/li><\/ul>\n\n\n\n<p><strong>Pretendre que el beb\u00e8 carrer com sigui<\/strong> nom\u00e9s serveix per a <strong>posar-li m\u00e9s nervi\u00f3s<\/strong>. Per contra, si teniu una <strong>actitud comprensiva i pacient<\/strong> pot ser de gran ajuda.<\/p>\n\n\n\n<ul class=\"wp-block-list\"><li><strong>Descans i ajuda.<\/strong><\/li><\/ul>\n\n\n\n<p>\u00c9s fonamental <strong>que arribeu a les hores dif\u00edcils amb el m\u00e0xim d\u2019energies<\/strong> i que, si es compta amb ajuda, aquesta permeti assegurar el descans especialment, de la mare. <\/p>\n","protected":false},"excerpt":{"rendered":"<p><span class=\"span-reading-time rt-reading-time\" style=\"display: block;\"><span class=\"rt-label rt-prefix\"><\/span> <span class=\"rt-time\"> 3<\/span> <span class=\"rt-label rt-postfix\">min.<\/span><\/span><\/p>\n","protected":false},"author":2,"featured_media":8305,"comment_status":"closed","ping_status":"closed","sticky":false,"template":"","format":"standard","meta":{"footnotes":""},"categories":[199],"tags":[208,281,335,332,353],"class_list":["post-7505","post","type-post","status-publish","format-standard","has-post-thumbnail","hentry","category-salut","tag-0-3-mesos","tag-consulta-medica-ca","tag-medicaments","tag-plor","tag-portament","infinite-scroll-item","generate-columns","tablet-grid-50","mobile-grid-100","grid-parent","grid-33"],"acf":[],"aioseo_notices":[],"_links":{"self":[{"href":"https:\/\/bebe.consumer.es\/ca\/wp-json\/wp\/v2\/posts\/7505\/"}],"collection":[{"href":"https:\/\/bebe.consumer.es\/ca\/wp-json\/wp\/v2\/posts\/"}],"about":[{"href":"https:\/\/bebe.consumer.es\/ca\/wp-json\/wp\/v2\/types\/post\/"}],"author":[{"embeddable":true,"href":"https:\/\/bebe.consumer.es\/ca\/wp-json\/wp\/v2\/users\/2\/"}],"replies":[{"embeddable":true,"href":"https:\/\/bebe.consumer.es\/ca\/wp-json\/wp\/v2\/comments\/?post=7505"}],"version-history":[{"count":4,"href":"https:\/\/bebe.consumer.es\/ca\/wp-json\/wp\/v2\/posts\/7505\/revisions\/"}],"predecessor-version":[{"id":8313,"href":"https:\/\/bebe.consumer.es\/ca\/wp-json\/wp\/v2\/posts\/7505\/revisions\/8313\/"}],"wp:featuredmedia":[{"embeddable":true,"href":"https:\/\/bebe.consumer.es\/ca\/wp-json\/wp\/v2\/media\/8305\/"}],"wp:attachment":[{"href":"https:\/\/bebe.consumer.es\/ca\/wp-json\/wp\/v2\/media\/?parent=7505"}],"wp:term":[{"taxonomy":"category","embeddable":true,"href":"https:\/\/bebe.consumer.es\/ca\/wp-json\/wp\/v2\/categories\/?post=7505"},{"taxonomy":"post_tag","embeddable":true,"href":"https:\/\/bebe.consumer.es\/ca\/wp-json\/wp\/v2\/tags\/?post=7505"}],"curies":[{"name":"wp","href":"https:\/\/api.w.org\/{rel}","templated":true}]}}