{"id":7523,"date":"2021-08-12T14:23:45","date_gmt":"2021-08-12T14:23:45","guid":{"rendered":"https:\/\/bebe.consumer.es\/?p=7523"},"modified":"2022-05-11T09:48:47","modified_gmt":"2022-05-11T09:48:47","slug":"motiu-de-consulta-urgent-quan-portar-al-bebe-al-pediatre","status":"publish","type":"post","link":"https:\/\/bebe.consumer.es\/ca\/salut\/motiu-de-consulta-urgent-quan-portar-al-bebe-al-pediatre\/","title":{"rendered":"Motiu de consulta urgent: quan portar al beb\u00e8 al pediatre"},"content":{"rendered":"<span class=\"span-reading-time rt-reading-time\" style=\"display: block;\"><span class=\"rt-label rt-prefix\"><\/span> <span class=\"rt-time\"> 3<\/span> <span class=\"rt-label rt-postfix\">min.<\/span><\/span>\n<p><strong>Amb un nounat <\/strong><strong><\/strong> a casa, durant els seus primers mesos de vida \u00e9s freq\u00fcent que el dubte de si acudir a l\u2019hospital o no us assalti.  Ja sigui per un plor inconsolable, per febre, per v\u00f2mits\u2026 La recomanaci\u00f3 general, sobretot quan s\u00f3n m\u00e9s petits, \u00e9s  consultar si creieu que alguna cosa no va b\u00e9 en el vostre beb\u00e8. <\/p>\n\n\n\n<h2 class=\"wp-block-heading\"><strong>Com detectar si el beb\u00e8 est\u00e0 en bon estat<\/strong><\/h2>\n\n\n\n<p>Hi ha alguns signes que us poden ajudar a distingir si el vostre beb\u00e8 ha de rebre atenci\u00f3 m\u00e8dica amb urg\u00e8ncia, o pot esperar a ser at\u00e8s pel seu pediatre habitual en consulta.<\/p>\n\n\n\n<h3 class=\"wp-block-heading\"><strong>Malament estat general: pal\u00b7lidesa, somnol\u00e8ncia, apatia<\/strong><\/h3>\n\n\n\n<p><strong>El bon estat general del beb\u00e8<\/strong> \u00e9s el criteri m\u00e9s valu\u00f3s per a acceptar que la seva <strong>salut \u00e9s bona<\/strong> o, almenys, no necessita ser explorat urgentment. Alguns aspectes que podeu observar s\u00f3n el <strong><a href=\"https:\/\/bebe.consumer.es\/nacimiento\/aspecto-recien-nacido\/\" target=\"_blank\" rel=\"noreferrer noopener\">color de la seva pell<\/a>,<\/strong> el seguiment de la <strong>mirada<\/strong> i la normalitat del seu <strong>comportament i activitat<\/strong>.<\/p>\n\n\n\n<p>Si noteu que el beb\u00e8 est\u00e0 <strong>p\u00e0l\u00b7lid<\/strong> i sembla <strong>indiferent o ap\u00e0tic<\/strong>, reacciona poc als est\u00edmuls, o est\u00e0 <strong>endormiscat<\/strong> i no li podeu despertar com habitualment, \u00e9s <strong>necessari<\/strong> <strong>que el porteu a l\u2019hospital.<\/strong><\/p>\n\n\n\n<h3 class=\"wp-block-heading\"><strong>La febre en el beb\u00e8<\/strong><\/h3>\n\n\n\n<p><strong>Abans dels <a href=\"https:\/\/bebe.consumer.es\/desarrollo-psicomotor-y-emocional\/bebe-3-meses\/\" target=\"_blank\" rel=\"noreferrer noopener\">tres mesos<\/a>, la<a href=\"https:\/\/bebe.consumer.es\/salud\/fiebre\/\" target=\"_blank\" rel=\"noreferrer noopener\"> febre<\/a><\/strong> \u00e9s <strong>motiu de consulta urgent,<\/strong> sempre que aquest augment de temperatura no es deu a un exc\u00e9s d\u2019abric. <a href=\"https:\/\/bebe.consumer.es\/cuidados-generales-y-prevencion\/abrigo\/\" target=\"_blank\" rel=\"noreferrer noopener\"><\/a> En aquest cas, el beb\u00e8 tornaria a la seva temperatura habitual (entre 36 \u00b0C i 37,4 \u00b0C) en llevar-li la <a href=\"https:\/\/bebe.consumer.es\/cuidados-generales-y-prevencion\/ropa\/\" target=\"_blank\" rel=\"noreferrer noopener\">roba<\/a> sobrant. <strong>En menors de tres mesos<\/strong>, i especialment en el <strong><a href=\"https:\/\/bebe.consumer.es\/desarrollo-psicomotor-y-emocional\/recien-nacido\/\" target=\"_blank\" rel=\"noreferrer noopener\">nounat<\/a><\/strong>, les <strong>infeccions<\/strong> poden agreujar-se de forma m\u00e9s <strong>r\u00e0pida. <\/strong>A m\u00e9s, existeixen complicacions relacionades amb el <a href=\"https:\/\/bebe.consumer.es\/nacimiento\/parto\/\" target=\"_blank\" rel=\"noreferrer noopener\">part<\/a> que poden provocar febre en el nounat. <\/p>\n\n\n\n<p>A partir d\u2019aquesta <a href=\"https:\/\/bebe.consumer.es\/desarrollo-psicomotor-y-emocional\/bebe-3-a-6-meses\/\" target=\"_blank\" rel=\"noreferrer noopener\">edat<\/a>, podeu comen\u00e7ar a relativitzar la urg\u00e8ncia, sobretot si la temperatura no \u00e9s major de 39 \u00b0C i si l\u2019estat general del beb\u00e8 \u00e9s bo.<\/p>\n\n\n\n<h3 class=\"wp-block-heading\"><strong>El beb\u00e8 rebutja l\u2019aliment<\/strong><\/h3>\n\n\n\n<p>El rebuig de l\u2019aliment \u00e9s especialment <strong>important en beb\u00e8s petits<\/strong>, hi hagi o no altres <strong>s\u00edmptomes associats.<\/strong> Existeix risc que es deshidrati r\u00e0pidament si no rep l\u2019aliment que necessita, per la qual cosa ha de menjar amb freq\u00fc\u00e8ncia. <\/p>\n\n\n\n<p>En canvi, <strong>si es tracta d\u2019un lactant de m\u00e9s de quatre o cinc setmanes,<\/strong> que es mostra <strong>despert i amb bon aspecte<\/strong>, per\u00f2 <strong>rebutja espor\u00e0dicament<\/strong> alguna <strong><a href=\"https:\/\/bebe.consumer.es\/alimentacion\/tomas-lactancia\/\" target=\"_blank\" rel=\"noreferrer noopener\">presa<\/a><\/strong> o vol menys <a href=\"https:\/\/bebe.consumer.es\/alimentacion\/preparacion-biberones\/\" target=\"_blank\" rel=\"noreferrer noopener\">biber\u00f3<\/a> <strong>durant uns dies, no hi ha motiu per a preocupar-se<\/strong>.<\/p>\n\n\n\n<h3 class=\"wp-block-heading\"><strong>Irritabilitat o plor inconsolable<\/strong><\/h3>\n\n\n\n<p>Encara que els beb\u00e8s comuniquen les seves necessitats a trav\u00e9s del<a href=\"https:\/\/bebe.consumer.es\/salud\/llanto\/\" target=\"_blank\" rel=\"noreferrer noopener\"> plor<\/a>, sense que aix\u00f2 impliqui cap problema i per descomptat cap urg\u00e8ncia, el plor <strong>que no es consola<\/strong> pot ser motiu de valoraci\u00f3. Especialment si el timbre \u00e9s diferent a l\u2019habitual donant <strong>sensaci\u00f3 de dolor<\/strong> o, al contrari, quan <strong><a href=\"https:\/\/enfamilia.aeped.es\/edades-etapas\/llanto-bebe\" target=\"_blank\" rel=\"noreferrer noopener nofollow\">\u00e9s feble, semblant-se m\u00e9s a un gemec. <\/a><\/strong><\/p>\n\n\n\n<figure class=\"wp-block-image size-large\"><img loading=\"lazy\" decoding=\"async\" width=\"1024\" height=\"683\" src=\"https:\/\/bebe.consumer.es\/wp-content\/uploads\/Motivo-de-consulta-1024x683.jpg\" alt=\"Madre con su beb\u00e9 en el m\u00e9dico\" class=\"wp-image-6017\" srcset=\"https:\/\/bebe.consumer.es\/wp-content\/uploads\/Motivo-de-consulta-1024x683.jpg 1024w, https:\/\/bebe.consumer.es\/wp-content\/uploads\/Motivo-de-consulta-300x200.jpg 300w, https:\/\/bebe.consumer.es\/wp-content\/uploads\/Motivo-de-consulta-768x512.jpg 768w, https:\/\/bebe.consumer.es\/wp-content\/uploads\/Motivo-de-consulta-1536x1024.jpg 1536w, https:\/\/bebe.consumer.es\/wp-content\/uploads\/Motivo-de-consulta-2048x1365.jpg 2048w\" sizes=\"auto, (max-width: 1024px) 100vw, 1024px\" \/><\/figure>\n\n\n\n<p><\/p>\n\n\n\n<p>El plor inconsolable en els beb\u00e8s sol diagnosticar-se com un <a href=\"https:\/\/bebe.consumer.es\/salud\/colico-lactante\/\" target=\"_blank\" rel=\"noreferrer noopener\">c\u00f2lic del lactant<\/a>: s\u2019inicien i finalitzen bruscament, duren m\u00e9s de tres hores al dia (generalment en fosquejar) i succeeixen almenys tres dies a la setmana, que no necessita atenci\u00f3 m\u00e8dica i disminueix per si nom\u00e9s cap als 4 mesos d\u2019edat.<\/p>\n\n\n\n<h3 class=\"wp-block-heading\"><strong>La diarrea<\/strong><\/h3>\n\n\n\n<p>La <a href=\"https:\/\/bebe.consumer.es\/salud\/vomitos-diarreas\/\" target=\"_blank\" rel=\"noreferrer noopener\">diarrea<\/a> sol ser <strong>s\u00edmptoma<\/strong> d\u2019una <strong>infecci\u00f3 gastrointestinal<\/strong>. El problema de la diarrea \u00e9s que, si es mant\u00e9 en el temps, pot <strong>causar deshidrataci\u00f3.<\/strong> Com m\u00e9s petit \u00e9s el beb\u00e8 o nen, m\u00e9s risc de deshidrataci\u00f3 hi ha. <\/p>\n\n\n\n<p>Heu de distingir <a href=\"https:\/\/www.aeped.es\/sites\/default\/files\/documentos\/diarrea_ag.pdf\" target=\"_blank\" rel=\"noreferrer noopener nofollow\">la diarrea<\/a> de les <a href=\"https:\/\/enfamilia.aeped.es\/edades-etapas\/deposiciones-cacas-bebes-alimentados-con-pecho-con-biberon\" target=\"_blank\" rel=\"noreferrer noopener nofollow\">deposicions<\/a> habituals en els lactants alimentats amb llet materna exclusiva. Aquestes deposicions s\u00f3n l\u00edquides, en ocasions explosives, d\u2019un to groguenc, i resulten totalment normals.<\/p>\n\n\n\n<p>Alguns signes de la deshidrataci\u00f3 del beb\u00e8 s\u00f3n: <\/p>\n\n\n\n<ul class=\"wp-block-list\"><li>Mulla menys bolquers. <\/li><li>La poca orina que fa \u00e9s fosca.<\/li><li>T\u00e9 els llavis secs.<\/li><li>En casos m\u00e9s greus, entre altres s\u00edmptomes, el beb\u00e8 presenta ulleres enfonsades i si li pessigues la pell aquesta triga a tornar al seu lloc.<\/li><\/ul>\n\n\n\n<h3 class=\"wp-block-heading\"><strong>V\u00f2mits en el beb\u00e8<\/strong><\/h3>\n\n\n\n<p>Els v\u00f2mits poden ser un s\u00edmptoma de <strong>diferents malalties, <\/strong>entre les quals s\u2019inclouen les infeccions gastrointestinals. Encara que el <a href=\"https:\/\/www.elsevier.es\/es-revista-anales-pediatria-continuada-51-articulo-vomitos-S1696281809732007\" target=\"_blank\" rel=\"noreferrer noopener nofollow\">v\u00f2mit <\/a>deshidrata menys que la diarrea, \u00e9s important tenir en compte que, <strong>si s\u00f3n molt repetits<\/strong>, el beb\u00e8 estar\u00e0 perdent massa l\u00edquids i sals minerals. La urg\u00e8ncia, si no presenta s\u00edmptomes de deshidrataci\u00f3, dependr\u00e0 de l\u2019edat del beb\u00e8. Si \u00e9s menor de tres mesos i vomita m\u00e9s de tres preses, haur\u00edeu d\u2019acudir a l\u2019hospital. <\/p>\n\n\n\n<p>A vegades podeu confondre un v\u00f2mit amb una <a href=\"https:\/\/bebe.consumer.es\/salud\/regurgitaciones\/\" target=\"_blank\" rel=\"noreferrer noopener\">regurgitaci\u00f3<\/a> benigna, o amb el reflux gastroesof\u00e1gico, que s\u00f3n comuns durant la lact\u00e0ncia. Les principals difer\u00e8ncies s\u00f3n que, despr\u00e9s de regurgitar, el beb\u00e8 no sembla sentir-se inc\u00f2mode i expulsa poca quantitat de llet. A m\u00e9s, si \u00e9s un v\u00f2mit, el contingut g\u00e0stric sortir\u00e0 amb for\u00e7a i a vegades acompanyat d\u2019arcades.<\/p>\n\n\n\n<h3 class=\"wp-block-heading\"><strong>El beb\u00e8 t\u00e9 dificultat per a respirar<\/strong><\/h3>\n\n\n\n<p>Quan el beb\u00e8 t\u00e9 tos o mocs, principalment, el que m\u00e9s preocupa \u00e9s que l\u2019afecci\u00f3 li impedeixi respirar correctament, per aix\u00f2 heu d\u2019observar <strong>el seu ritme respiratori<\/strong>. Si en respirar se li enfonsen les costelles, si sentiu algun so respiratori an\u00f2mal (com a xiulets), si observeu un canvi de color en la pell (es torna a un color blav\u00f3s o p\u00e0l\u00b7lid) o una sensaci\u00f3 d\u2019ansietat <strong>en el beb\u00e8<\/strong> o nen, <a href=\"https:\/\/www.aeped.es\/sites\/default\/files\/documentos\/31.pdf\" target=\"_blank\" rel=\"noreferrer noopener nofollow\">heu de consultar amb un pediatre<\/a> ja que poden ser signes d\u2019una <a href=\"https:\/\/bebe.consumer.es\/salud\/bronquiolitis-bronquitis-y-asma-bronquial\/\" target=\"_blank\" rel=\"noreferrer noopener\">dificultat respirat\u00f2ria<\/a> important. <\/p>\n","protected":false},"excerpt":{"rendered":"<p><span class=\"span-reading-time rt-reading-time\" style=\"display: block;\"><span class=\"rt-label rt-prefix\"><\/span> <span class=\"rt-time\"> 3<\/span> <span class=\"rt-label rt-postfix\">min.<\/span><\/span><\/p>\n","protected":false},"author":2,"featured_media":4205,"comment_status":"closed","ping_status":"closed","sticky":false,"template":"","format":"standard","meta":{"footnotes":""},"categories":[199],"tags":[200,208,209,210,211,212,215,312,332,382,411],"class_list":["post-7523","post","type-post","status-publish","format-standard","has-post-thumbnail","hentry","category-salut","tag-18-mesos","tag-0-3-mesos","tag-12-18-mesos","tag-3-6-mesos","tag-6-9-mesos","tag-9-12-mesos","tag-alimentacio-ca","tag-febre","tag-plor","tag-seguretat","tag-visites-mediques","infinite-scroll-item","generate-columns","tablet-grid-50","mobile-grid-100","grid-parent","grid-33"],"acf":[],"aioseo_notices":[],"_links":{"self":[{"href":"https:\/\/bebe.consumer.es\/ca\/wp-json\/wp\/v2\/posts\/7523\/"}],"collection":[{"href":"https:\/\/bebe.consumer.es\/ca\/wp-json\/wp\/v2\/posts\/"}],"about":[{"href":"https:\/\/bebe.consumer.es\/ca\/wp-json\/wp\/v2\/types\/post\/"}],"author":[{"embeddable":true,"href":"https:\/\/bebe.consumer.es\/ca\/wp-json\/wp\/v2\/users\/2\/"}],"replies":[{"embeddable":true,"href":"https:\/\/bebe.consumer.es\/ca\/wp-json\/wp\/v2\/comments\/?post=7523"}],"version-history":[{"count":1,"href":"https:\/\/bebe.consumer.es\/ca\/wp-json\/wp\/v2\/posts\/7523\/revisions\/"}],"predecessor-version":[{"id":7526,"href":"https:\/\/bebe.consumer.es\/ca\/wp-json\/wp\/v2\/posts\/7523\/revisions\/7526\/"}],"wp:featuredmedia":[{"embeddable":true,"href":"https:\/\/bebe.consumer.es\/ca\/wp-json\/wp\/v2\/media\/4205\/"}],"wp:attachment":[{"href":"https:\/\/bebe.consumer.es\/ca\/wp-json\/wp\/v2\/media\/?parent=7523"}],"wp:term":[{"taxonomy":"category","embeddable":true,"href":"https:\/\/bebe.consumer.es\/ca\/wp-json\/wp\/v2\/categories\/?post=7523"},{"taxonomy":"post_tag","embeddable":true,"href":"https:\/\/bebe.consumer.es\/ca\/wp-json\/wp\/v2\/tags\/?post=7523"}],"curies":[{"name":"wp","href":"https:\/\/api.w.org\/{rel}","templated":true}]}}