{"id":7535,"date":"2021-08-10T14:39:56","date_gmt":"2021-08-10T14:39:56","guid":{"rendered":"https:\/\/bebe.consumer.es\/?p=7535"},"modified":"2022-09-03T12:14:01","modified_gmt":"2022-09-03T12:14:01","slug":"quines-son-les-malalties-mes-comunes-en-la-infancia","status":"publish","type":"post","link":"https:\/\/bebe.consumer.es\/ca\/salut\/quines-son-les-malalties-mes-comunes-en-la-infancia\/","title":{"rendered":"Quines s\u00f3n les malalties m\u00e9s comunes en la inf\u00e0ncia"},"content":{"rendered":"<span class=\"span-reading-time rt-reading-time\" style=\"display: block;\"><span class=\"rt-label rt-prefix\"><\/span> <span class=\"rt-time\"> 5<\/span> <span class=\"rt-label rt-postfix\">min.<\/span><\/span>\n<p>Durant la inf\u00e0ncia, els beb\u00e8s i els nens passen per nombroses malalties. Com el seu sistema immunitari est\u00e0 en proc\u00e9s de maduraci\u00f3, \u00e9s normal que emmalalteixin sovint. Generalment aquestes malalties cursen sense complicacions, per\u00f2 con\u00e8ixer les m\u00e9s habituals us poden ajudar a estar previnguts i a saber com actuar en cada cas.<\/p>\n\n\n\n<h2 class=\"wp-block-heading\"><strong>Qu\u00e8 s\u00f3n els refredats?<\/strong><\/h2>\n\n\n\n<p><a href=\"https:\/\/enfamilia.aeped.es\/temas-salud\/catarro-resfriado\" target=\"_blank\" rel=\"noreferrer noopener nofollow\">El refredat o catarro<\/a> \u00e9s un episodi d\u2019obstrucci\u00f3 <strong>nasal per l\u2019augment de mucositat i tos.<\/strong> Es produeix diverses vegades a l\u2019any en la primera inf\u00e0ncia, especialment en els mesos m\u00e9s freds. Pot acompanyar-se de febre, m\u00e9s habitual com m\u00e9s petit \u00e9s el nen. <\/p>\n\n\n\n<p>Els refredats s\u00f3n molt freq\u00fcents <strong>en els primers anys de vida<\/strong>, i poden anar-se encadenant, ja que poden ser causats per m\u00e9s de 200 de virus que no deixen immunitat. <\/p>\n\n\n\n<p>Es transmet d\u2019una persona infectada a una altra <strong>a trav\u00e9s de les secrecions respirat\u00f2ries<\/strong>, o mitjan\u00e7ant els <strong>objectes contaminats<\/strong> amb secrecions. Les mans s\u00f3n un vehicle molt important de transmissi\u00f3, per aix\u00f2 solen ser una de les malalties m\u00e9s freq\u00fcents en els nens. Per aix\u00f2, la principal mesura de prevenci\u00f3 d\u2019aquesta malaltia durant l\u2019edat escolar \u00e9s la higiene de mans.<\/p>\n\n\n\n<h3 class=\"wp-block-heading\"><strong>C<\/strong>u\u00e1nto dura un refredat en un nen<\/h3>\n\n\n\n<p>L&#8221;evoluci\u00f3 habitual <strong>dura uns 7-10 dies.<\/strong> Si hi ha <strong>febre<\/strong>, sol ser durant <strong>dos o tres dies<\/strong>. Els mocs, i especialment la tos, solen ser m\u00e9s persistents. La mucositat inicialment \u00e9s clara i transparent, per\u00f2 amb el pas dels dies, veureu que ser\u00e0 m\u00e9s espessa i anir\u00e0 canviant de color a groguenc i verd\u00f3s. Aquest canvi de coloraci\u00f3 no indica complicaci\u00f3 i forma part de l\u2019evoluci\u00f3 habitual. <\/p>\n\n\n\n<h3 class=\"wp-block-heading\"><strong>Tractament per a refredats en la inf\u00e0ncia<\/strong><\/h3>\n\n\n\n<p>El tractament es basa a <strong>pal\u00b7liar els s\u00edmptomes<\/strong> i <strong>prevenir<\/strong> les complicacions. Una de les mesures principals que heu de fer \u00e9s la <strong><a href=\"https:\/\/enfamilia.aeped.es\/vida-sana\/lavados-nasales\" target=\"_blank\" rel=\"noreferrer noopener nofollow\">rentada nasal<\/a> <\/strong>amb s\u00e8rum fisiol\u00f2gic. Aquestes rentades podeu realitzar-los tantes vegades com sigui necessari, sent especialment <strong>\u00fatils abans dels menjars<\/strong> o de posar-li a <strong>dormir<\/strong>.&nbsp;<\/p>\n\n\n\n<figure class=\"wp-block-image size-large\"><img loading=\"lazy\" decoding=\"async\" width=\"1024\" height=\"683\" src=\"https:\/\/bebe.consumer.es\/wp-content\/uploads\/Enfermedades-comunes-1024x683.jpg\" alt=\"Limpiando la nariz del beb\u00e9\" class=\"wp-image-6024\" srcset=\"https:\/\/bebe.consumer.es\/wp-content\/uploads\/Enfermedades-comunes-1024x683.jpg 1024w, https:\/\/bebe.consumer.es\/wp-content\/uploads\/Enfermedades-comunes-300x200.jpg 300w, https:\/\/bebe.consumer.es\/wp-content\/uploads\/Enfermedades-comunes-768x512.jpg 768w, https:\/\/bebe.consumer.es\/wp-content\/uploads\/Enfermedades-comunes-1536x1024.jpg 1536w, https:\/\/bebe.consumer.es\/wp-content\/uploads\/Enfermedades-comunes-2048x1365.jpg 2048w\" sizes=\"auto, (max-width: 1024px) 100vw, 1024px\" \/><\/figure>\n\n\n\n<p><\/p>\n\n\n\n<p>Les <strong>complicacions<\/strong> que se solen produir s\u00f3n provocades per la <strong>sobreinfecci\u00f3n per bacteris<\/strong>, ocasionant otitis, sinusitis, conjuntivitis o pneum\u00f2nia. No obstant aix\u00f2, administrar <strong>antibi\u00f2tics<\/strong> en els catarros <strong>no evita que es produeixin<\/strong>, aix\u00ed que aquests no s\u2019aconsellen excepte per indicaci\u00f3 pedi\u00e0trica. <\/p>\n\n\n\n<h2 class=\"wp-block-heading\"><strong>Otitis durant la inf\u00e0ncia<\/strong><\/h2>\n\n\n\n<p><strong>L&#8221;o\u00efda<\/strong> mitjana, situat darrere del timp\u00e0, <strong>comunica amb les fosses<\/strong> nasals per mitj\u00e0 de la trompa d\u2019Eustaquio, <strong>formant aix\u00ed part de les vies respirat\u00f2ries.<\/strong> Aquest \u00e9s el lloc en el qual s\u2019assenteixi l\u2019otitis <strong>mitjana aguda<\/strong>, una de les infeccions principals en nens, especialment a partir dels <strong><a href=\"https:\/\/bebe.consumer.es\/desarrollo-psicomotor-y-emocional\/bebe-6-a-9-meses\/\" target=\"_blank\" rel=\"noreferrer noopener\">sis mesos<\/a><\/strong>.<\/p>\n\n\n\n<p>Els g\u00e8rmens que hi ha en les fosses nasals o en la gola aconsegueixen l\u2019o\u00efda mitjana i, quan el pus que produeix la infecci\u00f3 empeny la membrana del timp\u00e0, apareix un <strong>dolor molt intens<\/strong> que sol fer plorar a crits al nen. <strong>Si la pressi\u00f3 augmenta<\/strong>, es pot arribar a <strong>perforar aquesta membrana<\/strong>, amb el que el pus surt a l\u2019exterior i cessa el plor del beb\u00e8.<\/p>\n\n\n\n<h3 class=\"wp-block-heading\"><strong>Tractament per a l\u2019otitis<\/strong><\/h3>\n\n\n\n<p>El tractament principal de l\u2019otitis <a href=\"https:\/\/www.aeped.es\/sites\/default\/files\/documentos\/oma.pdf\" target=\"_blank\" rel=\"noreferrer noopener nofollow\"><\/a> \u00e9s fer que remetin els s\u00edmptomes amb <strong>analg\u00e8sia i antiinflamatoris<\/strong> per al dolor provocat per la inflamaci\u00f3 i la febre. Moltes otitis necessiten tractament antibi\u00f2tic, que us pautar\u00e1 el pediatre. <\/p>\n\n\n\n<p>En cas d\u2019otitis <strong>de repetici\u00f3, <\/strong>pot ser necessari <strong>avaluar l\u2019audici\u00f3<\/strong> i la funcionalitat del timp\u00e0. <\/p>\n\n\n\n<h2 class=\"wp-block-heading\"><strong>Qu\u00e8 fer en cas de conjuntivitis<\/strong><\/h2>\n\n\n\n<p>La <a href=\"https:\/\/enfamilia.aeped.es\/temas-salud\/conjuntivitis\" target=\"_blank\" rel=\"noreferrer noopener nofollow\">conjuntivitis<\/a> \u00e9s la <strong>inflamaci\u00f3 de la conjuntiva<\/strong>, una capa transparent que recobreix la part blanca visible de l\u2019ull (escler\u00f2tica) i la cara interna de les parpelles. Pot ser <strong>causada per bacteris<\/strong> o virus, per\u00f2 tamb\u00e9 per <strong>irritants f\u00edsics o qu\u00edmics<\/strong> o per mecanismes al\u00b7l\u00e8rgics. Les <a href=\"https:\/\/bebe.consumer.es\/primeros-auxilios\/traumatismos-o-quemaduras-oculares\/\" target=\"_blank\" rel=\"noreferrer noopener\">conjuntivitis <\/a><strong>infeccioses<\/strong> es manifesten per <strong>enrogiment de la conjuntiva<\/strong>, <strong>llagrimeig<\/strong> i secrecions purulentes. <strong>La m\u00e9s greu<\/strong> \u00e9s les que pot adquirir el nounat en passar a trav\u00e9s del <strong><a href=\"https:\/\/bebe.consumer.es\/nacimiento\/parto\/\" target=\"_blank\" rel=\"noreferrer noopener\">canal del part<\/a><\/strong>; per a evitar-la, se&#8221;ls aplica un col\u00b7liri <a href=\"https:\/\/bebe.consumer.es\/nacimiento\/procedimientos-rutinarios\/\" target=\"_blank\" rel=\"noreferrer noopener\">res m\u00e9s n\u00e9ixer<\/a>. <\/p>\n\n\n\n<p>\u00c9s normal que trobeu <strong>espor\u00e0dicament<\/strong> alguna <strong>lleganya <\/strong>en l\u2019ull del nen, que habitualment no requereix m\u00e9s tractament que la rentada amb una <strong>gasa xopada en s\u00e8rum fisiol\u00f2gic<\/strong>. Si la secreci\u00f3 \u00e9s abundant o <strong>persistent<\/strong>, segurament requerir\u00e0 <strong>tractament antibi\u00f2tic local<\/strong>, amb les gotes o la pomada que el pediatre prescrigui.<\/p>\n\n\n\n<h2 class=\"wp-block-heading\"><strong>Gastroenteritis en nens <\/strong><\/h2>\n\n\n\n<p>La gastroenteritis \u00e9s la inflamaci\u00f3 de l\u2019est\u00f3mac provocada per un virus.<strong> El tractament de les <a href=\"https:\/\/bebe.consumer.es\/salud\/vomitos-diarreas\/\" target=\"_blank\" rel=\"noreferrer noopener\">gastroenteritis agudes<\/a><\/strong>, que causen v\u00f2mits i diarrea en el beb\u00e8, es basa en el fet que eviteu la deshidrataci\u00f3 del beb\u00e8 i que l\u2019alimenteu tan b\u00e9 com sigui possible mentre duri el proc\u00e9s (amb preses freq\u00fcents per\u00f2 amb poca quantitat). D\u2019aquesta manera, el propi organisme el resoldr\u00e0 en pocs dies.<\/p>\n\n\n\n<h2 class=\"wp-block-heading\"><strong>La diarrea en beb\u00e8s<\/strong><\/h2>\n\n\n\n<p>La diarrea \u00e9s la <strong>disminuci\u00f3 de la consist\u00e8ncia de la femta<\/strong> associada a un augment en la seva freq\u00fc\u00e8ncia. En els beb\u00e8s <a href=\"https:\/\/bebe.consumer.es\/embarazo\/decisiones-previas\/\" target=\"_blank\" rel=\"noreferrer noopener\">criats al pit<\/a>, que ja fan normalment unes deposicions deslligades, la diarrea es <strong>reconeix <\/strong>en augmentar <strong> el volum de l\u00edquid<\/strong> que contenen <strong>la femta.<\/strong><\/p>\n\n\n\n<p>Actualment, en beb\u00e8s que mengen altres aliments a m\u00e9s de la llet, no es recomana seguir cap dieta especial, m\u00e9s enll\u00e0 de continuar oferint aliments saludables. A vegades, la diarrea \u00e9s una conseq\u00fc\u00e8ncia despr\u00e9s de l\u2019administraci\u00f3 d\u2019antibi\u00f2tics. I encara que no se sap el motiu concret d\u2019aquesta relaci\u00f3, probablement es deu a una descompensaci\u00f3 entre els bacteris bons i els bacteris dolents en el tracte gastrointestinal deguda a l\u2019acci\u00f3 de l\u2019antibi\u00f2tic.<\/p>\n\n\n\n<h2 class=\"wp-block-heading\"><strong>Restrenyiment<\/strong><\/h2>\n\n\n\n<p>El <a href=\"https:\/\/bebe.consumer.es\/salud\/estrenimiento\" target=\"_blank\" rel=\"noreferrer noopener\">restrenyiment<\/a> <strong>sol ser freq\u00fcent amb la introducci\u00f3 de l\u2019alimentaci\u00f3 <a href=\"https:\/\/bebe.consumer.es\/alimentacion\/inicio-alimentacion-complementaria\/\" target=\"_blank\" rel=\"noreferrer noopener\">complement\u00e0ria <\/a><\/strong><strong>i pot oc\u00f3rrer amb la <a href=\"https:\/\/bebe.consumer.es\/cuidados-generales-y-prevencion\/adios-panal\/\" target=\"_blank\" rel=\"noreferrer noopener\">retirada del bolquer<\/a><\/strong>. <\/p>\n\n\n\n<p>Els beb\u00e8s alimentats amb llet materna de manera exclusiva poden passar-se diversos dies <a href=\"https:\/\/enfamilia.aeped.es\/edades-etapas\/cacas-bebes\" target=\"_blank\" rel=\"noreferrer noopener nofollow\">sense fer caca<\/a>. Una vegada transcorregudes les primeres setmanes de vida, \u00e9s freq\u00fcent que no tinguin deposicions di\u00e0riament, sent aix\u00f2 completament normal. Aquest fet a vegades s\u2019acompanya d\u2019episodis d\u2019incomoditat, amb grunyits i encongiment de cames, i podria semblar que el beb\u00e8 est\u00e0 intentant fer caca i no pot. A aquest proc\u00e9s benigne se&#8221;n diu disquecia del lactant, i ocorre per la falta de coordinaci\u00f3 entre l\u2019esfor\u00e7 per a evacuar i l\u2019obertura de l\u2019esf\u00ednter anal. <\/p>\n\n\n\n<p>Si un beb\u00e8 alimentat amb <a href=\"https:\/\/bebe.consumer.es\/alimentacion\/leche-de-formula\/\" target=\"_blank\" rel=\"noreferrer noopener\">llet de f\u00f3rmula<\/a> est\u00e0 restret, pot ser que el pediatre us recomani canviar de marca de llet. <\/p>\n\n\n\n<h2 class=\"wp-block-heading\"><strong>Dermatitis del bolquer<\/strong><\/h2>\n\n\n\n<p>La <a href=\"https:\/\/bebe.consumer.es\/salud\/dermatitis-panal\/\" target=\"_blank\" rel=\"noreferrer noopener\">dermatitis del bolquer<\/a> \u00e9s la <strong><a href=\"https:\/\/bebe.consumer.es\/salud\/erupciones-cutaneas\/\" target=\"_blank\" rel=\"noreferrer noopener\">irritaci\u00f3 de la pell<\/a> coberta pel bolquer <\/strong>i es manifesta amb un enrogiment en la zona i l\u2019aparici\u00f3 de diferents lesions com a butllofes o descamacions. Algunes poden ser doloroses al contacte, segons la intensitat de la lesi\u00f3. <\/p>\n\n\n\n<p>La complicaci\u00f3 m\u00e9s habitual \u00e9s una sobreinfecci\u00f3n per fongs i precisa de l\u2019aplicaci\u00f3 d\u2019una crema antif\u00fangica receptada pel pediatre. Per a la <a href=\"https:\/\/www.aeped.es\/sites\/default\/files\/documentos\/dermatitis-panal.pdf\" target=\"_blank\" rel=\"noreferrer noopener nofollow\">dermatitis del bolquer<\/a> lleu, igual que per a la seva prevenci\u00f3, el tractament b\u00e0sic \u00e9s el canvi de bolquer freq\u00fcent, la rentada amb aigua i sab\u00f3 neutre, i mantenir la zona seca i a l\u2019aire tot el temps possible.<\/p>\n\n\n\n<h2 class=\"wp-block-heading\"><strong>Infecci\u00f3 de les vies urin\u00e0ries en beb\u00e8s<\/strong><\/h2>\n\n\n\n<p>A difer\u00e8ncia dels adults, els beb\u00e8s que sofreixen <a href=\"https:\/\/www.aeped.es\/sites\/default\/files\/documentos\/07_infeccion_vias_urinarias.pdf\" target=\"_blank\" rel=\"noreferrer noopener nofollow\">infecci\u00f3 d\u2019orina<\/a> poden no presentar s\u00edmptomes com el dolor o l\u2019augment en la freq\u00fc\u00e8ncia de la micci\u00f3. De fet, entre els menors de dos anys, la manifestaci\u00f3 m\u00e9s habitual \u00e9s simplement un proc\u00e9s febril sense focus. <\/p>\n\n\n\n<p>El diagn\u00f2stic solament pot fer-se a trav\u00e9s d\u2019una an\u00e0lisi d\u2019orina, i el tractament generalment \u00e9s l\u2019administraci\u00f3 d\u2019antibi\u00f2tics.<\/p>\n","protected":false},"excerpt":{"rendered":"<p><span class=\"span-reading-time rt-reading-time\" style=\"display: block;\"><span class=\"rt-label rt-prefix\"><\/span> <span class=\"rt-time\"> 5<\/span> <span class=\"rt-label rt-postfix\">min.<\/span><\/span><\/p>\n","protected":false},"author":2,"featured_media":8657,"comment_status":"closed","ping_status":"closed","sticky":false,"template":"","format":"standard","meta":{"footnotes":""},"categories":[199],"tags":[200,208,209,210,211,212,281,312,365,374],"class_list":["post-7535","post","type-post","status-publish","format-standard","has-post-thumbnail","hentry","category-salut","tag-18-mesos","tag-0-3-mesos","tag-12-18-mesos","tag-3-6-mesos","tag-6-9-mesos","tag-9-12-mesos","tag-consulta-medica-ca","tag-febre","tag-prevencio-dolor","tag-salut-infantil","infinite-scroll-item","generate-columns","tablet-grid-50","mobile-grid-100","grid-parent","grid-33"],"acf":[],"aioseo_notices":[],"_links":{"self":[{"href":"https:\/\/bebe.consumer.es\/ca\/wp-json\/wp\/v2\/posts\/7535\/"}],"collection":[{"href":"https:\/\/bebe.consumer.es\/ca\/wp-json\/wp\/v2\/posts\/"}],"about":[{"href":"https:\/\/bebe.consumer.es\/ca\/wp-json\/wp\/v2\/types\/post\/"}],"author":[{"embeddable":true,"href":"https:\/\/bebe.consumer.es\/ca\/wp-json\/wp\/v2\/users\/2\/"}],"replies":[{"embeddable":true,"href":"https:\/\/bebe.consumer.es\/ca\/wp-json\/wp\/v2\/comments\/?post=7535"}],"version-history":[{"count":2,"href":"https:\/\/bebe.consumer.es\/ca\/wp-json\/wp\/v2\/posts\/7535\/revisions\/"}],"predecessor-version":[{"id":8946,"href":"https:\/\/bebe.consumer.es\/ca\/wp-json\/wp\/v2\/posts\/7535\/revisions\/8946\/"}],"wp:featuredmedia":[{"embeddable":true,"href":"https:\/\/bebe.consumer.es\/ca\/wp-json\/wp\/v2\/media\/8657\/"}],"wp:attachment":[{"href":"https:\/\/bebe.consumer.es\/ca\/wp-json\/wp\/v2\/media\/?parent=7535"}],"wp:term":[{"taxonomy":"category","embeddable":true,"href":"https:\/\/bebe.consumer.es\/ca\/wp-json\/wp\/v2\/categories\/?post=7535"},{"taxonomy":"post_tag","embeddable":true,"href":"https:\/\/bebe.consumer.es\/ca\/wp-json\/wp\/v2\/tags\/?post=7535"}],"curies":[{"name":"wp","href":"https:\/\/api.w.org\/{rel}","templated":true}]}}