{"id":7571,"date":"2021-08-04T10:20:54","date_gmt":"2021-08-04T10:20:54","guid":{"rendered":"https:\/\/bebe.consumer.es\/?p=7571"},"modified":"2022-06-15T17:35:16","modified_gmt":"2022-06-15T17:35:16","slug":"la-pell-del-bebe-erupcions-cutanies-dermatitis-atopiques-i-exantemas","status":"publish","type":"post","link":"https:\/\/bebe.consumer.es\/ca\/salut\/la-pell-del-bebe-erupcions-cutanies-dermatitis-atopiques-i-exantemas\/","title":{"rendered":"La pell del beb\u00e8: erupcions cut\u00e0nies, dermatitis at\u00f2piques i exantemas"},"content":{"rendered":"<span class=\"span-reading-time rt-reading-time\" style=\"display: block;\"><span class=\"rt-label rt-prefix\"><\/span> <span class=\"rt-time\"> 3<\/span> <span class=\"rt-label rt-postfix\">min.<\/span><\/span>\n<p>La pell durant la inf\u00e0ncia t\u00e9 unes <strong>caracter\u00edstiques diferents <\/strong>a la dels <strong>adults<\/strong>, que la fan <strong>m\u00e9s susceptible a les irritacions<\/strong> i a les infeccions. Per aix\u00f2, \u00e9s important que aprengueu com cuidar la pell del beb\u00e8 de manera \u00f2ptima. <\/p>\n\n\n\n<p>En els beb\u00e8s, la pell \u00e9s una barrera molt m\u00e9s <strong> fina i delicada,<\/strong> podent ser fins a un 30% m\u00e9s prima que la pell dels nens d\u2019altres edats. T\u00e9 un pH neutre, major risc de deshidrataci\u00f3, m\u00e9s dificultat per a la termoregulaci\u00f3 i menor producci\u00f3 de melanina, que la fa m\u00e9s vulnerable tamb\u00e9 als<a href=\"https:\/\/bebe.consumer.es\/cuidados-generales-y-prevencion\/sol\/\" target=\"_blank\" rel=\"noreferrer noopener\"> raigs solars.<\/a> <\/p>\n\n\n\n<p>Les erupcions cut\u00e0nies, la dermatitis at\u00f2pica i els exantemas s\u00f3n les principals alteracions de la pell del lactant. <\/p>\n\n\n\n<h2 class=\"wp-block-heading\"><strong>Erupcions cut\u00e0nies en la inf\u00e0ncia<\/strong><\/h2>\n\n\n\n<p>Les irritacions en la pell seran especialment <strong>freq\u00fcents en beb\u00e8s i nens<\/strong> que de per si mateix tenen <strong>la pell m\u00e9s sensible<\/strong> o amb un <strong>fototipo baix<\/strong> (pells clares, que no es bronzegen i amb el cabell de color ros o p\u00e8l-roig). Davant qualsevol <strong>est\u00edmul ambiental<\/strong>, com el fred o la calor, a vegades el simple frec de la barba o d\u2019una pe\u00e7a de <a href=\"https:\/\/bebe.consumer.es\/cuidados-generales-y-prevencion\/ropa\/\" target=\"_blank\" rel=\"noreferrer noopener\"><strong>roba<\/strong> <\/a>que estreny m\u00e9s del normal, o el <strong><a href=\"https:\/\/bebe.consumer.es\/salud\/dermatitis-panal\/\" target=\"_blank\" rel=\"noreferrer noopener\">propi bolquer<\/a><\/strong>, pot irritar la pell del beb\u00e8. No obstant aix\u00f2, pot haver-hi altres causes lligades a <strong>al\u00b7l\u00e8rgia o a infeccions<\/strong>, que precisaran un diagn\u00f2stic del seu pediatre.<\/p>\n\n\n\n<p>La majoria de les erupcions tindran <strong>un car\u00e0cter benigne<\/strong>. Una de les m\u00e9s <strong>prevalents<\/strong>, predominant en els mesos calorosos, \u00e9s la <strong><a href=\"https:\/\/enfamilia.aeped.es\/temas-salud\/sudamina\" target=\"_blank\" rel=\"noreferrer noopener nofollow\">sudamina<\/a>.<\/strong> La sudamina o miliaria \u00e9s una granellada que sol afectar beb\u00e8s i nens <strong><a href=\"https:\/\/bebe.consumer.es\/desarrollo-psicomotor-y-emocional\/bebe-18-a-24-meses\/\" target=\"_blank\" rel=\"noreferrer noopener\">menors de dos anys<\/a><\/strong>, que d\u2019altra banda estan en perfecte estat de salut. Consisteix en un enrogiment de la pell i l\u2019aparici\u00f3 d\u2019uns granits de color vermell\u00f3s en la cara, coll i tronc. Es produeix per una <strong>obstrucci\u00f3 de les gl\u00e0ndules sudor\u00edpares<\/strong>.<\/p>\n\n\n\n<p>Per a prevenir-ho, evitareu que el beb\u00e8 su\u00ef en exc\u00e9s, intentant<a href=\"https:\/\/bebe.consumer.es\/cuidados-generales-y-prevencion\/abrigo\/\" target=\"_blank\" rel=\"noreferrer noopener\"> <strong>no abrigar-lo<\/strong><\/a> massa i no utilitzar <strong>roba massa ajustada<\/strong>. \u00c9s una alteraci\u00f3 lleu, que no dona mol\u00e8sties i que no necessita un tractament espec\u00edfic. De fet, \u00e9s millor que <strong>eviteu l\u2019\u00fas de talcs<\/strong> o determinades cremes hidratants que encara <strong>obstrueixen m\u00e9s<\/strong> els <strong>conductes de les gl\u00e0ndules. <\/strong><\/p>\n\n\n\n<h2 class=\"wp-block-heading\"><strong>Qu\u00e8 \u00e9s la dermatitis at\u00f2pica? <\/strong><\/h2>\n\n\n\n<p>Sol apar\u00e8ixer entorn dels cinc mesos de vida del beb\u00e8, t\u00e9 un component hereditari i es manifesta amb lesions en la pell que provoca inflor, enrogiment i picor. Habitualment es presenten en la cara, el cuir cabellut, les orelles i les mans. A m\u00e9s, la resta de pell sol estar seca, amb descamaci\u00f3 i irritaci\u00f3. Si detecteu algun d\u2019aquests<strong> s\u00edmptomes <\/strong>amb car\u00e0cter persistent o recurrent, \u00e9s important que <strong>acudiu al pediatre<\/strong>.&nbsp;<\/p>\n\n\n\n<figure class=\"wp-block-image size-full\"><img loading=\"lazy\" decoding=\"async\" width=\"1000\" height=\"665\" src=\"https:\/\/bebe.consumer.es\/wp-content\/uploads\/dermatitis.jpg\" alt=\"dermatitis\" class=\"wp-image-8089\" srcset=\"https:\/\/bebe.consumer.es\/wp-content\/uploads\/dermatitis.jpg 1000w, https:\/\/bebe.consumer.es\/wp-content\/uploads\/dermatitis-300x200.jpg 300w, https:\/\/bebe.consumer.es\/wp-content\/uploads\/dermatitis-768x511.jpg 768w\" sizes=\"auto, (max-width: 1000px) 100vw, 1000px\" \/><\/figure>\n\n\n\n<p><\/p>\n\n\n\n<h3 class=\"wp-block-heading\"><strong>Remedios i tractaments per a alleujar i cuidar la pell at\u00f2pica del vostre beb\u00e8<\/strong><\/h3>\n\n\n\n<p>Quant al <strong> tractament<\/strong> per a la <a href=\"https:\/\/www.aeped.es\/sites\/default\/files\/documentos\/11_dermatitis_atopica.pdf\" target=\"_blank\" rel=\"noreferrer noopener nofollow\">dermatitis at\u00f2pica<\/a> en el beb\u00e8, ser\u00e0 fonamental la hidrataci\u00f3 adequada de la pell, reduir la durada del bany, evitar la sudoraci\u00f3 excessiva i les temperatures extremes. A m\u00e9s, a vegades ser\u00e0 necessari l\u2019\u00fas de corticoides t\u00f2pics receptats pel pediatre, dirigits a reduir les lesions que causen picor, i prevenir complicacions. Fins i tot amb el degut tractament, pot ser <strong>complicat<\/strong> <strong>aconseguir un control \u00f2ptim<\/strong> dels s\u00edmptomes. <\/p>\n\n\n\n<h2 class=\"wp-block-heading\"><strong>Qu\u00e8 \u00e9s un exantema<\/strong><\/h2>\n\n\n\n<p>Un <a href=\"https:\/\/www.aepap.org\/sites\/default\/files\/exantemas.pdf\" target=\"_blank\" rel=\"noreferrer noopener nofollow\">exantema <\/a>en el beb\u00e8 \u00e9s <strong>una erupci\u00f3 de la pell<\/strong>, de color vermell\u00f3s i amb una distribuci\u00f3 peculiar en funci\u00f3 de la causa. Sol anar <strong>acompanyada de febre i altres s\u00edmptomes<\/strong>, i constitueix la manifestaci\u00f3 d\u2019un <strong>gran nombre d\u2019infeccions <\/strong>molt <strong>t\u00edpiques de la inf\u00e0ncia<\/strong>. A aquests casos que es manifesten amb un exantema, els i les pediatres les coneixen com a malalties exantem\u00e0tiques. <\/p>\n\n\n\n<h3 class=\"wp-block-heading\"><strong>Tipus m\u00e9s freq\u00fcents i com actuar en cada cas<\/strong><\/h3>\n\n\n\n<p>La <strong>majoria<\/strong> de les malalties exantem\u00e0tiques s\u00f3n <strong>causades per virus<\/strong>, no precisen m\u00e9s que el <strong>tractament dels s\u00edmptomes<\/strong>, per\u00f2 s\u00f3n contagioses durant diversos dies pel que heu de prevenir el contacte amb altres nens o adults de risc. Alguns dels exantemas v\u00edrics m\u00e9s freq\u00fcents s\u00f3n el <strong>xarampi\u00f3<\/strong>, la <strong>varicel\u00b7la<\/strong>, la <strong>rub\u00e8ola<\/strong>, l\u2019exantema sobtat o ros\u00e9ola infantil, la <strong>malaltia boca-rajo-peu<\/strong> o l\u2019eritema <strong>infecci\u00f3s<\/strong>. <\/p>\n\n\n\n<p>Cadascuna d\u2019aquestes malalties manifesta graus variables de febre i un exantema que segueix una distribuci\u00f3 o t\u00e9 un tipus particular de lesions. A vegades s\u2019acompanya d\u2019altres <strong>s\u00edmptomes respiratoris o digestius<\/strong>. Per exemple, l\u2019exantema de la varicel\u00b7la comen\u00e7a com unes p\u00e1pulas amb l\u00edquid en el seu interior i despr\u00e9s evolucionen a crosta, a m\u00e9s \u00e9s molt caracter\u00edstic la picor. L\u2019exantema que acompanya a la malaltia boca-rajo-peu t\u00e9 unes certes similituds amb el de la varicel\u00b7la, per\u00f2 t\u00e9 una distribuci\u00f3 caracter\u00edstica al voltant de la boca, a les mans i als peus.<\/p>\n\n\n\n<p>Uns altres exantemas, com l\u2019escarlatina, s\u00f3n <strong>causats per bacteris<\/strong> i precisen a m\u00e9s <strong>tractament antibi\u00f2tic<\/strong>. Ser\u00e0 l\u2019o la pediatra qui s\u2019encarregui de diagnosticar la malaltia exantem\u00e0tica, recomanar el tractament m\u00e9s adequat, determinar el temps de contagi i a\u00efllament i vigilar les complicacions. <\/p>\n","protected":false},"excerpt":{"rendered":"<p><span class=\"span-reading-time rt-reading-time\" style=\"display: block;\"><span class=\"rt-label rt-prefix\"><\/span> <span class=\"rt-time\"> 3<\/span> <span class=\"rt-label rt-postfix\">min.<\/span><\/span><\/p>\n","protected":false},"author":2,"featured_media":8085,"comment_status":"closed","ping_status":"closed","sticky":false,"template":"","format":"standard","meta":{"footnotes":""},"categories":[199],"tags":[200,208,209,210,211,212,344,281,284,317,321,350],"class_list":["post-7571","post","type-post","status-publish","format-standard","has-post-thumbnail","hentry","category-salut","tag-18-mesos","tag-0-3-mesos","tag-12-18-mesos","tag-3-6-mesos","tag-6-9-mesos","tag-9-12-mesos","tag-bolquer","tag-consulta-medica-ca","tag-cures","tag-ferides","tag-higiene-ca","tag-pell","infinite-scroll-item","generate-columns","tablet-grid-50","mobile-grid-100","grid-parent","grid-33"],"acf":[],"aioseo_notices":[],"_links":{"self":[{"href":"https:\/\/bebe.consumer.es\/ca\/wp-json\/wp\/v2\/posts\/7571\/"}],"collection":[{"href":"https:\/\/bebe.consumer.es\/ca\/wp-json\/wp\/v2\/posts\/"}],"about":[{"href":"https:\/\/bebe.consumer.es\/ca\/wp-json\/wp\/v2\/types\/post\/"}],"author":[{"embeddable":true,"href":"https:\/\/bebe.consumer.es\/ca\/wp-json\/wp\/v2\/users\/2\/"}],"replies":[{"embeddable":true,"href":"https:\/\/bebe.consumer.es\/ca\/wp-json\/wp\/v2\/comments\/?post=7571"}],"version-history":[{"count":2,"href":"https:\/\/bebe.consumer.es\/ca\/wp-json\/wp\/v2\/posts\/7571\/revisions\/"}],"predecessor-version":[{"id":8093,"href":"https:\/\/bebe.consumer.es\/ca\/wp-json\/wp\/v2\/posts\/7571\/revisions\/8093\/"}],"wp:featuredmedia":[{"embeddable":true,"href":"https:\/\/bebe.consumer.es\/ca\/wp-json\/wp\/v2\/media\/8085\/"}],"wp:attachment":[{"href":"https:\/\/bebe.consumer.es\/ca\/wp-json\/wp\/v2\/media\/?parent=7571"}],"wp:term":[{"taxonomy":"category","embeddable":true,"href":"https:\/\/bebe.consumer.es\/ca\/wp-json\/wp\/v2\/categories\/?post=7571"},{"taxonomy":"post_tag","embeddable":true,"href":"https:\/\/bebe.consumer.es\/ca\/wp-json\/wp\/v2\/tags\/?post=7571"}],"curies":[{"name":"wp","href":"https:\/\/api.w.org\/{rel}","templated":true}]}}