{"id":7577,"date":"2021-08-03T10:20:54","date_gmt":"2021-08-03T10:20:54","guid":{"rendered":"https:\/\/bebe.consumer.es\/?p=7577"},"modified":"2022-06-15T17:30:51","modified_gmt":"2022-06-15T17:30:51","slug":"problemes-en-els-genitals-del-bebe","status":"publish","type":"post","link":"https:\/\/bebe.consumer.es\/ca\/salut\/problemes-en-els-genitals-del-bebe\/","title":{"rendered":"Problemes en els genitals del beb\u00e8"},"content":{"rendered":"<span class=\"span-reading-time rt-reading-time\" style=\"display: block;\"><span class=\"rt-label rt-prefix\"><\/span> <span class=\"rt-time\"> 3<\/span> <span class=\"rt-label rt-postfix\">min.<\/span><\/span>\n<p>Els genitals dels beb\u00e8s encara no estan desenvolupats del tot i \u00e9s normal si a vegades presenten una coloraci\u00f3 diferent a la dels adults o si estan una mica inflamats. No obstant aix\u00f2, \u00e9s important que parem esment als possibles canvis que es puguin donar ja que hi ha algunes caracter\u00edstiques que no s\u00f3n comunes i que <a href=\"https:\/\/enfamilia.aeped.es\/temas-salud\/genitales\" target=\"_blank\" rel=\"noreferrer noopener nofollow\">caldr\u00e0 tractar<\/a>.<\/p>\n\n\n\n<h2 class=\"wp-block-heading\"><strong>Sinequia vulvar o de llavis menors<\/strong><\/h2>\n\n\n\n<p>Consisteix en l\u2019adher\u00e8ncia <strong>dels llavis menors<\/strong> entre si, de manera que no permet veure l\u2019entrada de la vagina, i a vegades tampoc el meato uretral (per on sali l\u2019orina). <\/p>\n\n\n\n<p>La sinequia pot ser <strong>total o parcial,<\/strong> habitualment no produeix <strong>cap s\u00edmptoma<\/strong>, per\u00f2 \u00e9s una cosa que es detecta en les revisions pedi\u00e0triques o que podreu advertir <a href=\"https:\/\/bebe.consumer.es\/cuidados-generales-y-prevencion\/higiene-zonas-delicada\" target=\"_blank\" rel=\"noreferrer noopener\">durant la higiene<\/a> a les vostres filles. Conforme <strong>la nena vagi creixent<\/strong>, la tend\u00e8ncia natural \u00e9s a <strong>resoldre&#8221;s espont\u00e0niament. <\/strong><\/p>\n\n\n\n<p>Alguns casos de <strong>sinequias totals<\/strong> poden originar <strong>complicacions <\/strong>com a mol\u00e8sties, dificultat per a orinar, flux vaginal pudent o infeccions d\u2019orina. En aquests casos, es recomana <strong>tractar-les per a alliberar l\u2019adher\u00e8ncia.<\/strong> Existeixen diferents opcions com les cremes a base de vaselina, corticoides, o en \u00faltima inst\u00e0ncia una intervenci\u00f3 quir\u00fargica.<\/p>\n\n\n\n<h2 class=\"wp-block-heading\"><strong>Vulvovaginitis durant la inf\u00e0ncia<\/strong><\/h2>\n\n\n\n<p>\u00c9s una inflamaci\u00f3 o <strong>infecci\u00f3 de la regi\u00f3 externa genital femen\u00ed<\/strong>, vulva i vagina. \u00c9s molt com\u00fa entre els <a href=\"https:\/\/bebe.consumer.es\/desarrollo-psicomotor-y-emocional\/bebe-18-a-24-meses\/\" target=\"_blank\" rel=\"noreferrer noopener\">dos anys<\/a> i els set anys, sobretot <strong><a href=\"https:\/\/bebe.consumer.es\/cuidados-generales-y-prevencion\/adios-panal\/\" target=\"_blank\" rel=\"noreferrer noopener\">despr\u00e9s de la retirada del bolquer<\/a><\/strong> i l\u2019inici de la seva <strong>autonomia en el bany<\/strong>. <\/p>\n\n\n\n<p>Es manifesta amb picor, enrogiment de la zona i flux vaginal. Amb freq\u00fc\u00e8ncia hi ha mol\u00e8sties en orinar i a vegades pot haver sagnat. Se sol produir per la <strong>contaminaci\u00f3 de la vulva i la vagina<\/strong> des de la zona anal o a trav\u00e9s de les mans. Una altra causa de vulvovaginitis \u00e9s la <strong>pres\u00e8ncia d\u2019un cos estrany<\/strong> que la nena hagi introdu\u00eft en la seva vagina. <\/p>\n\n\n\n<p>El tractament es basa en el fet que useu sabons espec\u00edfics i algunes cremes, les normes d\u2019higiene habituals amb el canvi freq\u00fcent de la roba interior, i que ensenyeu a les nenes la t\u00e8cnica correcta de neteja dels genitals despr\u00e9s d\u2019anar al bany a orinar o defecar (de davant cap endarrere). \u00c9s convenient que eviteu l\u2019\u00fas de <a href=\"https:\/\/bebe.consumer.es\/cuidados-generales-y-prevencion\/ropa\/\" target=\"_blank\" rel=\"noreferrer noopener\">roba ajustada<\/a> i sabons perfumats o irritants en la zona genital. Despr\u00e9s del <a href=\"https:\/\/bebe.consumer.es\/cuidados-generales-y-prevencion\/bano\/\" target=\"_blank\" rel=\"noreferrer noopener\">bany<\/a>, heu de comprovar que la zona genital queda seca. <\/p>\n\n\n\n<h2 class=\"wp-block-heading\"><strong>Testicles no descendits: la criptorqu\u00eddia<\/strong><\/h2>\n\n\n\n<p>La criptorqu\u00eddia \u00e9s l\u2019abs\u00e8ncia del testicle en la bossa escrotal i <strong>afecta al 2-3% dels <a href=\"https:\/\/bebe.consumer.es\/desarrollo-psicomotor-y-emocional\/recien-nacido\/\" target=\"_blank\" rel=\"noreferrer noopener\">nounats<\/a> homes<\/strong>, especialment si han nascut <a href=\"https:\/\/bebe.consumer.es\/desarrollo-psicomotor-y-emocional\/bebes-prematuros\/\" target=\"_blank\" rel=\"noreferrer noopener\"><strong>prematurs<\/strong>.<\/a> <\/p>\n\n\n\n<p>Els testicles durant <strong>el per\u00edode embrionari<\/strong> es desenvolupen <strong>en la zona central de l\u2019abdomen<\/strong> i, <strong>al final de la gestaci\u00f3,<\/strong> completen el seu <strong>recorregut cap a la bossa escrotal<\/strong>. En la <strong>criptorqu\u00eddia<\/strong>, aquest recorregut <strong>no s\u2019ha realitzat completament<\/strong> i els testicles es poden trobar en qualsevol punt del cam\u00ed. Aquest descens pot produir-se despr\u00e9s del naixement i heu de comprovar que, efectivament, succeeix abans dels <a href=\"https:\/\/bebe.consumer.es\/desarrollo-psicomotor-y-emocional\/bebe-3-a-6-meses\/\" target=\"_blank\" rel=\"noreferrer noopener\">6 mesos<\/a>. En cas contrari, est\u00e0 indicat consultar a l\u2019o la professional que buscar\u00e0 el testicle mitjan\u00e7ant proves d\u2019imatge i pot plantejar la cirurgia per a col\u00b7locar-lo en el seu lloc.&nbsp;<\/p>\n\n\n\n<figure class=\"wp-block-image size-full\"><img loading=\"lazy\" decoding=\"async\" width=\"1000\" height=\"667\" src=\"https:\/\/bebe.consumer.es\/wp-content\/uploads\/problemasgenitales-1.jpg\" alt=\"Problemas genitales\" class=\"wp-image-8077\" srcset=\"https:\/\/bebe.consumer.es\/wp-content\/uploads\/problemasgenitales-1.jpg 1000w, https:\/\/bebe.consumer.es\/wp-content\/uploads\/problemasgenitales-1-300x200.jpg 300w, https:\/\/bebe.consumer.es\/wp-content\/uploads\/problemasgenitales-1-768x512.jpg 768w\" sizes=\"auto, (max-width: 1000px) 100vw, 1000px\" \/><\/figure>\n\n\n\n<p><\/p>\n\n\n\n<p>El testicle <strong>ha d\u2019estar en la bossa escrotal<\/strong> perqu\u00e8 \u00e9s el lloc en el qual t\u00e9 una temperatura adequada per a poder exercir la seva funci\u00f3 f\u00e8rtil futura. Una condici\u00f3 diferent a la criptorqu\u00eddia \u00e9s el <strong>testicle en ascensor o retr\u00e0ctil<\/strong>, que puja i baixa amb facilitat. Per a distingir-ho, us ajudar\u00e0 l\u2019observaci\u00f3 amb l\u2019augment de temperatura, com ocorre quan estan en la banyera o quan tenen <a href=\"https:\/\/bebe.consumer.es\/salud\/fiebre\/\" target=\"_blank\" rel=\"noreferrer noopener\">febre<\/a>. En aquestes situacions el testicle descendeix i sereu capa\u00e7os de veure&#8221;l en la bossa escrotal. <\/p>\n\n\n\n<h2 class=\"wp-block-heading\"><strong>Fimosis en beb\u00e8s<\/strong><\/h2>\n\n\n\n<p>La fimosis \u00e9s l\u2019estrenyiment <strong>de l\u2019obertura del prepuci<\/strong>, que \u00e9s la pell que recobreix el gland del penis. \u00c9s fisiol\u00f2gica en el nounat i els primers anys de vida a causa de les adher\u00e8ncies en la pell de la zona.<\/p>\n\n\n\n<p>Conforme es va produint el <strong>creixement<\/strong> f\u00edsic del nen, les <strong>adher\u00e8ncies van desapareixent<\/strong> pel propi desenvolupament del penis i per les ereccions espont\u00e0nies. En l\u00ednies generals, entorn dels <strong>quatre anys el 80% dels nens<\/strong> poden <strong>retreure<\/strong> el prepuci sense problemes. Solament l\u20191% no podr\u00e0 fer-lo arribats els 16 anys. <\/p>\n\n\n\n<p>Com sabeu que es tracta d\u2019un proc\u00e9s evolutiu, <strong>excepte si hi ha complicacion<\/strong>\u00e9s, la recomanaci\u00f3 \u00e9s que mantingueu una <strong>conducta expectant<\/strong>, <strong>cuidant la higiene boja<\/strong>l amb suaus retraccions del prepuci, sense for\u00e7ar-les. La <strong>cirurgia<\/strong> rarament est\u00e0 indicada, excepte en <strong>casos molt severs<\/strong>, que originen infeccions locals repetides, o fins i tot dificultats en la micci\u00f3. En la majoria dels casos que no es resolen espont\u00e0niament amb l\u2019edat, n&#8221;hi ha prou amb seguir un tractament local amb corticoides.<\/p>\n","protected":false},"excerpt":{"rendered":"<p><span class=\"span-reading-time rt-reading-time\" style=\"display: block;\"><span class=\"rt-label rt-prefix\"><\/span> <span class=\"rt-time\"> 3<\/span> <span class=\"rt-label rt-postfix\">min.<\/span><\/span><\/p>\n","protected":false},"author":2,"featured_media":8073,"comment_status":"closed","ping_status":"closed","sticky":false,"template":"","format":"standard","meta":{"footnotes":""},"categories":[199],"tags":[200,208,209,210,211,212,317,321,350,374,411],"class_list":["post-7577","post","type-post","status-publish","format-standard","has-post-thumbnail","hentry","category-salut","tag-18-mesos","tag-0-3-mesos","tag-12-18-mesos","tag-3-6-mesos","tag-6-9-mesos","tag-9-12-mesos","tag-ferides","tag-higiene-ca","tag-pell","tag-salut-infantil","tag-visites-mediques","infinite-scroll-item","generate-columns","tablet-grid-50","mobile-grid-100","grid-parent","grid-33"],"acf":[],"aioseo_notices":[],"_links":{"self":[{"href":"https:\/\/bebe.consumer.es\/ca\/wp-json\/wp\/v2\/posts\/7577\/"}],"collection":[{"href":"https:\/\/bebe.consumer.es\/ca\/wp-json\/wp\/v2\/posts\/"}],"about":[{"href":"https:\/\/bebe.consumer.es\/ca\/wp-json\/wp\/v2\/types\/post\/"}],"author":[{"embeddable":true,"href":"https:\/\/bebe.consumer.es\/ca\/wp-json\/wp\/v2\/users\/2\/"}],"replies":[{"embeddable":true,"href":"https:\/\/bebe.consumer.es\/ca\/wp-json\/wp\/v2\/comments\/?post=7577"}],"version-history":[{"count":2,"href":"https:\/\/bebe.consumer.es\/ca\/wp-json\/wp\/v2\/posts\/7577\/revisions\/"}],"predecessor-version":[{"id":8081,"href":"https:\/\/bebe.consumer.es\/ca\/wp-json\/wp\/v2\/posts\/7577\/revisions\/8081\/"}],"wp:featuredmedia":[{"embeddable":true,"href":"https:\/\/bebe.consumer.es\/ca\/wp-json\/wp\/v2\/media\/8073\/"}],"wp:attachment":[{"href":"https:\/\/bebe.consumer.es\/ca\/wp-json\/wp\/v2\/media\/?parent=7577"}],"wp:term":[{"taxonomy":"category","embeddable":true,"href":"https:\/\/bebe.consumer.es\/ca\/wp-json\/wp\/v2\/categories\/?post=7577"},{"taxonomy":"post_tag","embeddable":true,"href":"https:\/\/bebe.consumer.es\/ca\/wp-json\/wp\/v2\/tags\/?post=7577"}],"curies":[{"name":"wp","href":"https:\/\/api.w.org\/{rel}","templated":true}]}}