{"id":7589,"date":"2021-08-01T10:20:54","date_gmt":"2021-08-01T10:20:54","guid":{"rendered":"https:\/\/bebe.consumer.es\/?p=7589"},"modified":"2022-05-11T10:08:50","modified_gmt":"2022-05-11T10:08:50","slug":"calendari-de-vacunacio-del-bebe","status":"publish","type":"post","link":"https:\/\/bebe.consumer.es\/ca\/salut\/calendari-de-vacunacio-del-bebe\/","title":{"rendered":"Calendari de vacunaci\u00f3 del beb\u00e8"},"content":{"rendered":"<span class=\"span-reading-time rt-reading-time\" style=\"display: block;\"><span class=\"rt-label rt-prefix\"><\/span> <span class=\"rt-time\"> 5<\/span> <span class=\"rt-label rt-postfix\">min.<\/span><\/span>\n<p>Encara que les autoritats sanit\u00e0ries de <strong>cada pa\u00eds<\/strong> decideixen el seu <strong>propi calendari<\/strong> adaptant-lo a les seves necessitats i recursos, a Espanya les difer\u00e8ncies entre <a href=\"https:\/\/vacunasaep.org\/profesionales\/calendario-de-vacunaciones-de-la-aep-2021\" target=\"_blank\" rel=\"noreferrer noopener nofollow\">comunitats aut\u00f2nomes<\/a> s\u00f3n m\u00ednimes i tendeixen a desapar\u00e8ixer. <\/p>\n\n\n\n<h2 class=\"wp-block-heading\"><strong>Les vacunes en els primers mesos del beb\u00e8<\/strong><\/h2>\n\n\n\n<p>\u00c9s important que tingueu en compte que l\u2019aparici\u00f3 de <a href=\"https:\/\/bebe.consumer.es\/salud\/vacunas\/\" target=\"_blank\" rel=\"noreferrer noopener\">vacunes<\/a> i les diferents variacions epidemiol\u00f2giques que es van desenvolupant, porten als professionals a introduir gaireb\u00e9 cont\u00ednuament canvis en aquests <a href=\"https:\/\/www.mscbs.gob.es\/profesionales\/saludPublica\/prevPromocion\/vacunaciones\/calendario-y-coberturas\/docs\/CalendarioVacunacion_Todalavida.pdf\" target=\"_blank\" rel=\"noreferrer noopener nofollow\">plans de vacunaci\u00f3<\/a>. Per aix\u00f2, heu d\u2019estar al corrent de les vacunes que necessita el vostre beb\u00e8 i dels possibles canvis per a una protecci\u00f3 \u00f2ptima de la salut dels m\u00e9s petits.<\/p>\n\n\n\n<h3 class=\"wp-block-heading\"><strong>Hepatitis B<\/strong><\/h3>\n\n\n\n<p>La vacuna contra l\u2019hepatitis B \u00e9s una de les primeres que s\u2019administra, generalment als 2, 4 i 11 mesos d\u2019edat. L\u2019hepatitis B pot <strong>resoldre&#8221;s espont\u00e1neamen<\/strong>et, per\u00f2 <strong>en bastantes ocasions<\/strong> es fa <strong>cr\u00f2nica i evoluciona cap a la cirrosi i el c\u00e0ncer hep\u00e0tic<\/strong>. Aix\u00f2 ocorre amb m\u00e9s freq\u00fc\u00e8ncia quan la infecci\u00f3 <strong>es presenta en la inf\u00e0ncia<\/strong>, especialment si el <strong>contagi \u00e9s durant l\u2019embar\u00e0s<\/strong> perqu\u00e8 la mare \u00e9s portadora del virus. Es calcula que el <strong>5% de la poblaci\u00f3 mundial est\u00e0 infectada<\/strong> i que causa <strong>dos milions de morts anuals<\/strong>.<\/p>\n\n\n\n<p>Com la seva principal via de transmissi\u00f3 \u00e9s <strong>la sang i el contacte sexual<\/strong>, en alguna comunitat aut\u00f2noma es va decidir vacunar abans d\u2019iniciar l\u2019adolesc\u00e8ncia, quan de fet es produeixen la major part de contagis per relacions sexuals o \u00fas compartit de xeringues entre drogodependents; per\u00f2 actualment se sap que la <strong>protecci\u00f3 persisteix, encara que s\u2019administrin en els <a href=\"https:\/\/bebe.consumer.es\/desarrollo-psicomotor-y-emocional\/recien-nacido\/\" target=\"_blank\" rel=\"noreferrer noopener\">primers mesos<\/a> de vida <\/strong>i fer-ho aix\u00ed evita l\u2019esc\u00e0s, per\u00f2 real risc que la contreguin de petits.<\/p>\n\n\n\n<h3 class=\"wp-block-heading\"><strong>Dift\u00e8ria, t\u00e8tanus i tos ferina <\/strong><\/h3>\n\n\n\n<p>El bacteri <em>Corynebacterium diphteriae,<\/em> produeix toxines que, a m\u00e9s de poder <strong>danyar els nervis i el cor<\/strong>, causen una <strong>inflamaci\u00f3 de la gola<\/strong> que impedeix la respiraci\u00f3 i arriba a <strong>causar la mort<\/strong>. L\u2019\u00faltim cas de dift\u00e8ria a Espanya es va declarar en 1986, per\u00f2 en 1990 va haver-hi una epid\u00e8mia en la Uni\u00f3 Sovi\u00e8tica, i despr\u00e9s de la caiguda del mur de Berl\u00edn, s\u2019han produ\u00eft casos a\u00efllats a Europa.<\/p>\n\n\n\n<p>El t\u00e8tanus t\u00e9 una mortalitat pr\u00f2xima al 50%, i \u00e9s causat per una toxina elaborada pel <em>Clostridium tetani<\/em>, un germen que <strong>infecta ferides poc ventilades<\/strong> i que produeix <strong>contraccions musculars espasm\u00f2diques<\/strong> que poden acabar per <strong>impedir la respiraci\u00f3.<\/strong> A Espanya, es produeixen unes desenes de casos anuals entre adults i ancians que no esteu vacunats o que no es van vacunar correctament. <\/p>\n\n\n\n<p>I la tos ferina \u00e9s una infecci\u00f3 respirat\u00f2ria provocada per la <em>Bordetella pertussis<\/em>, que causa uns sufocants episodis de <strong>tos<\/strong> que es prolonguen <strong>durant mese<\/strong>s, per\u00f2 que en els <strong>lactants pot ocasionar tamb\u00e9 encefalitis (inflamaci\u00f3 del cervell)<\/strong> i arribar a ser <strong>mortal<\/strong>. La vacuna no \u00e9s de les m\u00e9s eficaces (del 70 al 90% de protecci\u00f3); per aix\u00f2, <strong>a Espanya<\/strong> la pateixen <strong>m\u00e9s de 500 nens per any.<\/strong><\/p>\n\n\n\n<p>La vacuna contra aquestes tres malalties s\u2019inocula en la mateixa injecci\u00f3 (DTPa), i s\u2019administra als 2, 4, 6 i 18 mesos d\u2019edat. Encara hi ha nens que reben una dosi als 6 anys, ja que el calendari de vacunacions ha canviat en aquest temps. <\/p>\n\n\n\n<h3 class=\"wp-block-heading\"><strong>Poliomielitis<\/strong><\/h3>\n\n\n\n<p>El virus de la poliomielitis <strong>afecta al sistema nervi\u00f3s<\/strong> i produeix una <strong>par\u00e0lisi<\/strong> que afecta sobretot les cames, deixant una <strong>coixesa permanent<\/strong> amb atr\u00f2fia de l\u2019extremitat; tamb\u00e9 pot arribar a <strong>causar la mort<\/strong>.<\/p>\n\n\n\n<p>Encara que la <strong>vacunaci\u00f3 universal <\/strong>ha aconseguit que aquesta malaltia estigui pr\u00e0cticament <strong>erradicada a Occident<\/strong>, encara \u00e9s end\u00e8mica en <strong>alguns pa\u00efsos asi\u00e0tics i africans<\/strong>, per la qual cosa cal continuar protegint-se, ja que qualsevol viatger podria importar-la. <\/p>\n\n\n\n<p>Igual que les anteriors vacunes, aquesta s\u2019administra generalment als 2, 4, 6 i 18 mesos d\u2019edat. <\/p>\n\n\n\n<h3 class=\"wp-block-heading\"><strong>Infecci\u00f3 per Hemophilius Influenzae Tipus B<\/strong><\/h3>\n\n\n\n<p>L&#8221;Hemophilius Influenzae Tipus B \u00e9s un bacteri que en general causa <strong><a href=\"https:\/\/bebe.consumer.es\/salud\/enfermedades-mas-frecuentes\/\" target=\"_blank\" rel=\"noreferrer noopener\">infeccions de les vies respirat\u00f2ries altes i otitis<\/a><\/strong>, per\u00f2 que pot ser m\u00e9s agressiva i produir en els m\u00e9s petits perilloses epiglotitis (inflamaci\u00f3 de l\u2019entrada de la laringe), pneum\u00f2nies, septic\u00e8mies, infeccions \u00f2ssies i articulars, i tamb\u00e9 meningitis.<\/p>\n\n\n\n<figure class=\"wp-block-image size-large\"><img loading=\"lazy\" decoding=\"async\" width=\"1024\" height=\"683\" src=\"https:\/\/bebe.consumer.es\/wp-content\/uploads\/Calendario-vacunas-1024x683.jpg\" alt=\"Doctor vacunando a un beb\u00e9\" class=\"wp-image-6089\" srcset=\"https:\/\/bebe.consumer.es\/wp-content\/uploads\/Calendario-vacunas-1024x683.jpg 1024w, https:\/\/bebe.consumer.es\/wp-content\/uploads\/Calendario-vacunas-300x200.jpg 300w, https:\/\/bebe.consumer.es\/wp-content\/uploads\/Calendario-vacunas-768x512.jpg 768w, https:\/\/bebe.consumer.es\/wp-content\/uploads\/Calendario-vacunas-1536x1024.jpg 1536w, https:\/\/bebe.consumer.es\/wp-content\/uploads\/Calendario-vacunas-2048x1365.jpg 2048w\" sizes=\"auto, (max-width: 1024px) 100vw, 1024px\" \/><\/figure>\n\n\n\n<p><\/p>\n\n\n\n<p>La vacuna no evita les infeccions de vies respirat\u00f2ries altes, per\u00f2 s\u00ed totes aquestes formes m\u00e9s greus que des de la seva recent introducci\u00f3 han desaparegut de manera espectacular. Generalment s\u2019injecta als 2, 4 i 6 mesos del beb\u00e8.<\/p>\n\n\n\n<h3 class=\"wp-block-heading\"><strong>Meningitis C <\/strong><\/h3>\n\n\n\n<p>El germen responsable de la majoria de meningitis, la <em>Neisseria meningitidis<\/em> o <em>Meningococ<\/em>, t\u00e9 deu fam\u00edlies diferents, entre les quals es troba la &#8220;C&#8221;, que no \u00e9s la que m\u00e9s casos ocasiona, per\u00f2 \u00e9s l\u2019\u00fanica <strong><\/strong> contra la qual s\u2019ha pogut obtenir recentment una <strong>vacuna molt segura i efica\u00e7. <\/strong>S&#8221;administra als 4 i 12 mesos d\u2019edat, sent necess\u00e0ria en alguns casos una dosi als 12 anys.<\/p>\n\n\n\n<h3 class=\"wp-block-heading\"><strong>Vacuna antineumoc\u00f3cica<\/strong><\/h3>\n\n\n\n<p>El pneumococ \u00e9s el bacteri m\u00e9s habitual en les pneum\u00f2nies i molt freq\u00fcent en les otitis mitjanes. \u00c9s tamb\u00e9 capa\u00e7 de produir septic\u00e8mies i meningitis en lactants i nens petits. Aquest <strong>germen t\u00e9 nombros\u00edssimes fam\u00edlies <\/strong>i des de fa ja temps es disposa d\u2019una vacuna que protegeix enfront de 23 d\u2019elles, per\u00f2 a la qual <strong><a href=\"https:\/\/bebe.consumer.es\/desarrollo-psicomotor-y-emocional\/bebe-18-a-24-meses\/\" target=\"_blank\" rel=\"noreferrer noopener\">no responen els nens de menys de dos anys<\/a><\/strong>. No obstant aix\u00f2, recentment, ha aparegut una vacuna contra 7 subtipus, que al nostre pa\u00eds s\u00f3n els responsables del 80% de les malalties neumoc\u00f3cicas greus, i que ja \u00e9s efectiva en el beb\u00e8.<\/p>\n\n\n\n<p>Actualment s\u2019administra la vacuna neumoc\u00f3cica als lactants de 2, 4 i 11 mesos.<\/p>\n\n\n\n<h3 class=\"wp-block-heading\"><strong>Xarampi\u00f3, rub\u00e8ola i parotiditis<\/strong><\/h3>\n\n\n\n<p>La vacuna de la <a href=\"https:\/\/www.aeped.es\/sites\/default\/files\/documentos\/triple_virica.pdf\" target=\"_blank\" rel=\"noreferrer noopener nofollow\">triple v\u00edrica<\/a> protegeix enfront d\u2019aquestes tres malalties infeccioses, freq\u00fcents en l\u2019edat pedi\u00e0trica: xarampi\u00f3, rub\u00e8ola i parotiditis. Encara que la rub\u00e8ola sol ser lleu en nens, \u00e9s potencialment greu en les dones embarassades i amb la vacunaci\u00f3 es pret\u00e9n protegir aquesta poblaci\u00f3. El xarampi\u00f3 i les galteres (parotiditis) s\u00ed que poden cursar amb gravetat en nens: amb febre alta i complicacions com a lesions cerebrals o meningitis (en el cas de la parotiditis). <\/p>\n\n\n\n<p>La triple v\u00edrica s\u2019administra als 12 mesos i als 3 anys d\u2019edat, ja que abans del primer any els beb\u00e8s mantenen els anticossos materns rebuts a trav\u00e9s de la placenta.<\/p>\n\n\n\n<h3 class=\"wp-block-heading\"><strong>Varicel\u00b7la<\/strong><\/h3>\n\n\n\n<p>La <a href=\"https:\/\/vacunasaep.org\/familias\/vacunas-una-a-una\/vacuna-varicela\" target=\"_blank\" rel=\"noreferrer noopener nofollow\">varicel\u00b7la<\/a> \u00e9s una de les <a href=\"https:\/\/bebe.consumer.es\/salud\/erupciones-cutaneas\/\" target=\"_blank\" rel=\"noreferrer noopener\">malalties exantem\u00e0tiques <\/a>m\u00e9s freq\u00fcents en la inf\u00e0ncia. No sol cursar amb gravetat, excepte febre i la molesta picor de l\u2019erupci\u00f3. Encara que en alguns casos pot haver-hi complicacions com la sobreinfecci\u00f3n o la pneum\u00f2nia. No obstant aix\u00f2, s\u00ed que \u00e9s molt perillosa en persones amb les defenses baixes.<\/p>\n\n\n\n<p>Aquesta vacuna s\u2019ha incorporat recentment al calendari de vacunaci\u00f3 finan\u00e7at, i ha d\u2019injectar-se als 15 mesos d\u2019edat i als 3 o 4 anys.<\/p>\n\n\n\n<h2 class=\"wp-block-heading\"><strong>Meningococ B<\/strong><\/h2>\n\n\n\n<p>El <a href=\"https:\/\/vacunasaep.org\/familias\/vacunas-una-a-una\/vacuna-meningococo-b\" target=\"_blank\" rel=\"noreferrer noopener nofollow\">meningococ tipus B<\/a> \u00e9s el bacteri que m\u00e9s meningitis causa. No \u00e9s freq\u00fcent la seva infecci\u00f3, per\u00f2 s\u00ed que pot ser molt greu. Per aix\u00f2, l\u2019Associaci\u00f3 Espanyola de Pediatria recomana la vacuna a tots els lactants. Recentment s\u2019ha incl\u00f2s en el calendari finan\u00e7at de vacunaci\u00f3 d\u2019algunes comunitats aut\u00f2nomes.<\/p>\n\n\n\n<p>La pauta habitual d\u2019aquesta vacuna per als nounats \u00e9s una dosi als 2 mesos, una altra als 4 mesos i una dosi de refor\u00e7 entre els 12 i els 15 mesos d\u2019edat.<\/p>\n\n\n\n<h3 class=\"wp-block-heading\"><strong>Rotavirus<\/strong><\/h3>\n\n\n\n<p>El rotavirus \u00e9s causant de greus <a href=\"https:\/\/bebe.consumer.es\/salud\/vomitos-diarreas\/\" target=\"_blank\" rel=\"noreferrer noopener\">gastroenteritis<\/a> en la inf\u00e0ncia, sent la complicaci\u00f3 m\u00e9s freq\u00fcent la deshidrataci\u00f3. Existeixen dues vacunes contra aquest virus, per\u00f2 a data de publicaci\u00f3 d\u2019aquest article (2022), encara no s\u2019inclou en el pla de vacunaci\u00f3 finan\u00e7at. \u00c9s una vacuna que s\u2019administra per via oral (bebible) i poden precisar-se dues o tres dosis, depenent de la marca, als 2, als 4 i als 6 mesos d\u2019edat.<\/p>\n","protected":false},"excerpt":{"rendered":"<p><span class=\"span-reading-time rt-reading-time\" style=\"display: block;\"><span class=\"rt-label rt-prefix\"><\/span> <span class=\"rt-time\"> 5<\/span> <span class=\"rt-label rt-postfix\">min.<\/span><\/span><\/p>\n","protected":false},"author":2,"featured_media":8653,"comment_status":"closed","ping_status":"closed","sticky":false,"template":"","format":"standard","meta":{"footnotes":""},"categories":[199],"tags":[200,208,209,210,211,212,312,218,388,374,402,411],"class_list":["post-7589","post","type-post","status-publish","format-standard","has-post-thumbnail","hentry","category-salut","tag-18-mesos","tag-0-3-mesos","tag-12-18-mesos","tag-3-6-mesos","tag-6-9-mesos","tag-9-12-mesos","tag-febre","tag-habits-saludables","tag-simptomes","tag-salut-infantil","tag-vacunes","tag-visites-mediques","infinite-scroll-item","generate-columns","tablet-grid-50","mobile-grid-100","grid-parent","grid-33"],"acf":[],"aioseo_notices":[],"_links":{"self":[{"href":"https:\/\/bebe.consumer.es\/ca\/wp-json\/wp\/v2\/posts\/7589\/"}],"collection":[{"href":"https:\/\/bebe.consumer.es\/ca\/wp-json\/wp\/v2\/posts\/"}],"about":[{"href":"https:\/\/bebe.consumer.es\/ca\/wp-json\/wp\/v2\/types\/post\/"}],"author":[{"embeddable":true,"href":"https:\/\/bebe.consumer.es\/ca\/wp-json\/wp\/v2\/users\/2\/"}],"replies":[{"embeddable":true,"href":"https:\/\/bebe.consumer.es\/ca\/wp-json\/wp\/v2\/comments\/?post=7589"}],"version-history":[{"count":1,"href":"https:\/\/bebe.consumer.es\/ca\/wp-json\/wp\/v2\/posts\/7589\/revisions\/"}],"predecessor-version":[{"id":7592,"href":"https:\/\/bebe.consumer.es\/ca\/wp-json\/wp\/v2\/posts\/7589\/revisions\/7592\/"}],"wp:featuredmedia":[{"embeddable":true,"href":"https:\/\/bebe.consumer.es\/ca\/wp-json\/wp\/v2\/media\/8653\/"}],"wp:attachment":[{"href":"https:\/\/bebe.consumer.es\/ca\/wp-json\/wp\/v2\/media\/?parent=7589"}],"wp:term":[{"taxonomy":"category","embeddable":true,"href":"https:\/\/bebe.consumer.es\/ca\/wp-json\/wp\/v2\/categories\/?post=7589"},{"taxonomy":"post_tag","embeddable":true,"href":"https:\/\/bebe.consumer.es\/ca\/wp-json\/wp\/v2\/tags\/?post=7589"}],"curies":[{"name":"wp","href":"https:\/\/api.w.org\/{rel}","templated":true}]}}