{"id":7594,"date":"2021-07-08T10:20:54","date_gmt":"2021-07-08T10:20:54","guid":{"rendered":"https:\/\/bebe.consumer.es\/?p=7594"},"modified":"2022-08-01T10:57:21","modified_gmt":"2022-08-01T10:57:21","slug":"com-curar-ferides-als-nens-en-quins-casos-cal-acudir-al-metge","status":"publish","type":"post","link":"https:\/\/bebe.consumer.es\/ca\/primers-auxilis\/com-curar-ferides-als-nens-en-quins-casos-cal-acudir-al-metge\/","title":{"rendered":"Com curar ferides als nens: En quins casos cal acudir al metge?"},"content":{"rendered":"<span class=\"span-reading-time rt-reading-time\" style=\"display: block;\"><span class=\"rt-label rt-prefix\"><\/span> <span class=\"rt-time\"> 3<\/span> <span class=\"rt-label rt-postfix\">min.<\/span><\/span>\n<p>Quan comencen a ser m\u00e9s aut\u00f2noms, \u00e9s normal que els nens i les nenes amb la seva gran capacitat d\u2019exploraci\u00f3 i curiositat comencin a danyar-se sense voler. cauen, usen algun objecte que no saben (o deurien) manipular&#8230; i aix\u00ed fins a un mili\u00f3 de situacions m\u00e9s. Malgrat el sobresalt que ocasionen, els talls, les caigudes, els cops, els arraps i raspones s\u00f3n inevitables. L\u2019important \u00e9s no perdre la calma i saber curar cadascun adequadament.<\/p>\n\n\n\n<h2 class=\"wp-block-heading\"><strong>Passos per a curar la ferida<\/strong><\/h2>\n\n\n\n<p><strong>Les raspadures en els genolls s\u00f3n molt habituals, des que s\u2019inicien en el gateig. <\/strong>En aquests casos, l\u2019Associaci\u00f3 Espanyola de Pediatria recomana:<\/p>\n\n\n\n<ol class=\"wp-block-list\"><li><strong><a href=\"https:\/\/enfamilia.aeped.es\/temas-salud\/heridas\" target=\"_blank\" rel=\"noreferrer noopener nofollow\">Rentar la ferida amb aigua freda de l\u2019aixeta i sab\u00f3.<\/a> <\/strong>Si la ferida o rasp\u00f3n est\u00e0 en el genoll o en una altra part del cos i <strong>sagna,<\/strong> heu d\u2019elevar <strong><\/strong>, si pot ser, <strong>la zona lesionada i fer pressi\u00f3<\/strong> sobre ella amb <strong>gases. <\/strong>Per a disminuir la inflamaci\u00f3,<strong> tamb\u00e9 es pot usar una bossa de congelats<\/strong> o gel embolicada en una tovallola durant dos minuts o <strong>fins que cessi l\u2019hemorr\u00e0gia<\/strong>.&nbsp;<\/li><li><strong>Aplicar un antis\u00e8ptic i mantenir la ferida tapada.<\/strong> La clorhexidina \u00e9s una antis\u00e8ptica asseguran\u00e7a per a prevenir infeccions i apte a qualsevol edat.&nbsp;<\/li><li><strong>Acudir a urg\u00e8ncies si la ferida no deixa de sagnar.<\/strong> <strong>Si no aconseguiu contenir l\u2019hemorr\u00e0gia en cinc <\/strong>o, com a m\u00e0xim<strong>, deu minuts, <\/strong>\u00e9s quan<strong> heu d\u2019acudir a urg\u00e8ncies, sense deixar de comprimir la ferida.<\/strong><\/li><\/ol>\n\n\n\n<figure class=\"wp-block-image size-large\"><img loading=\"lazy\" decoding=\"async\" width=\"1024\" height=\"683\" src=\"https:\/\/bebe.consumer.es\/wp-content\/uploads\/Curar-heridas-1024x683.jpg\" alt=\"Ni\u00f1a con una herida en la pierna\" class=\"wp-image-6097\" srcset=\"https:\/\/bebe.consumer.es\/wp-content\/uploads\/Curar-heridas-1024x683.jpg 1024w, https:\/\/bebe.consumer.es\/wp-content\/uploads\/Curar-heridas-300x200.jpg 300w, https:\/\/bebe.consumer.es\/wp-content\/uploads\/Curar-heridas-768x512.jpg 768w, https:\/\/bebe.consumer.es\/wp-content\/uploads\/Curar-heridas-1536x1024.jpg 1536w, https:\/\/bebe.consumer.es\/wp-content\/uploads\/Curar-heridas-2048x1365.jpg 2048w\" sizes=\"auto, (max-width: 1024px) 100vw, 1024px\" \/><\/figure>\n\n\n\n<p><\/p>\n\n\n\n<h2 class=\"wp-block-heading\"><strong>Com curar raspones en la cara<\/strong><\/h2>\n\n\n\n<p>Quan els nens i nenes comencen a jugar i a descobrir el m\u00f3n que els envolta, \u00e9s possible que acabin fent-se raspones en la cara amb assidu\u00eftat, per\u00f2 aquest tipus de ferida no sempre ser\u00e0 greu. <strong>Per a llevar arraps en la cara d\u2019un nen, heu de seguir els mateixos passos que hem esmentat anteriorment. <\/strong>Rentar la ferida amb sab\u00f3 i aigua freda, fer pressi\u00f3 amb gases o gel embolicat en una tovallola, aplicar un antis\u00e8ptic i mantenir la ferida tapada i <strong>acudir a urg\u00e8ncies en cas que empitjori<\/strong> o necessiti punts de sutura. <\/p>\n\n\n\n<h2 class=\"wp-block-heading\"><strong>Com usar la crema antis\u00e8ptica per a nens<\/strong><\/h2>\n\n\n\n<p><strong>Quan la ferida \u00e9s superficial i les seves vores estan juntes, \u00e9s suficient amb posar un antis\u00e8ptic en esprai o en crema, com la clorhexidina, i cobrir-la amb una gasa est\u00e8ril<\/strong>, repetint la cura di\u00e0riament fins que es formi crosta. Els antis\u00e8ptics serviran llavors per a impedir que els g\u00e8rmens ataquin la ferida i, en conseq\u00fc\u00e8ncia, <strong>evitar les infeccions que aquests puguin ocasionar. <\/strong>Ja sigui en crema o en un altre format, els antis\u00e8ptics han d\u2019aplicar-se a banda i banda de la ferida i no directament sobre el tall, arrap o rasp\u00f3n. <\/p>\n\n\n\n<p>L&#8221;enrogiment, la inflor, l\u2019augment de temperatura en les ferides del nen o l\u2019aparici\u00f3 de pus, s\u00f3n signes d\u2019infecci\u00f3. En aquests casos, el pediatre valorar\u00e0 l\u2019administraci\u00f3 <a href=\"https:\/\/www.aepap.org\/sites\/default\/files\/documento\/archivos-adjuntos\/antibioticos_topicos_doc_gpi_16-10-19_final_1.pdf\" target=\"_blank\" rel=\"noreferrer noopener nofollow\">d&#8221;antibi\u00f2tics.<\/a> <\/p>\n\n\n\n<h2 class=\"wp-block-heading\"><strong>Qu\u00e8 fer en cas de ferida profunda<\/strong><\/h2>\n\n\n\n<p><strong>Si la ferida o rasp\u00f3n del nen \u00e9s profunda o les seves vores queden separats, pot ser necessari posar uns punts de sutura o unes tires especials<\/strong> per a aproximar-los. Heu d\u2019acudir a l\u2019ambulatori, o a l\u2019hospital si el tall \u00e9s en la cara, abans que hagin transcorregut sis hores i hagi comen\u00e7at a cicatritzar.<\/p>\n\n\n\n<p>Les ferides profundes poden causar una <strong>lesi\u00f3 interna<\/strong>, per tant, en moltes ocasions ser\u00e0 primordial que valoreu si heu d\u2019acudir <strong>o no al pediatre. <\/strong>A vegades, juntament amb la ferida, pot haver sofert un traumatisme que derivi en la fractura d\u2019algun os, esquin\u00e7 o <a href=\"https:\/\/bebe.consumer.es\/primeros-auxilios\/traumatismo\/\" target=\"_blank\" rel=\"noreferrer noopener\">luxaci\u00f3.<\/a> <\/p>\n\n\n\n<p>Si es tracta d\u2019un tall facial, no heu de preocupar-vos per les cicatrius que puguin deixar els punts de sutura. Generalment, aquest tipus de ferides en els nens sanen r\u00e0pidament i amb cicatrius m\u00ednimes. En alguns casos, el pediatre pot recomanar una crema cicatritzant, per\u00f2 no ha d\u2019aplicar-se sense prescripci\u00f3. L\u2019\u00fas de protecci\u00f3 solar di\u00e0riament s\u00ed que \u00e9s especialment important en aquests casos, per a minimitzar els efectes del sol en la cicatriu.<\/p>\n\n\n\n<p>La majoria de professionals recomanen que aquest tipus de corts es reparin amb simples sutures de punts separats, dissenyats especialment per a la delicada pell del rostre. Per aix\u00f2, si la ferida \u00e9s major que un rasp\u00f3n i el tall no deixa de sagnar, \u00e9s convenient que acudiu a <a href=\"https:\/\/bebe.consumer.es\/salud\/motivos-consulta-urgente\/\" target=\"_blank\" rel=\"noreferrer noopener\">urg\u00e8ncies. <\/a><\/p>\n\n\n\n<p>I recordeu que el primer pas per a qualsevol tipus de ferida \u00e9s no alterar-se, perqu\u00e8 si el nen veu que teniu el control de la situaci\u00f3, no s\u2019espantar\u00e0 tant. <\/p>\n","protected":false},"excerpt":{"rendered":"<p><span class=\"span-reading-time rt-reading-time\" style=\"display: block;\"><span class=\"rt-label rt-prefix\"><\/span> <span class=\"rt-time\"> 3<\/span> <span class=\"rt-label rt-postfix\">min.<\/span><\/span><\/p>\n","protected":false},"author":2,"featured_media":8649,"comment_status":"closed","ping_status":"closed","sticky":false,"template":"","format":"standard","meta":{"footnotes":""},"categories":[198],"tags":[200,209,211,212,321,350,382,411],"class_list":["post-7594","post","type-post","status-publish","format-standard","has-post-thumbnail","hentry","category-primers-auxilis","tag-18-mesos","tag-12-18-mesos","tag-6-9-mesos","tag-9-12-mesos","tag-higiene-ca","tag-pell","tag-seguretat","tag-visites-mediques","infinite-scroll-item","generate-columns","tablet-grid-50","mobile-grid-100","grid-parent","grid-33"],"acf":[],"aioseo_notices":[],"_links":{"self":[{"href":"https:\/\/bebe.consumer.es\/ca\/wp-json\/wp\/v2\/posts\/7594\/"}],"collection":[{"href":"https:\/\/bebe.consumer.es\/ca\/wp-json\/wp\/v2\/posts\/"}],"about":[{"href":"https:\/\/bebe.consumer.es\/ca\/wp-json\/wp\/v2\/types\/post\/"}],"author":[{"embeddable":true,"href":"https:\/\/bebe.consumer.es\/ca\/wp-json\/wp\/v2\/users\/2\/"}],"replies":[{"embeddable":true,"href":"https:\/\/bebe.consumer.es\/ca\/wp-json\/wp\/v2\/comments\/?post=7594"}],"version-history":[{"count":1,"href":"https:\/\/bebe.consumer.es\/ca\/wp-json\/wp\/v2\/posts\/7594\/revisions\/"}],"predecessor-version":[{"id":7599,"href":"https:\/\/bebe.consumer.es\/ca\/wp-json\/wp\/v2\/posts\/7594\/revisions\/7599\/"}],"wp:featuredmedia":[{"embeddable":true,"href":"https:\/\/bebe.consumer.es\/ca\/wp-json\/wp\/v2\/media\/8649\/"}],"wp:attachment":[{"href":"https:\/\/bebe.consumer.es\/ca\/wp-json\/wp\/v2\/media\/?parent=7594"}],"wp:term":[{"taxonomy":"category","embeddable":true,"href":"https:\/\/bebe.consumer.es\/ca\/wp-json\/wp\/v2\/categories\/?post=7594"},{"taxonomy":"post_tag","embeddable":true,"href":"https:\/\/bebe.consumer.es\/ca\/wp-json\/wp\/v2\/tags\/?post=7594"}],"curies":[{"name":"wp","href":"https:\/\/api.w.org\/{rel}","templated":true}]}}