{"id":7619,"date":"2021-07-06T10:20:54","date_gmt":"2021-07-06T10:20:54","guid":{"rendered":"https:\/\/bebe.consumer.es\/?p=7619"},"modified":"2022-05-11T13:10:59","modified_gmt":"2022-05-11T13:10:59","slug":"com-curar-cremades-en-nens","status":"publish","type":"post","link":"https:\/\/bebe.consumer.es\/ca\/primers-auxilis\/com-curar-cremades-en-nens\/","title":{"rendered":"Com curar cremades en nens"},"content":{"rendered":"<span class=\"span-reading-time rt-reading-time\" style=\"display: block;\"><span class=\"rt-label rt-prefix\"><\/span> <span class=\"rt-time\"> 4<\/span> <span class=\"rt-label rt-postfix\">min.<\/span><\/span>\n<p>Les cremades s\u00f3n les lesions que es produeixen per contacte directe o indirecte amb calor, corrent el\u00e8ctric, radiaci\u00f3 o agents qu\u00edmics. La cremada produ\u00efda per l\u00edquid calent (escaldadura) \u00e9s la que succeeix amb major freq\u00fc\u00e8ncia en nens i nenes.<\/p>\n\n\n\n<p>Durant els primers mesos de vida les cremades en nens solen produir-se en el bany o en prendre aliments molt calents. <strong>Quan el nen comen\u00e7a a despla\u00e7ar-se, i augmenta la seva curiositat, les possibilitats que ocorri una cremada s\u2019incrementen,<\/strong> per la qual cosa l\u2019edat de major risc \u00e9s entre els <a href=\"https:\/\/bebe.consumer.es\/desarrollo-psicomotor-y-emocional\/bebe-12-a-18-meses\/\" target=\"_blank\" rel=\"noreferrer noopener\">12 i els 24 mesos.<\/a><\/p>\n\n\n\n<p>La llar, i especialment la cuina, \u00e9s el principal lloc on es produeixen les cremades en nens.<\/p>\n\n\n\n<p><strong>Recordeu que la pell dels beb\u00e8s i nens \u00e9s m\u00e9s fina <\/strong>que la dels adults<strong>, <\/strong>per la qual cosa<strong> es crema a temperatures inferiors i amb major profunditat.<\/strong> <\/p>\n\n\n\n<h2 class=\"wp-block-heading\"><strong>Tractament per a cremades en nens<\/strong><\/h2>\n\n\n\n<p>Si n&#8221;hi ha, retirareu la roba que cobreix l\u2019\u00e0rea cremada si no est\u00e0 pegada a la pell (si est\u00e0 adherida, haur\u00e0 de llevar-la el personal sanitari). Tamb\u00e9 el fareu en cas de cremada qu\u00edmica.<\/p>\n\n\n\n<p>A continuaci\u00f3, refredareu la pell aplicant aigua freda sota l\u2019aixeta, durant 10-20 minutos. Igualment actuareu aix\u00ed amb la majoria de cremades qu\u00edmiques, excepte amb algunes subst\u00e0ncies que s\u2019agreugen amb l\u2019aigua (com el fenol, present en olis essencials), per\u00f2 prolongant l\u2019esbandit fins als 30 minuts. <strong>En cap cas heu d\u2019utilitzar gel sobre la cremada del nen.<\/strong><\/p>\n\n\n\n<p>Si les cremades s\u00f3n de redu\u00efda grand\u00e0ria i nom\u00e9s han causat l\u2019enrogiment de la pell, despr\u00e9s de l\u2019aplicaci\u00f3 d\u2019aigua fresca i una vegada passada la fase aguda, aplicareu una crema hidratant (pot contenir \u00e0loe vera, per\u00f2 mai posareu una fulla d\u2019\u00e0loe vera directament sobre la cremada). En qualsevol altre cas, <strong>s&#8221;ha de consultar amb el pediatre o acudir a l\u2019hospital, especialment si la cremada \u00e9s extensa o ha afectat la cara, les mans, els peus o la zona dels genitals.<\/strong> <\/p>\n\n\n\n<h2 class=\"wp-block-heading\"><strong>Si les cremades en els nens formen butllofes<\/strong><\/h2>\n\n\n\n<p>En el cas que les cremades en els nens formin butllofes, heu de procurar que no es trenquin i esperar que el metge decideixi la millor manera de tractar cada cas. Si es trenquen, les rentareu amb aigua i sab\u00f3 i cobrireu amb una gasa est\u00e8ril que no estrenyi. <strong>Mai han d\u2019utilitzar-se cremes per a cremades (si no ho indica un sanitari), pasta dentifr\u00edcia, mantega, ni remeis casolans de cap mena.<\/strong><\/p>\n\n\n\n<figure class=\"wp-block-image size-large\"><img loading=\"lazy\" decoding=\"async\" width=\"1024\" height=\"683\" src=\"https:\/\/bebe.consumer.es\/wp-content\/uploads\/Quemaduras-1024x683.jpg\" alt=\"Beb\u00e9 tocando un horno\" class=\"wp-image-6109\" srcset=\"https:\/\/bebe.consumer.es\/wp-content\/uploads\/Quemaduras-1024x683.jpg 1024w, https:\/\/bebe.consumer.es\/wp-content\/uploads\/Quemaduras-300x200.jpg 300w, https:\/\/bebe.consumer.es\/wp-content\/uploads\/Quemaduras-768x512.jpg 768w, https:\/\/bebe.consumer.es\/wp-content\/uploads\/Quemaduras-1536x1024.jpg 1536w, https:\/\/bebe.consumer.es\/wp-content\/uploads\/Quemaduras-2048x1365.jpg 2048w\" sizes=\"auto, (max-width: 1024px) 100vw, 1024px\" \/><\/figure>\n\n\n\n<p><\/p>\n\n\n\n<h2 class=\"wp-block-heading\"><strong>Primers auxilis en cremades<\/strong><\/h2>\n\n\n\n<p>Una vegada atengueu el nen o nena i li realitzeu els primers auxilis per a cremades, heu d\u2019intentar classificar-les per a poder valorar la seva gravetat i determinar si heu de traslladar-ho a l\u2019hospital perqu\u00e8 rebi ajuda professional. Per a aix\u00f2, heu de tenir en compte la grand\u00e0ria, la profunditat i <a href=\"https:\/\/www.aeped.es\/sites\/default\/files\/documentos\/21_quemaduras.pdf\" target=\"_blank\" rel=\"noreferrer noopener nofollow\">la localitzaci\u00f3 de la lesi\u00f3<\/a>. <\/p>\n\n\n\n<p>Actualment la gravetat d\u2019una cremada es designa com:<\/p>\n\n\n\n<ul class=\"wp-block-list\"><li><strong>Superficial<\/strong> (primer grau). Nom\u00e9s afecta a la capa m\u00e9s externa de la pell.<\/li><li><strong>Gruix parcial superficial<\/strong> (segon grau superficial) i <strong>gruix parcial profund<\/strong> (segon grau profund). A m\u00e9s de la capa superficial, afecta a part de la seg\u00fcent capa de pell.<\/li><li><strong>Gruix total<\/strong> (tercer grau). Afecta a totes les capes de la pell i a terminacions nervioses.<\/li><\/ul>\n\n\n\n<h2 class=\"wp-block-heading\"><strong>Qu\u00e8 fer en cas de cremades de segon grau en nens<\/strong><\/h2>\n\n\n\n<p><strong>E<\/strong><strong>n cremades importants, despr\u00e9s de llevar la roba que pugui treure&#8221;s f\u00e0cilment si no ha quedat adherida, submergiu la cremada del nen en aigua freda<\/strong>. Tamb\u00e9 cal procurar que el nen sigui visitat per un professional m\u00e8dic, al m\u00e9s aviat possible.<\/p>\n\n\n\n<p><strong>En el cas que la roba del beb\u00e8 cali foc<\/strong>, el m\u00e9s recomanable \u00e9s fer-li rodar sobre el s\u00f2l o embolicar-lo amb una manta perqu\u00e8 les flames s\u2019apaguin per la falta oxigen. <strong>Mai cal llevar-la-hi abans que estigui completament apagada, perqu\u00e8 aix\u00f2 avivaria el foc<\/strong>. Tot seguit, telefoneu a una ambul\u00e0ncia. <\/p>\n\n\n\n<p><strong>Quan les cremades s\u00f3n molt extenses i greus, emboliqueu al nen amb un llen\u00e7ol net, i abrigueu-li amb una manta per a sortir urgentment cap a l\u2019hospital<\/strong>, posant-li compreses fredes en el trajecte.<\/p>\n\n\n\n<p><strong>En cremades en nens causades per subst\u00e0ncies qu\u00edmiques<\/strong>, lleveu-li la roba i renteu la zona amb abundant aigua almenys durant vint minuts. Despr\u00e9s, es recomana cobrir la cremada amb una gasa o un llen\u00e7ol net i <strong>acudir a urg\u00e8ncies, sense oblidar portar l\u2019env\u00e0s o l\u2019etiqueta del producte que l\u2019ha causat.<\/strong><\/p>\n\n\n\n<p><strong>Si el beb\u00e8 es crema la boca per un <a href=\"https:\/\/bebe.consumer.es\/alimentacion\/preparacion-biberones\/\" target=\"_blank\" rel=\"noreferrer noopener\">biber\u00f3<\/a> massa calent<\/strong>, poseu-li boca avall perqu\u00e8 expulsi la llet, <strong>despr\u00e9s, rentareu la seva boca amb aigua freda i acudir a urg\u00e8ncies<\/strong><\/p>\n\n\n\n<h2 class=\"wp-block-heading\"><strong>Cremades solars en nens <\/strong><\/h2>\n\n\n\n<p><strong>Els remeis per a <a href=\"https:\/\/bebe.consumer.es\/cuidados-generales-y-prevencion\/sol\/\" target=\"_blank\" rel=\"noreferrer noopener\">cremades del sol <\/a>en nens m\u00e9s adequats seran sempre els h\u00e0bits preventius i de protecci\u00f3 solar. <\/strong>Per aquest motiu, els i les pediatres recomanen protegir-se en l\u2019ombra, evitar les hores punta del sol i usar peces adequades. Per a evitar les cremades solars infantils, ser\u00e0 molt important tamb\u00e9 l\u2019aplicaci\u00f3 de crema per a prevenir cremades solars o fotoprotectores a partir dels <a href=\"https:\/\/bebe.consumer.es\/desarrollo-psicomotor-y-emocional\/bebe-6-a-9-meses\/\" target=\"_blank\" rel=\"noreferrer noopener\">sis mesos.<\/a> Heu d\u2019assegurar-vos que aquests productes protegeixin totalment els nens enfront de la radiaci\u00f3 UVB i UVA.<\/p>\n\n\n\n<p>En cas de cremada de sol, porteu al nen a un lloc fresc, fora de l\u2019abast dels raigs solars. Dutxeu al nen en aigua fresca i sense sab\u00f3 per a no irritar m\u00e9s la pell, i en assecar-ho no fregueu la pell, sin\u00f3 doneu-li suaus cops amb la tovallola. <\/p>\n\n\n\n<p>Per a pal\u00b7liar el dolor, podeu aplicar compreses humides sobre la zona afectada. I quan la rojor de la pell comenci a disminuir es pot aplicar una crema hidratant.  Sobretot, assegureu-vos que el nen beu molta aigua i est\u00e0 ben hidratat.<\/p>\n\n\n\n<p>Per a cremades de sol greus o extenses, <a href=\"https:\/\/bebe.consumer.es\/salud\/motivos-consulta-urgente\/\" target=\"_blank\" rel=\"noreferrer noopener\">porteu al nen a urg\u00e8ncies. <\/a><\/p>\n","protected":false},"excerpt":{"rendered":"<p><span class=\"span-reading-time rt-reading-time\" style=\"display: block;\"><span class=\"rt-label rt-prefix\"><\/span> <span class=\"rt-time\"> 4<\/span> <span class=\"rt-label rt-postfix\">min.<\/span><\/span><\/p>\n","protected":false},"author":2,"featured_media":4291,"comment_status":"closed","ping_status":"closed","sticky":false,"template":"","format":"standard","meta":{"footnotes":""},"categories":[198],"tags":[200,208,209,210,211,212,321,350,382,394,411],"class_list":["post-7619","post","type-post","status-publish","format-standard","has-post-thumbnail","hentry","category-primers-auxilis","tag-18-mesos","tag-0-3-mesos","tag-12-18-mesos","tag-3-6-mesos","tag-6-9-mesos","tag-9-12-mesos","tag-higiene-ca","tag-pell","tag-seguretat","tag-sol-ca","tag-visites-mediques","infinite-scroll-item","generate-columns","tablet-grid-50","mobile-grid-100","grid-parent","grid-33"],"acf":[],"aioseo_notices":[],"_links":{"self":[{"href":"https:\/\/bebe.consumer.es\/ca\/wp-json\/wp\/v2\/posts\/7619\/"}],"collection":[{"href":"https:\/\/bebe.consumer.es\/ca\/wp-json\/wp\/v2\/posts\/"}],"about":[{"href":"https:\/\/bebe.consumer.es\/ca\/wp-json\/wp\/v2\/types\/post\/"}],"author":[{"embeddable":true,"href":"https:\/\/bebe.consumer.es\/ca\/wp-json\/wp\/v2\/users\/2\/"}],"replies":[{"embeddable":true,"href":"https:\/\/bebe.consumer.es\/ca\/wp-json\/wp\/v2\/comments\/?post=7619"}],"version-history":[{"count":1,"href":"https:\/\/bebe.consumer.es\/ca\/wp-json\/wp\/v2\/posts\/7619\/revisions\/"}],"predecessor-version":[{"id":7622,"href":"https:\/\/bebe.consumer.es\/ca\/wp-json\/wp\/v2\/posts\/7619\/revisions\/7622\/"}],"wp:featuredmedia":[{"embeddable":true,"href":"https:\/\/bebe.consumer.es\/ca\/wp-json\/wp\/v2\/media\/4291\/"}],"wp:attachment":[{"href":"https:\/\/bebe.consumer.es\/ca\/wp-json\/wp\/v2\/media\/?parent=7619"}],"wp:term":[{"taxonomy":"category","embeddable":true,"href":"https:\/\/bebe.consumer.es\/ca\/wp-json\/wp\/v2\/categories\/?post=7619"},{"taxonomy":"post_tag","embeddable":true,"href":"https:\/\/bebe.consumer.es\/ca\/wp-json\/wp\/v2\/tags\/?post=7619"}],"curies":[{"name":"wp","href":"https:\/\/api.w.org\/{rel}","templated":true}]}}