{"id":7673,"date":"2021-06-05T10:20:54","date_gmt":"2021-06-05T10:20:54","guid":{"rendered":"https:\/\/bebe.consumer.es\/?p=7673"},"modified":"2022-06-15T13:10:05","modified_gmt":"2022-06-15T13:10:05","slug":"com-alleujar-lansietat-per-separacio-del-bebe","status":"publish","type":"post","link":"https:\/\/bebe.consumer.es\/ca\/crianca\/com-alleujar-lansietat-per-separacio-del-bebe\/","title":{"rendered":"Com alleujar l&#8217;ansietat per separaci\u00f3 del beb\u00e8"},"content":{"rendered":"<span class=\"span-reading-time rt-reading-time\" style=\"display: block;\"><span class=\"rt-label rt-prefix\"><\/span> <span class=\"rt-time\"> 3<\/span> <span class=\"rt-label rt-postfix\">min.<\/span><\/span>\n<p>Potser en els seus <a href=\"https:\/\/bebe.consumer.es\/desarrollo-psicomotor-y-emocional\/bebe-3-meses\/\" target=\"_blank\" rel=\"noreferrer noopener\">primers mesos de vida<\/a> el vostre beb\u00e8 solia quedar-se tranquil quan us an\u00e0veu i estava feli\u00e7 en bra\u00e7os o en companyia de persones que no coneixia. Per\u00f2 de sobte, <strong>no vol separar-se de vosaltres i plora si no esteu<\/strong>, encara que us hagi perdut de vista per poc temps. Aquest fenomen es coneix com a angoixa o ansietat per separaci\u00f3.<\/p>\n\n\n\n<p>L&#8221;ansietat per la separaci\u00f3 \u00e9s comuna en els nens petits i es considera una part normal del desenvolupament del vostre beb\u00e8. \u00c9s un senyal que el vostre beb\u00e8 s\u2019adona del dependent que \u00e9s de vosaltres i les vostres cures. En general, desapareix amb el pas dels anys. <\/p>\n\n\n\n<h2 class=\"wp-block-heading\"><strong>Quan apareix l\u2019angoixa o ansietat per separaci\u00f3<\/strong><\/h2>\n\n\n\n<p>El beb\u00e8 neix amb la creen\u00e7a que <strong>la seva mare i ell s\u00f3n la mateixa persona. <\/strong>No \u00e9s<strong> fins a uns mesos despr\u00e9s quan va adquirint la noci\u00f3 de tenir la seva pr\u00f2pia identitat.<\/strong> A m\u00e9s, en els primers mesos de vida encara no ha desenvolupat el sentit de perman\u00e8ncia (quan el beb\u00e8 pren consci\u00e8ncia que els objectes existeixen encara que no els pugui veure). No \u00e9s fins als set o nou mesos que un gran percentatge de beb\u00e8s <a href=\"https:\/\/bebe.consumer.es\/salud\/llanto\/\" target=\"_blank\" rel=\"noreferrer noopener\">ploren<\/a> en separar-se d\u2019algun de vosaltres.&nbsp;<\/p>\n\n\n\n<figure class=\"wp-block-image size-large\"><img loading=\"lazy\" decoding=\"async\" width=\"1024\" height=\"781\" src=\"https:\/\/bebe.consumer.es\/wp-content\/uploads\/ansiedadseparacion-1024x781.jpg\" alt=\"Ansiedad separacion\" class=\"wp-image-8038\" srcset=\"https:\/\/bebe.consumer.es\/wp-content\/uploads\/ansiedadseparacion-1024x781.jpg 1024w, https:\/\/bebe.consumer.es\/wp-content\/uploads\/ansiedadseparacion-300x229.jpg 300w, https:\/\/bebe.consumer.es\/wp-content\/uploads\/ansiedadseparacion-768x586.jpg 768w, https:\/\/bebe.consumer.es\/wp-content\/uploads\/ansiedadseparacion-1536x1171.jpg 1536w, https:\/\/bebe.consumer.es\/wp-content\/uploads\/ansiedadseparacion-2048x1562.jpg 2048w\" sizes=\"auto, (max-width: 1024px) 100vw, 1024px\" \/><\/figure>\n\n\n\n<p><\/p>\n\n\n\n<p>\u00c9s a partir d\u2019aquesta <a href=\"https:\/\/enfamilia.aeped.es\/edades-etapas\/bebe-8-12-meses\" target=\"_blank\" rel=\"noreferrer noopener nofollow\">edat<\/a> quan el vostre beb\u00e8<strong> pot experimentar reaccions de protesta i ansietat davant la separaci\u00f3<\/strong>, aix\u00ed com mostrar alegria i calma davant el retrobament. Aix\u00f2 s\u2019ocasiona principalment per diversos motius<strong>: <\/strong><\/p>\n\n\n\n<ul class=\"wp-block-list\"><li><strong>El beb\u00e8 comen\u00e7a a mostrar signes d\u2019autoreconeixement, <\/strong>per tant, s\u2019inicia el proc\u00e9s d\u2019adquisici\u00f3 de consci\u00e8ncia del jo personal.<\/li><li>\u00c9s<strong> capa\u00e7 de distingir entre diverses figures d\u2019inclinaci\u00f3 i establir jerarquies <\/strong>i prefer\u00e8ncies entre elles. <\/li><li>A aquesta edat encara <strong>no compr\u00e8n el concepte de temps<\/strong> i no sap si tornareu o si us heu anat per sempre, la qual cosa els genera una por atro\u00e7 que expressen a trav\u00e9s del plor.<\/li><\/ul>\n\n\n\n<h2 class=\"wp-block-heading\"><strong>Qu\u00e8 fer en aquests casos: consells i recomanacions<\/strong><\/h2>\n\n\n\n<p>En casos d\u2019ansietat per separaci\u00f3, aquests consells us seran \u00fatils perqu\u00e8 el beb\u00e8 es vagi adaptant, a poc a poc, a la nova situaci\u00f3.<\/p>\n\n\n\n<ul class=\"wp-block-list\"><li><strong>Conv\u00e9 comen\u00e7ar per intervals breus de separaci\u00f3.<\/strong> Gradualment, augmenteu el temps de la vostra abs\u00e8ncia.<\/li><li><strong>Acomiadar-vos sempre del vostre beb\u00e8 i <\/strong>expliqueu-li quan tornareu i qu\u00e8 fareu quan torneu.<\/li><li><strong>Comiat curt i positiu. <\/strong>No allargar-la en exc\u00e9s i sobretot que el nen o nena no us vegi nerviosos o tristos. <\/li><li><strong>Deixeu-los un objecte<\/strong> amb el qual us identifiqui (per exemple, un mocador amb la vostra olor) o si els deixeu fora de casa, que s\u2019emporti la seva joguina favorita. Aix\u00f2 pot tranquil\u00b7litzar-li mentre no esteu.<\/li><li><strong>En el retrobament, mostrar-vos atents i doneu-li moltes manyagues i afecte.<\/strong> Agrair\u00e0 que despr\u00e9s del temps separats, tingueu temps en exclusiva per a ell.<\/li><li><strong>El sentit de perman\u00e8ncia cal entrenar-lo <\/strong>perqu\u00e8 entengui que, encara que no us vegin, continueu existint. Hi ha jocs apropiats per a aix\u00f2, com el <em>cucut-tr\u00e1s<\/em> o l\u2019amagatall. <\/li><\/ul>\n\n\n\n<p>\u00c9s important que sapigueu que l\u2019angoixa per separaci\u00f3 no \u00e9s una reculada, sin\u00f3 que \u00e9s un avan\u00e7. No us deixeu intimidar pels possibles comentaris del vostre entorn pr\u00f2xim, ja que no esteu fent gens dolent. El vostre beb\u00e8 no us pren el p\u00e8l, sin\u00f3 que <strong>est\u00e0 desenvolupant el seu propi sistema d\u2019alarma, <\/strong>comprenent que amb vosaltres no corre cap perill. Per aix\u00f2 quan no esteu, far\u00e0 tot el possible per a garantir la seva seguretat.<strong> Per sort, es tracta d\u2019una etapa passatgera i d\u2019aprenentatge dins del <\/strong><strong>desenvolupament sa del vostre beb\u00e8.<\/strong><strong> <\/strong><\/p>\n","protected":false},"excerpt":{"rendered":"<p><span class=\"span-reading-time rt-reading-time\" style=\"display: block;\"><span class=\"rt-label rt-prefix\"><\/span> <span class=\"rt-time\"> 3<\/span> <span class=\"rt-label rt-postfix\">min.<\/span><\/span><\/p>\n","protected":false},"author":2,"featured_media":8034,"comment_status":"closed","ping_status":"closed","sticky":false,"template":"","format":"standard","meta":{"footnotes":""},"categories":[193],"tags":[209,211,212,290,302],"class_list":["post-7673","post","type-post","status-publish","format-standard","has-post-thumbnail","hentry","category-crianca","tag-12-18-mesos","tag-6-9-mesos","tag-9-12-mesos","tag-desenvolupament-infantil","tag-educacio","infinite-scroll-item","generate-columns","tablet-grid-50","mobile-grid-100","grid-parent","grid-33"],"acf":[],"aioseo_notices":[],"_links":{"self":[{"href":"https:\/\/bebe.consumer.es\/ca\/wp-json\/wp\/v2\/posts\/7673\/"}],"collection":[{"href":"https:\/\/bebe.consumer.es\/ca\/wp-json\/wp\/v2\/posts\/"}],"about":[{"href":"https:\/\/bebe.consumer.es\/ca\/wp-json\/wp\/v2\/types\/post\/"}],"author":[{"embeddable":true,"href":"https:\/\/bebe.consumer.es\/ca\/wp-json\/wp\/v2\/users\/2\/"}],"replies":[{"embeddable":true,"href":"https:\/\/bebe.consumer.es\/ca\/wp-json\/wp\/v2\/comments\/?post=7673"}],"version-history":[{"count":2,"href":"https:\/\/bebe.consumer.es\/ca\/wp-json\/wp\/v2\/posts\/7673\/revisions\/"}],"predecessor-version":[{"id":8042,"href":"https:\/\/bebe.consumer.es\/ca\/wp-json\/wp\/v2\/posts\/7673\/revisions\/8042\/"}],"wp:featuredmedia":[{"embeddable":true,"href":"https:\/\/bebe.consumer.es\/ca\/wp-json\/wp\/v2\/media\/8034\/"}],"wp:attachment":[{"href":"https:\/\/bebe.consumer.es\/ca\/wp-json\/wp\/v2\/media\/?parent=7673"}],"wp:term":[{"taxonomy":"category","embeddable":true,"href":"https:\/\/bebe.consumer.es\/ca\/wp-json\/wp\/v2\/categories\/?post=7673"},{"taxonomy":"post_tag","embeddable":true,"href":"https:\/\/bebe.consumer.es\/ca\/wp-json\/wp\/v2\/tags\/?post=7673"}],"curies":[{"name":"wp","href":"https:\/\/api.w.org\/{rel}","templated":true}]}}