{"id":7691,"date":"2021-06-02T10:20:54","date_gmt":"2021-06-02T10:20:54","guid":{"rendered":"https:\/\/bebe.consumer.es\/?p=7691"},"modified":"2022-06-15T12:47:24","modified_gmt":"2022-06-15T12:47:24","slug":"com-establir-limits-en-la-crianca-del-bebe","status":"publish","type":"post","link":"https:\/\/bebe.consumer.es\/ca\/crianca\/com-establir-limits-en-la-crianca-del-bebe\/","title":{"rendered":"Com establir l\u00edmits en la crian\u00e7a del beb\u00e8"},"content":{"rendered":"<span class=\"span-reading-time rt-reading-time\" style=\"display: block;\"><span class=\"rt-label rt-prefix\"><\/span> <span class=\"rt-time\"> 3<\/span> <span class=\"rt-label rt-postfix\">min.<\/span><\/span>\n<p>Com a adults, heu de decidir i establir unes bases sobre les quals construir la relaci\u00f3 amb els vostres fills. L\u2019empatia, <strong>el respecte, l\u2019amor i la fermesa<\/strong> s\u00f3n ingredients necessaris per a un desenvolupament integral durant l\u2019\u00e8poca de crian\u00e7a. A m\u00e9s, \u00e9s important tenir en compte que <strong>el l\u00edmit \u00e9s l\u2019eina m\u00e9s poderosa <\/strong>que teniu per a assegurar un<strong> desenvolupament integral saludable <\/strong>dels vostres fills i hijas.la falta d\u2019ells pot ser l\u2019origen de molts problemes en l\u2019adolesc\u00e8ncia i fins i tot l\u2019edat adulta.<\/p>\n\n\n\n<h2 class=\"wp-block-heading\"><strong>Qu\u00e8 s\u00f3n i per a qu\u00e8 serveix posar l\u00edmits<\/strong><\/h2>\n\n\n\n<p><strong>Els l\u00edmits s\u00f3n les normes que establiu com a adults des de l\u2019empatia i el respecte, <\/strong>i que serveixen de <strong>guia als nens <\/strong>per a <strong>garantir<\/strong> una<strong> bona conviv\u00e8ncia<\/strong> tant dins del si familiar com amb la resta de la societat. Els l\u00edmits els ajuden a saber qu\u00e8 estan <strong>acceptats en la conviv\u00e8ncia<\/strong>, els <strong>adverteixen<\/strong> i preserven <strong>de perills<\/strong> i els <strong>ajuden<\/strong> a tenir <strong>responsabilitat<\/strong>. Per tot aix\u00f2, quan els nens creixen amb l\u00edmits, creixen en <strong><a href=\"https:\/\/enfamilia.aeped.es\/noticias\/normas-limites\" target=\"_blank\" rel=\"noreferrer noopener nofollow\">un ambient de seguretat i respecte<\/a>. <\/strong><\/p>\n\n\n\n<h2 class=\"wp-block-heading\"><strong>Com i quan posar l\u00edmits: consells i recomanacions<\/strong><\/h2>\n\n\n\n<p>Quan es parla d\u2019establir l\u00edmits, cal tenir clar que <strong>no \u00e9s el mateix posar que imposar.<\/strong> Heu de<strong> reflexionar i entendre les necessitats dels vostres fills,<\/strong> tenint en compte el<strong> moment evolutiu <\/strong>en el qual es troben i que tal vegada aquestes necessitats no tenen per qu\u00e8 coincidir amb les vostres. Per exemple, per als adults els horaris s\u00f3n molt importants i enteneu que cal ser puntuals. No obstant aix\u00f2, el concepte de temps per als nens \u00e9s massa ambigu i els costa comprendre i valorar la necessitat de complir amb uns horaris determinats.<\/p>\n\n\n\n<h2 class=\"wp-block-heading\"><strong>Per a qu\u00e8 serveixen els l\u00edmits<\/strong><\/h2>\n\n\n\n<p>Els l\u00edmits <strong>s\u00f3n necessaris durant tot el desenvolupament del nen o nena<\/strong>, per aix\u00f2 els podeu <a href=\"https:\/\/bebe.consumer.es\/desarrollo-psicomotor-y-emocional\/bebe-un-mes\/\" target=\"_blank\" rel=\"noreferrer noopener\">aplicar des de petits.<\/a> L\u2019\u00fanica cosa que heu de tenir en compte \u00e9s que els l\u00edmits <strong>aniran evolucionant d\u2019igual manera que el beb\u00e8 va creixent.<\/strong> Amb l\u2019edat, els l\u00edmits seran diferents per a garantir un creixement saludable. &nbsp; &nbsp; &nbsp;<\/p>\n\n\n\n<figure class=\"wp-block-image size-large\"><img loading=\"lazy\" decoding=\"async\" width=\"1024\" height=\"682\" src=\"https:\/\/bebe.consumer.es\/wp-content\/uploads\/limitescrianza-1024x682.jpg\" alt=\"Limites crianza\" class=\"wp-image-7945\" srcset=\"https:\/\/bebe.consumer.es\/wp-content\/uploads\/limitescrianza-1024x682.jpg 1024w, https:\/\/bebe.consumer.es\/wp-content\/uploads\/limitescrianza-300x200.jpg 300w, https:\/\/bebe.consumer.es\/wp-content\/uploads\/limitescrianza-768x511.jpg 768w, https:\/\/bebe.consumer.es\/wp-content\/uploads\/limitescrianza-1536x1023.jpg 1536w, https:\/\/bebe.consumer.es\/wp-content\/uploads\/limitescrianza-2048x1364.jpg 2048w\" sizes=\"auto, (max-width: 1024px) 100vw, 1024px\" \/><\/figure>\n\n\n\n<p><\/p>\n\n\n\n<h2 class=\"wp-block-heading\"><strong>La import\u00e0ncia de ser objectius a l\u2019hora de posar l\u00edmits<\/strong><\/h2>\n\n\n\n<p>A l\u2019hora de posar l\u00edmits<strong> ser objectius \u00e9s crucial<\/strong>, sent concrets i espec\u00edfics, sense usar frases generalitzades com \u201cporta&#8221;t b\u00e9\u201d. Es recomana que canvieu aquest tipus de frases per frases m\u00e9s concretes com a \u201cparla baixet que l\u2019\u00e0via est\u00e0 dormint\u201d, per exemple, aix\u00ed <strong>ajudareu al nen<\/strong> al fet que <strong>comprengui<\/strong>, a poc a poc,<strong> <a href=\"https:\/\/bebe.consumer.es\/crianza\/progenitores\/\" target=\"_blank\" rel=\"noreferrer noopener\">qu\u00e8 \u00e9s el que necessiteu i espereu d\u2019ell<\/a><\/strong>. D\u2019aquesta manera anir\u00e0 integrant les normes de conviv\u00e8ncia establertes.<\/p>\n\n\n\n<h2 class=\"wp-block-heading\"><strong>Entendre les necessitats del nen o beb\u00e8<\/strong><\/h2>\n\n\n\n<p><strong>Donar alternatives o opcions \u00e9s un altre recurs a l\u2019hora d\u2019introduir els l\u00edmits de manera respectuosa.<\/strong> Per exemple, si el beu est\u00e0 colpejant la taula amb la seva joguina, podeu portar-lo a un altre lloc on pot continuar colpejant sense espatllar la taula i li ho expliqueu. Com a alternativa, tamb\u00e9 podeu oferir-li una joguina que serveixi per a colpejar sense danyar-se o danyar la taula, explicant-li per qu\u00e8 ha de fer-ho amb una altra joguina i no el que usava, aix\u00ed entendr\u00e0 el perqu\u00e8 del l\u00edmit. <\/p>\n\n\n\n<h2 class=\"wp-block-heading\"><strong>Millor parla en positiu que en negatiu<\/strong><\/h2>\n\n\n\n<p><strong>Posar \u00e8mfasi en el positiu \u00e9s important <\/strong>perqu\u00e8 el l\u00edmit s\u2019integri en el creixement del nen. <strong>Si nom\u00e9s li dieu que \u00e9s el que no pot fer, <a href=\"https:\/\/bebe.consumer.es\/crianza\/rabietas\/\" target=\"_blank\" rel=\"noreferrer noopener\">no hi ha garantia d\u2019aprenentatge<\/a><\/strong>. No obstant aix\u00f2, si li parleu en positiu, el nen estar\u00e0 m\u00e9s receptiu. Per exemple, si li dieu \u201cno cridis\u2019\u2019, esteu insistint en el que no ha de fer. No obstant aix\u00f2, si li dieu \u201cparla baixet que \u00e9s molt primerenc\u2019\u2019, reforceu el que s\u00ed que pot fer. <\/p>\n\n\n\n<p>Recordeu que <strong>el prop\u00f2sit dels l\u00edmits \u00e9s ajudar els nens i nenes<\/strong> a organitzar, internalitzar les regles i adquirir pautes de comportament adequades tenint en compte <strong> les seves necessitats, les seves inquietuds i els seus interessos.<\/strong><\/p>\n","protected":false},"excerpt":{"rendered":"<p><span class=\"span-reading-time rt-reading-time\" style=\"display: block;\"><span class=\"rt-label rt-prefix\"><\/span> <span class=\"rt-time\"> 3<\/span> <span class=\"rt-label rt-postfix\">min.<\/span><\/span><\/p>\n","protected":false},"author":2,"featured_media":7941,"comment_status":"closed","ping_status":"closed","sticky":false,"template":"","format":"standard","meta":{"footnotes":""},"categories":[193],"tags":[200,209,212,290,302],"class_list":["post-7691","post","type-post","status-publish","format-standard","has-post-thumbnail","hentry","category-crianca","tag-18-mesos","tag-12-18-mesos","tag-9-12-mesos","tag-desenvolupament-infantil","tag-educacio","infinite-scroll-item","generate-columns","tablet-grid-50","mobile-grid-100","grid-parent","grid-33"],"acf":[],"aioseo_notices":[],"_links":{"self":[{"href":"https:\/\/bebe.consumer.es\/ca\/wp-json\/wp\/v2\/posts\/7691\/"}],"collection":[{"href":"https:\/\/bebe.consumer.es\/ca\/wp-json\/wp\/v2\/posts\/"}],"about":[{"href":"https:\/\/bebe.consumer.es\/ca\/wp-json\/wp\/v2\/types\/post\/"}],"author":[{"embeddable":true,"href":"https:\/\/bebe.consumer.es\/ca\/wp-json\/wp\/v2\/users\/2\/"}],"replies":[{"embeddable":true,"href":"https:\/\/bebe.consumer.es\/ca\/wp-json\/wp\/v2\/comments\/?post=7691"}],"version-history":[{"count":3,"href":"https:\/\/bebe.consumer.es\/ca\/wp-json\/wp\/v2\/posts\/7691\/revisions\/"}],"predecessor-version":[{"id":8031,"href":"https:\/\/bebe.consumer.es\/ca\/wp-json\/wp\/v2\/posts\/7691\/revisions\/8031\/"}],"wp:featuredmedia":[{"embeddable":true,"href":"https:\/\/bebe.consumer.es\/ca\/wp-json\/wp\/v2\/media\/7941\/"}],"wp:attachment":[{"href":"https:\/\/bebe.consumer.es\/ca\/wp-json\/wp\/v2\/media\/?parent=7691"}],"wp:term":[{"taxonomy":"category","embeddable":true,"href":"https:\/\/bebe.consumer.es\/ca\/wp-json\/wp\/v2\/categories\/?post=7691"},{"taxonomy":"post_tag","embeddable":true,"href":"https:\/\/bebe.consumer.es\/ca\/wp-json\/wp\/v2\/tags\/?post=7691"}],"curies":[{"name":"wp","href":"https:\/\/api.w.org\/{rel}","templated":true}]}}