{"id":7188,"date":"2021-12-09T15:36:27","date_gmt":"2021-12-09T15:36:27","guid":{"rendered":"https:\/\/bebe.consumer.es\/?p=7188"},"modified":"2022-06-17T07:33:56","modified_gmt":"2022-06-17T07:33:56","slug":"os-primeiros-minutos-de-vida-do-bebe","status":"publish","type":"post","link":"https:\/\/bebe.consumer.es\/gl\/nacemento\/os-primeiros-minutos-de-vida-do-bebe\/","title":{"rendered":"Os primeiros minutos de vida do beb\u00e9"},"content":{"rendered":"<span class=\"span-reading-time rt-reading-time\" style=\"display: block;\"><span class=\"rt-label rt-prefix\"><\/span> <span class=\"rt-time\"> 3<\/span> <span class=\"rt-label rt-postfix\">min.<\/span><\/span>\n<p>Os primeiros minutos do beb\u00e9 f\u00f3ra do \u00fatero son cruciais e todo o que sucede nese momento serve para <strong>favorecer a adaptaci\u00f3n instintiva<\/strong> do recentemente nacido <strong><a href=\"https:\/\/bebe.consumer.es\/desarrollo-psicomotor-y-emocional\/recien-nacido\/\" target=\"_blank\" rel=\"noreferrer noopener\">\u00e1 s\u00faa nova contorna<\/a><\/strong>. Coa primeira respiraci\u00f3n, o beb\u00e9 deixa de recibir o os\u00edxeno a trav\u00e9s da placenta. Por primeira vez, o aire alaga os seus pulm\u00f3ns que, at\u00e9 o momento, estaban cheos de l\u00edquido amni\u00f3tico. <\/p>\n\n\n\n<p>O beb\u00e9 nace mollado e o primeiro que far\u00e1n os profesionais na maior\u00eda dos hospitais \u00e9 polo <strong>encima de v\u00f3s<\/strong>, as nais. Inmediatamente despois, valorarase o seu estado por medio da <a href=\"https:\/\/enfamilia.aeped.es\/edades-etapas\/test-apgar\" target=\"_blank\" rel=\"noreferrer noopener nofollow\">proba de Apgar<\/a>. Este test \u00e9 un exame r\u00e1pido que se realiza ao primeiro e quinto minuto despois do nacemento do beb\u00e9 para avaliar a s\u00faa frecuencia card\u00edaca, a s\u00faa respiraci\u00f3n, o ton muscular, os primeiros reflexos e a s\u00faa cor de pel. A mellor puntuaci\u00f3n ser\u00e1 de 10, a\u00ednda que se considera <strong>normal entre 7 e 10<\/strong>. O resultado no minuto 1 determina como tolerou o beb\u00e9 o proceso de nacemento. O do minuto 5 indica como est\u00e1 a evolucionar o beb\u00e9 f\u00f3ra do ventre materno.<\/p>\n\n\n\n<h2 class=\"wp-block-heading\"><strong>O beb\u00e9 durante as primeiras horas<\/strong><\/h2>\n\n\n\n<p>Durante os seus primeiros minutos encima de v\u00f3s, os profesionais sanitarios colocaranlle <strong>unha pomada nos ollos<\/strong> (para previr causas graves de <a href=\"https:\/\/bebe.consumer.es\/salud\/enfermedades-mas-frecuentes\/\" target=\"_blank\" rel=\"noreferrer noopener\">conjuntivitis<\/a> e administrar\u00e1selle <strong>vitamina K<\/strong> intramuscular ou oral (para evitar alteraci\u00f3ns de coagulaci\u00f3n). A condici\u00f3n de que non se contemple o contrario no Plan de parto que se elaborou. Despois, pesarase <strong><a href=\"https:\/\/bebe.consumer.es\/cuidados-generales-y-prevencion\/peso\/\" target=\"_blank\" rel=\"noreferrer noopener\"> e medir\u00e1&nbsp; ao beb\u00e9<\/a><\/strong>, tomar\u00e1selle <strong> a pegada<\/strong> do p\u00e9 e colocar\u00e1selle un brazalete cos seus <strong><a href=\"https:\/\/www.aeped.es\/sites\/default\/files\/documentos\/2_2.pdf\" target=\"_blank\" rel=\"noreferrer noopener nofollow\">datos identificativos. <\/a><\/strong><\/p>\n\n\n\n<figure class=\"wp-block-image size-full\"><img loading=\"lazy\" decoding=\"async\" width=\"1000\" height=\"665\" src=\"https:\/\/bebe.consumer.es\/wp-content\/uploads\/Primerosdias.jpg\" alt=\"Primeros dias de vida\" class=\"wp-image-8532\" srcset=\"https:\/\/bebe.consumer.es\/wp-content\/uploads\/Primerosdias.jpg 1000w, https:\/\/bebe.consumer.es\/wp-content\/uploads\/Primerosdias-300x200.jpg 300w, https:\/\/bebe.consumer.es\/wp-content\/uploads\/Primerosdias-768x511.jpg 768w\" sizes=\"auto, (max-width: 1000px) 100vw, 1000px\" \/><\/figure>\n\n\n\n<p><\/p>\n\n\n\n<p>Polo menos durante a <strong>primeira hora posterior ao nacemento,<\/strong> a maior\u00eda de beb\u00e9s \u00e1chanse nun estado de alerta tranquila, durante o que parecen tratar de <strong>explorar a s\u00faa contorna e establecer relaci\u00f3ns<\/strong>. Nada m\u00e1is nacer, os beb\u00e9s cheiran e reaccionan aos sons. A s\u00faa visi\u00f3n \u00e9 restritiva, perciben cambios na intensidade da luz e ven siluetas borrosas. O que mellor enfocan \u00e9 o que est\u00e1 situado a uns 25 cent\u00edmetros, e esa \u00e9 a distancia \u00e1 que est\u00e1 a vosa cara cando tedes ao beb\u00e9 encima si estades tombadas ou si t\u00e9delo en brazos.<\/p>\n\n\n\n<p>Nese momento, \u00e9 habitual que experimentedes unha forte reacci\u00f3n afectiva, sobre todo a nai, pero non \u00e9 estra\u00f1o nin alarmante que algunhas de v\u00f3s <a href=\"https:\/\/bebe.consumer.es\/nacimiento\/cuidados-maternos-cuarentena\/\" target=\"_blank\" rel=\"noreferrer noopener\">non sintades unha emoci\u00f3n tan viva como esperabades.<\/a> Cada muller experimenta o momento de maneira distinta. <\/p>\n\n\n\n<h2 class=\"wp-block-heading\"><strong>O primeiro contacto coa nai <\/strong><\/h2>\n\n\n\n<p>Este contacto <strong>precoz,<\/strong> e idealmente tan <strong>duradeiro como sexa posible<\/strong>, \u00e9 especialmente <strong>importante<\/strong> cando desexades criar ao beb\u00e9 con lactaci\u00f3n <strong><a href=\"https:\/\/bebe.consumer.es\/embarazo\/decisiones-previas\/\" target=\"_blank\" rel=\"noreferrer noopener\">materna<\/a><\/strong>. Os <strong>factores emocionais<\/strong> e o <strong><a href=\"https:\/\/bebe.consumer.es\/nacimiento\/primeras-tomas\/\" target=\"_blank\" rel=\"noreferrer noopener\">contacto f\u00edsico<\/a><\/strong> son <strong>poderosos est\u00edmulos<\/strong> para desencadear a <strong><a href=\"https:\/\/bebe.consumer.es\/alimentacion\/cuidados-madre-lactancia\/\" target=\"_blank\" rel=\"noreferrer noopener\">produci\u00f3n de leite<\/a>, inclu\u00eddos os casos de parto por ces\u00e1rea<\/strong>. Si ademais o beb\u00e9 aproveita ese intre para facer unha <strong>primeira toma<\/strong> (os beb\u00e9s nacen sabendo buscar o peito e mamar), <strong>estimular\u00e1 un agarre m\u00e1is efectivo.<\/strong> De modo que, si non puido ser na mesma sala de partos, nada m\u00e1is chegar \u00e1 habitaci\u00f3n conv\u00e9n p\u00f3r ao recentemente nado ao peito. A toma inicial \u00e9, ademais, positiva para v\u00f3s, porque provoca contracci\u00f3ns no \u00fatero que axudan a frear o sangrado vaxinal. <\/p>\n\n\n\n<h2 class=\"wp-block-heading\"><strong>Os primeiros minutos dun beb\u00e9 nado por ces\u00e1rea<\/strong><\/h2>\n\n\n\n<p>Todo isto \u00e9 <strong>igualmente factible<\/strong> tras un <strong><a href=\"https:\/\/bebe.consumer.es\/nacimiento\/vuelta-a-casa-con-bebe\/\" target=\"_blank\" rel=\"noreferrer noopener\">parto por ces\u00e1rea.<\/a><\/strong> \u00c1s veces \u00e9 <strong>preciso<\/strong> que os e as profesionais axuden ao beb\u00e9 a baleirar <strong>o l\u00edquido<\/strong> <strong>pulmonar e as mucosidades<\/strong>, e \u00e9 posible que estes pasen un tempo en observaci\u00f3n. A\u00ednda as\u00ed, nada diso adoita impedir un contacto pel con pel convosco, as nais, na sala de partos, nin que lle poidades <strong>dar de mamar na primeira ou segunda hora de vida.<\/strong> \u00c9 conveniente saber que non todos os hospitais da rede p\u00fablica admiten nos seus protocolos as ces\u00e1reas respectuosas e que en casos a pel con pel fanse co pai e non a nai, polo que haber\u00e1 que informarse previamente.<br><br><br><\/p>\n","protected":false},"excerpt":{"rendered":"<p><span class=\"span-reading-time rt-reading-time\" style=\"display: block;\"><span class=\"rt-label rt-prefix\"><\/span> <span class=\"rt-time\"> 3<\/span> <span class=\"rt-label rt-postfix\">min.<\/span><\/span><\/p>\n","protected":false},"author":2,"featured_media":8528,"comment_status":"closed","ping_status":"closed","sticky":false,"template":"","format":"standard","meta":{"footnotes":""},"categories":[249],"tags":[236,327,339,372,348],"class_list":["post-7188","post","type-post","status-publish","format-standard","has-post-thumbnail","hentry","category-nacemento","tag-0-3-meses-gl","tag-lactacion","tag-nacemento","tag-nacido-recentemente","tag-parto-gl","infinite-scroll-item","generate-columns","tablet-grid-50","mobile-grid-100","grid-parent","grid-33"],"acf":[],"aioseo_notices":[],"_links":{"self":[{"href":"https:\/\/bebe.consumer.es\/gl\/wp-json\/wp\/v2\/posts\/7188\/"}],"collection":[{"href":"https:\/\/bebe.consumer.es\/gl\/wp-json\/wp\/v2\/posts\/"}],"about":[{"href":"https:\/\/bebe.consumer.es\/gl\/wp-json\/wp\/v2\/types\/post\/"}],"author":[{"embeddable":true,"href":"https:\/\/bebe.consumer.es\/gl\/wp-json\/wp\/v2\/users\/2\/"}],"replies":[{"embeddable":true,"href":"https:\/\/bebe.consumer.es\/gl\/wp-json\/wp\/v2\/comments\/?post=7188"}],"version-history":[{"count":2,"href":"https:\/\/bebe.consumer.es\/gl\/wp-json\/wp\/v2\/posts\/7188\/revisions\/"}],"predecessor-version":[{"id":8536,"href":"https:\/\/bebe.consumer.es\/gl\/wp-json\/wp\/v2\/posts\/7188\/revisions\/8536\/"}],"wp:featuredmedia":[{"embeddable":true,"href":"https:\/\/bebe.consumer.es\/gl\/wp-json\/wp\/v2\/media\/8528\/"}],"wp:attachment":[{"href":"https:\/\/bebe.consumer.es\/gl\/wp-json\/wp\/v2\/media\/?parent=7188"}],"wp:term":[{"taxonomy":"category","embeddable":true,"href":"https:\/\/bebe.consumer.es\/gl\/wp-json\/wp\/v2\/categories\/?post=7188"},{"taxonomy":"post_tag","embeddable":true,"href":"https:\/\/bebe.consumer.es\/gl\/wp-json\/wp\/v2\/tags\/?post=7188"}],"curies":[{"name":"wp","href":"https:\/\/api.w.org\/{rel}","templated":true}]}}