{"id":7263,"date":"2021-11-15T09:01:45","date_gmt":"2021-11-15T09:01:45","guid":{"rendered":"https:\/\/bebe.consumer.es\/?p=7263"},"modified":"2022-09-03T12:27:22","modified_gmt":"2022-09-03T12:27:22","slug":"os-efectos-do-sol-no-bebe","status":"publish","type":"post","link":"https:\/\/bebe.consumer.es\/gl\/coidados-xerais-e-prevencion\/os-efectos-do-sol-no-bebe\/","title":{"rendered":"Os efectos do sol no beb\u00e9"},"content":{"rendered":"<span class=\"span-reading-time rt-reading-time\" style=\"display: block;\"><span class=\"rt-label rt-prefix\"><\/span> <span class=\"rt-time\"> 3<\/span> <span class=\"rt-label rt-postfix\">min.<\/span><\/span>\n<p>A\u00ednda que a  exposici\u00f3n solar axuda a que o organismo sintetice a vitamina D, tam\u00e9n \u00e9 verdade que se aconsella non expor o beb\u00e9 ao sol. E \u00e9 que a crecente evidencia dos efectos prexudiciais que os raios ultravioletas te\u00f1en sobre a pel (envellecemento cut\u00e1neo precoz e, nalg\u00fans casos, cancro), levou a que se recomende <strong>evitar a exposici\u00f3n ao sol dos recentemente nados e beb\u00e9s menores de seis meses, cuxa pel \u00e9, ademais, especialmente sensible.<\/strong> <\/p>\n\n\n\n<h2 class=\"wp-block-heading\"><strong>Precauci\u00f3ns \u00e1 hora do paseo e como protexer a pel do beb\u00e9 do sol<\/strong><\/h2>\n\n\n\n<p>A\u00ednda que \u00e9 beneficioso o <a href=\"https:\/\/bebe.consumer.es\/cuidados-generales-y-prevencion\/paseo-y-salidas\/\" target=\"_blank\" rel=\"noreferrer noopener\">contacto co aire libre<\/a>, \u00e9 importante evitar a exposici\u00f3n directa ao sol, sobre todo no ver\u00e1n entre as 12 da ma\u00f1\u00e1 e as 4 de tarde. Ademais, debedes protexer aos m\u00e1is pequenos dos efectos nocivos do sol con medidas f\u00edsicas: roupa e sombra. <\/p>\n\n\n\n<h2 class=\"wp-block-heading\"><strong>A importancia do fotoprotector solar<\/strong><\/h2>\n\n\n\n<p><a href=\"https:\/\/bebe.consumer.es\/desarrollo-psicomotor-y-emocional\/bebe-6-a-9-meses\/\" target=\"_blank\" rel=\"noreferrer noopener\">Antes dos 6 meses de idade,<\/a> a Administraci\u00f3n de Medicamentos e Alimentos (FDA) non recomenda a aplicaci\u00f3n de fotoprotectores, polo que se debe evitar a exposici\u00f3n intencionada dos beb\u00e9s aos raios solares e <a href=\"https:\/\/www.analesdepediatria.org\/es-actualizacion-fotoproteccion-infantil-articulo-S1695403309003683\" target=\"_blank\" rel=\"noreferrer noopener nofollow\">limitar as actividades ao aire libre nas horas centrais do d\u00eda.<\/a> <\/p>\n\n\n\n<p><strong>A partir dos 6 meses, e durante toda a infancia, poden utilizarse fotoprotectores.<\/strong> Os filtros f\u00edsicos (roupa, antucas, gorras&#8230;) son preferibles en idades m\u00e1is precoces ou en peles claras. En caso de peles sensibles ou at\u00f3picas, \u00e9 preferible elixir <a href=\"https:\/\/bebe.consumer.es\/primeros-auxilios\/quemaduras\/\" target=\"_blank\" rel=\"noreferrer noopener\">fotoprotectores<\/a> con f\u00f3rmulas espec\u00edficas para ese tipo de pel. E, si os nenos van estar realizando actividades acu\u00e1ticas, \u00e9 necesario que devanditos fotoprotectores sexan resistentes \u00e1 auga.<\/p>\n\n\n\n<figure class=\"wp-block-image size-large\"><img loading=\"lazy\" decoding=\"async\" width=\"1024\" height=\"683\" src=\"https:\/\/bebe.consumer.es\/wp-content\/uploads\/Efectos-del-sol-1-1024x683.jpg\" alt=\"Madre aplicando crema a su hija en la playa\" class=\"wp-image-5712\" srcset=\"https:\/\/bebe.consumer.es\/wp-content\/uploads\/Efectos-del-sol-1-1024x683.jpg 1024w, https:\/\/bebe.consumer.es\/wp-content\/uploads\/Efectos-del-sol-1-300x200.jpg 300w, https:\/\/bebe.consumer.es\/wp-content\/uploads\/Efectos-del-sol-1-768x512.jpg 768w, https:\/\/bebe.consumer.es\/wp-content\/uploads\/Efectos-del-sol-1-1536x1024.jpg 1536w, https:\/\/bebe.consumer.es\/wp-content\/uploads\/Efectos-del-sol-1-2048x1365.jpg 2048w\" sizes=\"auto, (max-width: 1024px) 100vw, 1024px\" \/><\/figure>\n\n\n\n<p><\/p>\n\n\n\n<p><strong>A aplicaci\u00f3n do fotoprotector debe facerse unha media hora antes de expor ao beb\u00e9 ao sol e repetirse regularmente para evitar as queimaduras solares. <\/strong><\/p>\n\n\n\n<h2 class=\"wp-block-heading\"><strong>A roupa tam\u00e9n axuda a combater o sol <\/strong><\/h2>\n\n\n\n<p>Os filtros solares non deben substitu\u00edr ao protector m\u00e1is sinxelo e eficaz que hai: a roupa. Debedes protexer ao beb\u00e9 usando teas finas de algod\u00f3n que lle cubran brazos e pernas nos meses m\u00e1is calorosos. Tam\u00e9n debedes porlle gorras con visera ou chapeus de \u00e1. A\u00ednda que lembrade que o mellor protector solar \u00e9 a sombra e que os raios ultravioletas atravesan as nubes, de modo que <strong>a pel dun beb\u00e9 pode queimarse nun d\u00eda nubrado en 10 ou 15 minutos<\/strong>).<\/p>\n\n\n\n<h2 class=\"wp-block-heading\"><strong>Que \u00e9 a vitamina D e para que serve?<\/strong><\/h2>\n\n\n\n<p>A vitamina D \u00e9 esencial para a sa\u00fade do beb\u00e9, fai que os \u00f3sos absorban de maneira correcta o calcio, o que axuda ao seu correcto crecemento e desenvolvemento. O d\u00e9ficit desta vitamina aumenta o risco de raquitismo (\u00f3sos d\u00e9biles), de <a href=\"https:\/\/bebe.consumer.es\/cuidados-generales-y-prevencion\/higiene-bucal-ninos\/\" target=\"_blank\" rel=\"noreferrer noopener\" title=\"caries\">caries<\/a>, de <a href=\"https:\/\/pubmed.ncbi.nlm.nih.gov\/27987538\/\" target=\"_blank\" rel=\"noreferrer noopener nofollow\">enfermidades respiratorias como a asma<\/a> e <a href=\"https:\/\/pubmed.ncbi.nlm.nih.gov\/28027627\/\" target=\"_blank\" rel=\"noreferrer noopener nofollow\">enfermidades cardiovasculares<\/a>.<\/p>\n\n\n\n<p>Para previr a deficiencia de vitamina D debedes asegurar unha moderada e correcta exposici\u00f3n solar, as\u00ed como unha dieta equilibrada rica nesta vitamina cando o voso fillo ou filla inicie a alimentaci\u00f3n complementaria. Os l\u00e1cteos (<a href=\"https:\/\/bebe.consumer.es\/desarrollo-psicomotor-y-emocional\/bebe-12-a-18-meses\/\" target=\"_blank\" rel=\"noreferrer noopener\">a partir dos 12 meses<\/a>), peixes graxos frescos e en conservas, xemas de ovo e crust\u00e1ceos son alimentos fonte de vitamina D. Se o beb\u00e9 toma leite de f\u00f3rmula, debedes elixir unha que estea enriquecida con vitamina D. <\/p>\n\n\n\n<h2 class=\"wp-block-heading\"><strong>Son recomendables os suplementos?<\/strong><\/h2>\n\n\n\n<p><strong>O tempo que un neno necesita estar exposto ao sol para producir toda a vitamina que precisa vai depender da zona do pa\u00eds no que se atope e da \u00e9poca do ano. <\/strong><a href=\"https:\/\/www.sciencedirect.com\/science\/article\/abs\/pii\/S0048969716320307\" target=\"_blank\" rel=\"noreferrer noopener nofollow\">Un estudo<\/a>, calculou que, entre os meses de abril e xullo, unha exposici\u00f3n ao sol durante 10 minutos diarios \u00e9 suficiente. Con todo, no mes de outubro neces\u00edtanse 30 minutos, e en xaneiro 130 minutos ao d\u00eda. <\/p>\n\n\n\n<p>Actualmente recom\u00e9ndase achegar un suplemento de vitamina D a todos o beb\u00e9 aleitados menores dun ano. Tam\u00e9n est\u00e1 indicado naqueles que, tomando leite artificial enriquecida con vitamina D, non alcancen a inxerir <a href=\"https:\/\/www.aeped.es\/sites\/default\/files\/documentos\/anexo_1._vitamina_d.pdf\" target=\"_blank\" rel=\"noreferrer noopener nofollow\">un litro de leite ao d\u00eda<\/a>. Na primeira visita do recentemente nado ao pediatra, informaranvos sobre este suplemento.<\/p>\n\n\n\n<h2 class=\"wp-block-heading\"><strong>Cales son os efectos secundarios da vitamina D en beb\u00e9s?<\/strong><\/h2>\n\n\n\n<p>Raras veces os suplementos de vitamina D poden presentar efectos secundarios, se se d\u00e1 a cantidade prescrita. Se os hai, un dos m\u00e1is com\u00fans son os c\u00f3lico ou molestias gastrointestinais que poden ir acompa\u00f1ados de estre\u00f1imiento, diarrea ou ambos. No caso de que o teu beb\u00e9 sufra algunha molestia despois de tomar o suplemento, debedes consultar co pediatra que prescribiu as pingas de vitamina D para que o valore.<\/p>\n","protected":false},"excerpt":{"rendered":"<p><span class=\"span-reading-time rt-reading-time\" style=\"display: block;\"><span class=\"rt-label rt-prefix\"><\/span> <span class=\"rt-time\"> 3<\/span> <span class=\"rt-label rt-postfix\">min.<\/span><\/span><\/p>\n","protected":false},"author":2,"featured_media":4008,"comment_status":"closed","ping_status":"closed","sticky":false,"template":"","format":"standard","meta":{"footnotes":""},"categories":[250],"tags":[236,262,264,266,268,315,330,372,351,393],"class_list":["post-7263","post","type-post","status-publish","format-standard","has-post-thumbnail","hentry","category-coidados-xerais-e-prevencion","tag-0-3-meses-gl","tag-12-18-meses-gl","tag-3-6-meses-gl","tag-6-9-meses-gl","tag-9-12-meses-gl","tag-habitos-saudables","tag-leite","tag-nacido-recentemente","tag-pel","tag-sol-gl","infinite-scroll-item","generate-columns","tablet-grid-50","mobile-grid-100","grid-parent","grid-33"],"acf":[],"aioseo_notices":[],"_links":{"self":[{"href":"https:\/\/bebe.consumer.es\/gl\/wp-json\/wp\/v2\/posts\/7263\/"}],"collection":[{"href":"https:\/\/bebe.consumer.es\/gl\/wp-json\/wp\/v2\/posts\/"}],"about":[{"href":"https:\/\/bebe.consumer.es\/gl\/wp-json\/wp\/v2\/types\/post\/"}],"author":[{"embeddable":true,"href":"https:\/\/bebe.consumer.es\/gl\/wp-json\/wp\/v2\/users\/2\/"}],"replies":[{"embeddable":true,"href":"https:\/\/bebe.consumer.es\/gl\/wp-json\/wp\/v2\/comments\/?post=7263"}],"version-history":[{"count":3,"href":"https:\/\/bebe.consumer.es\/gl\/wp-json\/wp\/v2\/posts\/7263\/revisions\/"}],"predecessor-version":[{"id":8956,"href":"https:\/\/bebe.consumer.es\/gl\/wp-json\/wp\/v2\/posts\/7263\/revisions\/8956\/"}],"wp:featuredmedia":[{"embeddable":true,"href":"https:\/\/bebe.consumer.es\/gl\/wp-json\/wp\/v2\/media\/4008\/"}],"wp:attachment":[{"href":"https:\/\/bebe.consumer.es\/gl\/wp-json\/wp\/v2\/media\/?parent=7263"}],"wp:term":[{"taxonomy":"category","embeddable":true,"href":"https:\/\/bebe.consumer.es\/gl\/wp-json\/wp\/v2\/categories\/?post=7263"},{"taxonomy":"post_tag","embeddable":true,"href":"https:\/\/bebe.consumer.es\/gl\/wp-json\/wp\/v2\/tags\/?post=7263"}],"curies":[{"name":"wp","href":"https:\/\/api.w.org\/{rel}","templated":true}]}}