{"id":7268,"date":"2021-11-14T09:06:32","date_gmt":"2021-11-14T09:06:32","guid":{"rendered":"https:\/\/bebe.consumer.es\/?p=7268"},"modified":"2022-06-16T08:41:25","modified_gmt":"2022-06-16T08:41:25","slug":"como-elixir-a-roupa-mais-axeitada-para-o-bebe","status":"publish","type":"post","link":"https:\/\/bebe.consumer.es\/gl\/coidados-xerais-e-prevencion\/como-elixir-a-roupa-mais-axeitada-para-o-bebe\/","title":{"rendered":"Como elixir a roupa m\u00e1is axeitada para o beb\u00e9"},"content":{"rendered":"<span class=\"span-reading-time rt-reading-time\" style=\"display: block;\"><span class=\"rt-label rt-prefix\"><\/span> <span class=\"rt-time\"> 3<\/span> <span class=\"rt-label rt-postfix\">min.<\/span><\/span>\n<p>Unha das primeiras <a href=\"https:\/\/bebe.consumer.es\/embarazo\/compras-y-bolsa-hospital\/\" target=\"_blank\" rel=\"noreferrer noopener\">cousas que compraredes<\/a> para o voso futuro beb\u00e9 ser\u00e1 algunha peza de roupa. A mi\u00fado, as nais e os pais primerizos, tedes o impulso de encher o armario con estas pequenas pezas. Pero o certo \u00e9 que \u00e1s veces moita roupa queda sen estrear, sobre todo a da talla 0-1. Os beb\u00e9s crecen moi r\u00e1pido e non vos dar\u00e1 tempo a porllo todo. Ademais, por moi bonitas que sexan algunhas pezas, no d\u00eda a d\u00eda primar\u00e1 a comodidade \u00e1 hora de vestir, tanto para eles como para v\u00f3s. <\/p>\n\n\n\n<h2 class=\"wp-block-heading\"><strong>Os mellores tecidos para a pel do beb\u00e9<\/strong><\/h2>\n\n\n\n<p>A roupa do beb\u00e9 debe ser folgada, c\u00f3moda e f\u00e1cil de p\u00f3r. \u00c9 importante ter en conta que tam\u00e9n <strong>para as sabas, e toda a roupa que est\u00e1 en contacto directo coa s\u00faa pel, as fibras naturais, como o algod\u00f3n e o f\u00edo, son preferibles \u00e1s sint\u00e9ticas.<\/strong><\/p>\n\n\n\n<p>\u00c9 recomendable lavar toda a roupa antes do seu primeiro uso. Os lavados, polo menos durante os primeiros meses do beb\u00e9, deben facerse por separado do resto da coada da familia. \u00c9 aconsellable utilizar deterxentes especiais para <a href=\"https:\/\/bebe.consumer.es\/salud\/erupciones-cutaneas\/\" target=\"_blank\" rel=\"noreferrer noopener\">peles delicadas<\/a> e prescindir do suavizante.<\/p>\n\n\n\n<figure class=\"wp-block-image size-full\"><img loading=\"lazy\" decoding=\"async\" width=\"1000\" height=\"667\" src=\"https:\/\/bebe.consumer.es\/wp-content\/uploads\/Vestiralbebe.jpg\" alt=\"Vestir al bebe\" class=\"wp-image-8448\" srcset=\"https:\/\/bebe.consumer.es\/wp-content\/uploads\/Vestiralbebe.jpg 1000w, https:\/\/bebe.consumer.es\/wp-content\/uploads\/Vestiralbebe-300x200.jpg 300w, https:\/\/bebe.consumer.es\/wp-content\/uploads\/Vestiralbebe-768x512.jpg 768w\" sizes=\"auto, (max-width: 1000px) 100vw, 1000px\" \/><\/figure>\n\n\n\n<p><\/p>\n\n\n\n<h2 class=\"wp-block-heading\"><strong>As pezas m\u00e1is seguras para o beb\u00e9<\/strong><\/h2>\n\n\n\n<p>As pezas infant\u00eds \u00e1 venda deben cumprir cunhas normas de seguridade. \u00c1 hora de adquirir a roupa e os complementos do voso beb\u00e9, debedes comprobar que estea todo correctamente etiquetaxe. Ademais, \u00e9 recomendable <a href=\"https:\/\/www.aeped.es\/sites\/default\/files\/3-cuidame_esp.pdf\" target=\"_blank\" rel=\"noreferrer noopener nofollow\">seguir estes consellos<\/a>: <\/p>\n\n\n\n<ul class=\"wp-block-list\"><li><strong>Evitar a angorina, as\u00ed como calquera tecido que solte pelo<\/strong> e que puidese ser inhalado polo beb\u00e9. <\/li><li>Tampouco se recomendan <strong>os cord\u00f3ns ou lazos.<\/strong> <\/li><li><strong>Si unha peza leva bot\u00f3ns, deben ir por detr\u00e1s, ser grandes e estar ben cosidos<\/strong>, para evitar que o beb\u00e9 arrinque un e accidentalmente puidese obstruir as s\u00faas v\u00edas respiratorias.<\/li><li><strong>Os imperdibles son moi perigosos<\/strong> e non deben usarse na roupa do beb\u00e9.<\/li><li><strong>Para evitar os accidentes por atragantamiento, hai que prescindir de accesorios como as pinzas ou pinzas de pelo, as\u00ed como xoias. <\/strong><\/li><\/ul>\n\n\n\n<h2 class=\"wp-block-heading\"><strong>O calzado ideal para os seus primeiros pasos<\/strong><\/h2>\n\n\n\n<p>O principal labor do calzado \u00e9 protexer os p\u00e9s das lesi\u00f3ns cos elementos que hai no solo, polo que os beb\u00e9s non necesitan zapatos ata que non empecen a cami\u00f1ar. Ademais, para aprender a andar, <strong>o mellor \u00e9 que o beb\u00e9 estea descalzo, facilitando a fisiolog\u00eda e a mobilidade dos p\u00e9s. <\/strong>En \u00e9pocas fr\u00edas, os calcet\u00edns antiescorregadizos protexeranlle das baixas temperaturas.<\/p>\n\n\n\n<p><strong>Recom\u00e9ndase que, \u00e1 hora de <a href=\"https:\/\/bebe.consumer.es\/cuidados-generales-y-prevencion\/primer-zapato\/\" target=\"_blank\" rel=\"noreferrer noopener\">escoller zapatos<\/a>, estes sexan flexibles e da talla axeitada<\/strong> (nin demasiado pequenos, nin demasiado grandes esperando que lle duren m\u00e1is tempo). Elixide marcas con modelos ergon\u00f3micos e que permitan gran liberdade de movemento. <\/p>\n\n\n\n<h2 class=\"wp-block-heading\"><strong>Consellos xerais para vestir a nenos e nenas<\/strong><\/h2>\n\n\n\n<p>En canto ao <a href=\"https:\/\/bebe.consumer.es\/cuidados-generales-y-prevencion\/abrigo\/\" target=\"_blank\" rel=\"noreferrer noopener\">abrigo<\/a>, en xeral os beb\u00e9s e os nenos non necesitan m\u00e1is capas de roupa que os adultos. Soamente hai excepci\u00f3ns en beb\u00e9s prematuros ou en recentemente nados que te\u00f1en dificultade para manter a temperatura corporal. <strong>Que os beb\u00e9s recentemente nados te\u00f1an mans e p\u00e9s fr\u00edos \u00e9 normal pola inmadurez da circulaci\u00f3n perif\u00e9rica, e non se deber\u00eda utilizar como criterio para abrigalos en exceso. <\/strong>A roupa do beb\u00e9 debe adaptarse \u00e1 zona xeogr\u00e1fica e \u00e1 estaci\u00f3n do ano, do mesmo xeito que facedes os adultos. <\/p>\n\n\n\n<p>Conforme o beb\u00e9 vai crecendo<strong>, pode empezar a colaborar no momento de vestirse. Aos poucos, ao redor dos 2-3 anos de idade, ir\u00e1 alcanzando certa autonom\u00eda. <\/strong>Para facilitar este labor, a roupa debe ser c\u00f3moda e f\u00e1cil de p\u00f3r, evitando cremalleras e bot\u00f3ns. \u00c9 mellor usar, por exemplo, pantal\u00f3ns con cinturilla el\u00e1stica. <\/p>\n\n\n\n<p>Tam\u00e9n \u00e9 importante lembrar que l<strong>a roupa non ten x\u00e9nero, as\u00ed que calquera cor e forma poden ser axeitados para nenas e para nenos.<\/strong> <\/p>\n","protected":false},"excerpt":{"rendered":"<p><span class=\"span-reading-time rt-reading-time\" style=\"display: block;\"><span class=\"rt-label rt-prefix\"><\/span> <span class=\"rt-time\"> 3<\/span> <span class=\"rt-label rt-postfix\">min.<\/span><\/span><\/p>\n","protected":false},"author":2,"featured_media":8444,"comment_status":"closed","ping_status":"closed","sticky":false,"template":"","format":"standard","meta":{"footnotes":""},"categories":[250],"tags":[260,236,262,264,266,268,285,354,393],"class_list":["post-7268","post","type-post","status-publish","format-standard","has-post-thumbnail","hentry","category-coidados-xerais-e-prevencion","tag-18-meses-gl","tag-0-3-meses-gl","tag-12-18-meses-gl","tag-3-6-meses-gl","tag-6-9-meses-gl","tag-9-12-meses-gl","tag-coidados","tag-porteo-gl","tag-sol-gl","infinite-scroll-item","generate-columns","tablet-grid-50","mobile-grid-100","grid-parent","grid-33"],"acf":[],"aioseo_notices":[],"_links":{"self":[{"href":"https:\/\/bebe.consumer.es\/gl\/wp-json\/wp\/v2\/posts\/7268\/"}],"collection":[{"href":"https:\/\/bebe.consumer.es\/gl\/wp-json\/wp\/v2\/posts\/"}],"about":[{"href":"https:\/\/bebe.consumer.es\/gl\/wp-json\/wp\/v2\/types\/post\/"}],"author":[{"embeddable":true,"href":"https:\/\/bebe.consumer.es\/gl\/wp-json\/wp\/v2\/users\/2\/"}],"replies":[{"embeddable":true,"href":"https:\/\/bebe.consumer.es\/gl\/wp-json\/wp\/v2\/comments\/?post=7268"}],"version-history":[{"count":2,"href":"https:\/\/bebe.consumer.es\/gl\/wp-json\/wp\/v2\/posts\/7268\/revisions\/"}],"predecessor-version":[{"id":8453,"href":"https:\/\/bebe.consumer.es\/gl\/wp-json\/wp\/v2\/posts\/7268\/revisions\/8453\/"}],"wp:featuredmedia":[{"embeddable":true,"href":"https:\/\/bebe.consumer.es\/gl\/wp-json\/wp\/v2\/media\/8444\/"}],"wp:attachment":[{"href":"https:\/\/bebe.consumer.es\/gl\/wp-json\/wp\/v2\/media\/?parent=7268"}],"wp:term":[{"taxonomy":"category","embeddable":true,"href":"https:\/\/bebe.consumer.es\/gl\/wp-json\/wp\/v2\/categories\/?post=7268"},{"taxonomy":"post_tag","embeddable":true,"href":"https:\/\/bebe.consumer.es\/gl\/wp-json\/wp\/v2\/tags\/?post=7268"}],"curies":[{"name":"wp","href":"https:\/\/api.w.org\/{rel}","templated":true}]}}