{"id":7281,"date":"2021-11-12T09:17:55","date_gmt":"2021-11-12T09:17:55","guid":{"rendered":"https:\/\/bebe.consumer.es\/?p=7281"},"modified":"2022-06-16T08:34:00","modified_gmt":"2022-06-16T08:34:00","slug":"o-bano-do-bebe-paso-a-paso","status":"publish","type":"post","link":"https:\/\/bebe.consumer.es\/gl\/coidados-xerais-e-prevencion\/o-bano-do-bebe-paso-a-paso\/","title":{"rendered":"O ba\u00f1o do beb\u00e9, paso a paso"},"content":{"rendered":"<span class=\"span-reading-time rt-reading-time\" style=\"display: block;\"><span class=\"rt-label rt-prefix\"><\/span> <span class=\"rt-time\"> 3<\/span> <span class=\"rt-label rt-postfix\">min.<\/span><\/span>\n<p>\u00c9 normal que aos pais e \u00e1s nais x\u00fardanvos d\u00fabidas achega do ba\u00f1o do beb\u00e9 ou recentemente nado. Entre as m\u00e1is com\u00fans est\u00e1n con que frecuencia ba\u00f1alo, que temperatura \u00e9 a m\u00e1is axeitada para a auga, onde facelo ou que t\u00e9cnicas empregar para que o beb\u00e9 estea o m\u00e1is c\u00f3modo posible <a href=\"https:\/\/enfamilia.aeped.es\/edades-etapas\/aseo-en-recien-nacido\" target=\"_blank\" rel=\"noreferrer noopener nofollow\">durante o seu ba\u00f1o.<\/a> <\/p>\n\n\n\n<h2 class=\"wp-block-heading\"><strong>Cando podedes ba\u00f1ar ao voso beb\u00e9 por primeira vez<\/strong><\/h2>\n\n\n\n<p>Non \u00e9 preciso esperar a que caian os restos do cord\u00f3n umbilical e cicatrice o embigo para o primeiro ba\u00f1o do beb\u00e9. <strong>A\u00ednda que a humidade constante \u00e9 prexudicial para <a href=\"https:\/\/bebe.consumer.es\/cuidados-generales-y-prevencion\/ombligo\/\" target=\"_blank\" rel=\"noreferrer noopener\">o seu embigo<\/a>, si despois do ba\u00f1o s\u00e9case e coida debidamente, non hai ning\u00fan risco. <\/strong>A\u00ednda que tampouco hai pr\u00e9sa por darlle o seu primeiro ba\u00f1o, xa que os beb\u00e9s nacen cunha capa protectora que hidrata a s\u00faa pel e prev\u00e9n as infecci\u00f3ns. A <a href=\"https:\/\/www.who.int\/maternal_child_adolescent\/publications\/WHO-MCA-PNC-2014-Briefer_A4.pdf\" target=\"_blank\" rel=\"noreferrer noopener nofollow\">OMS<\/a> recomenda esperar polo menos 24 horas tras o nacemento, pero podedes atrasar o primeiro ba\u00f1o do <a href=\"https:\/\/bebe.consumer.es\/nacimiento\/vuelta-a-casa-con-bebe\/\" target=\"_blank\" rel=\"noreferrer noopener\">recentemente nacido en casa<\/a> uns d\u00edas m\u00e1is.<\/p>\n\n\n\n<p>Respecto ao momento do d\u00eda, os beb\u00e9s agradecen a seguridade do rutineiro. O m\u00e1is habitual \u00e9 ba\u00f1alos antes da \u00faltima toma do d\u00eda, pero <strong>p\u00f3dese facer a calquera outra hora se a v\u00f3s vaivos mellor ou si ao beb\u00e9 non lle gusta a auga e, no canto de relaxarlle, desv\u00e9lalle. O importante \u00e9 manter sempre o mesmo horario.<\/strong><\/p>\n\n\n\n<h2 class=\"wp-block-heading\"><strong>Como debe ser a temperatura da auga para o ba\u00f1o do beb\u00e9<\/strong><\/h2>\n\n\n\n<p><strong>A temperatura da auga para o ba\u00f1o do beb\u00e9 debe controlarse para que non estea moi quente para non <a href=\"https:\/\/bebe.consumer.es\/primeros-auxilios\/quemaduras\/\" target=\"_blank\" rel=\"noreferrer noopener\">queimarlle<\/a>, nin moi fr\u00eda. <\/strong>Non \u00e9 necesario usar un term\u00f3metro, basta con comprobar co voso c\u00f3bado se a auga queima ou est\u00e1 demasiado t\u00e9peda. Entre 36 e 38\u00baC adoita ser a temperatura correcta, pero co tempo o propio neno dar\u00e1 sinais sobre si g\u00fastalle a auga m\u00e1is fr\u00eda ou quente, igual que os adultos tedes as vosas preferencias.<\/p>\n\n\n\n<figure class=\"wp-block-image size-full\"><img loading=\"lazy\" decoding=\"async\" width=\"1000\" height=\"658\" src=\"https:\/\/bebe.consumer.es\/wp-content\/uploads\/Secandoalbebe.jpg\" alt=\"Ducha del bebe\" class=\"wp-image-8428\" srcset=\"https:\/\/bebe.consumer.es\/wp-content\/uploads\/Secandoalbebe.jpg 1000w, https:\/\/bebe.consumer.es\/wp-content\/uploads\/Secandoalbebe-300x197.jpg 300w, https:\/\/bebe.consumer.es\/wp-content\/uploads\/Secandoalbebe-768x505.jpg 768w\" sizes=\"auto, (max-width: 1000px) 100vw, 1000px\" \/><\/figure>\n\n\n\n<p><\/p>\n\n\n\n<p>Tam\u00e9n \u00e9 importante procurar que a <strong>temperatura ambiental sexa agradable, entre os 22-24\u00baC<\/strong>.<\/p>\n\n\n\n<h2 class=\"wp-block-heading\"><strong>Como ba\u00f1ar a un beb\u00e9: t\u00e9cnicas para o ba\u00f1o do recentemente nacido<\/strong><\/h2>\n\n\n\n<p>Durante os primeiros meses do beb\u00e9 adoita ser necesaria unha ba\u00f1eira adaptada para o momento do ba\u00f1o, <strong>a\u00ednda que en poucos meses poder\u00e1 pasar \u00e1 ba\u00f1eira com\u00fan da familia sempre con precauci\u00f3ns:<\/strong><\/p>\n\n\n\n<ul class=\"wp-block-list\"><li>Recom\u00e9ndase que<strong> te\u00f1ades todo a man antes de introducir ao beb\u00e9 ou neno na ba\u00f1eira<\/strong>, especialmente se estades s\u00f3s, xa que o beb\u00e9 debe estar vixiado en todo momento.<\/li><li>\u00c9 aconsellable <strong>non encher a ba\u00f1eira en exceso, 10-15 cm de auga adoitan ser suficientes.<\/strong><\/li><li>Tam\u00e9n se recomenda <strong>utilizar xab\u00f3ns neutros, e en cantidades pequenas<\/strong>. \u00c1s veces, sobre todo durante os primeiros meses, o xab\u00f3n soamente ser\u00e1 necesario nas zonas que m\u00e1is se ensucian como xenitais, pescozo, etc.<\/li><li>Para lograr unha postura c\u00f3moda e segura durante o ba\u00f1o do recentemente nado, podedes colocar a s\u00faa cabeza sobre o voso antebrazo e suxeitalo coa vosa man baixo a s\u00faa axila. As\u00ed teredes a outra man libre para lavalo. <\/li><li>O pelo tam\u00e9n se pode lavar, do mesmo xeito que o resto do corpo. Basta con p\u00f3r unha pinga de champ\u00fa con ph neutro na vosa palma da man e masajear o coiro cabeludo do beb\u00e9 cos vosos dedos. Despois debedes aclaralo ben con auga, evitando que lle entre xab\u00f3n nos ollos. <\/li><li><strong>Ao sa\u00edr do ba\u00f1o, hai que envolver ao beb\u00e9 cunha toalla e secarlle con toques suaves, sen fregar en exceso. <\/strong>Non \u00e9 necesario usar cremas hidratantes todos os d\u00edas, pero si queredes aproveitar o momento para darlle unha masaxe relaxante, estas deben ser <a href=\"https:\/\/www.aeped.es\/sites\/default\/files\/3-cuidame_esp.pdf\" target=\"_blank\" rel=\"noreferrer noopener nofollow\">adaptadas \u00e1 s\u00faa idade<\/a>: libres de colorantes, perfumes, parabenos e ftalatos. <\/li><\/ul>\n\n\n\n<h2 class=\"wp-block-heading\"><strong>Frecuencia de ba\u00f1o dun recentemente nacido<\/strong><\/h2>\n\n\n\n<p>O ba\u00f1o diario converteuse nun costume que en nenos maiores que se ensucian m\u00e1is si pode ser conveniente, pero <strong>non \u00e9 imprescindible nun beb\u00e9 ou recentemente nado que apenas se mancha m\u00e1is que na zona do cueiro ou cando come. <\/strong><\/p>\n\n\n\n<p>Ademais, a pel ten os seus propios mecanismos de limpeza e <strong>a excesiva frecuencia ou duraci\u00f3n dos ba\u00f1os poden irritala, especialmente en beb\u00e9s e recentemente nados que a te\u00f1en moi sensible.<\/strong><\/p>\n\n\n\n<p>O ba\u00f1o do beb\u00e9 adoita ser un momento de complicidade e agarimo familiar, pero cando non se ten demasiado tempo ou resulta unha experiencia inc\u00f3moda para o beb\u00e9, basta con ba\u00f1arlle d\u00faas ou tres veces por semana. Por suposto<strong>, si hai que lavar tantas veces como sexa necesario a zona do cueiro, a cara, as mans, as axilas e os pliegues da pel, ou calquera zona que se haxa ensuciado, <\/strong>tendo especial coidado coa hixiene das <a href=\"https:\/\/bebe.consumer.es\/cuidados-generales-y-prevencion\/higiene-zonas-delicada\" target=\"_blank\" rel=\"noreferrer noopener\">zonas delicadas<\/a>.<\/p>\n","protected":false},"excerpt":{"rendered":"<p><span class=\"span-reading-time rt-reading-time\" style=\"display: block;\"><span class=\"rt-label rt-prefix\"><\/span> <span class=\"rt-time\"> 3<\/span> <span class=\"rt-label rt-postfix\">min.<\/span><\/span><\/p>\n","protected":false},"author":2,"featured_media":8424,"comment_status":"closed","ping_status":"closed","sticky":false,"template":"","format":"standard","meta":{"footnotes":""},"categories":[250],"tags":[236,264,285,320,372,351],"class_list":["post-7281","post","type-post","status-publish","format-standard","has-post-thumbnail","hentry","category-coidados-xerais-e-prevencion","tag-0-3-meses-gl","tag-3-6-meses-gl","tag-coidados","tag-hixiene","tag-nacido-recentemente","tag-pel","infinite-scroll-item","generate-columns","tablet-grid-50","mobile-grid-100","grid-parent","grid-33"],"acf":[],"aioseo_notices":[],"_links":{"self":[{"href":"https:\/\/bebe.consumer.es\/gl\/wp-json\/wp\/v2\/posts\/7281\/"}],"collection":[{"href":"https:\/\/bebe.consumer.es\/gl\/wp-json\/wp\/v2\/posts\/"}],"about":[{"href":"https:\/\/bebe.consumer.es\/gl\/wp-json\/wp\/v2\/types\/post\/"}],"author":[{"embeddable":true,"href":"https:\/\/bebe.consumer.es\/gl\/wp-json\/wp\/v2\/users\/2\/"}],"replies":[{"embeddable":true,"href":"https:\/\/bebe.consumer.es\/gl\/wp-json\/wp\/v2\/comments\/?post=7281"}],"version-history":[{"count":2,"href":"https:\/\/bebe.consumer.es\/gl\/wp-json\/wp\/v2\/posts\/7281\/revisions\/"}],"predecessor-version":[{"id":8430,"href":"https:\/\/bebe.consumer.es\/gl\/wp-json\/wp\/v2\/posts\/7281\/revisions\/8430\/"}],"wp:featuredmedia":[{"embeddable":true,"href":"https:\/\/bebe.consumer.es\/gl\/wp-json\/wp\/v2\/media\/8424\/"}],"wp:attachment":[{"href":"https:\/\/bebe.consumer.es\/gl\/wp-json\/wp\/v2\/media\/?parent=7281"}],"wp:term":[{"taxonomy":"category","embeddable":true,"href":"https:\/\/bebe.consumer.es\/gl\/wp-json\/wp\/v2\/categories\/?post=7281"},{"taxonomy":"post_tag","embeddable":true,"href":"https:\/\/bebe.consumer.es\/gl\/wp-json\/wp\/v2\/tags\/?post=7281"}],"curies":[{"name":"wp","href":"https:\/\/api.w.org\/{rel}","templated":true}]}}