{"id":7287,"date":"2021-11-11T09:25:11","date_gmt":"2021-11-11T09:25:11","guid":{"rendered":"https:\/\/bebe.consumer.es\/?p=7287"},"modified":"2022-05-10T15:36:53","modified_gmt":"2022-05-10T15:36:53","slug":"como-coidar-a-hixiene-nas-zonas-delicadas-do-bebe","status":"publish","type":"post","link":"https:\/\/bebe.consumer.es\/gl\/coidados-xerais-e-prevencion\/como-coidar-a-hixiene-nas-zonas-delicadas-do-bebe\/","title":{"rendered":"Como coidar a hixiene nas zonas delicadas do beb\u00e9"},"content":{"rendered":"<span class=\"span-reading-time rt-reading-time\" style=\"display: block;\"><span class=\"rt-label rt-prefix\"><\/span> <span class=\"rt-time\"> 3<\/span> <span class=\"rt-label rt-postfix\">min.<\/span><\/span>\n<p>Ademais do <a href=\"https:\/\/bebe.consumer.es\/cuidados-generales-y-prevencion\/bano\/\" target=\"_blank\" rel=\"noreferrer noopener\">ba\u00f1o<\/a>, que en recentemente nados e beb\u00e9s non \u00e9 necesario que sexa a diario, hai outras medidas de hixiene que debedes p\u00f3r en pr\u00e1ctica xunto a outros coidados do beb\u00e9. A\u00ednda que vos poida resultar complicado, por tratarse de partes pequenas e sensibles, basta con seguir algunhas recomendaci\u00f3ns para manter limpas as zonas delicadas do beb\u00e9.<\/p>\n\n\n\n<h2 class=\"wp-block-heading\"><strong>Consellos para limpar os o\u00eddos do beb\u00e9<\/strong><\/h2>\n\n\n\n<p>Nos o\u00eddos do beb\u00e9 d\u00e9bese limpar a parte externa e visible cunha gasa ou unha toalla suave humedecida en auga morna. <strong>Nunca hai que introducir ning\u00fan obxecto polo conduto auditivo, polo risco de causar lesi\u00f3ns no t\u00edmpano.<\/strong> <a href=\"https:\/\/www.infosalus.com\/salud-investigacion\/noticia-hay-limpiar-oidos-ninos-20171012091442.html\" target=\"_blank\" rel=\"noreferrer noopener nofollow\"><strong>A cera \u00e9 un mecanismo de defensa do o\u00eddo e non \u00e9 recomendable obsesionarse con extraela.<\/strong><\/a> Alg\u00fans nenos poden ter predisposici\u00f3n \u00e1 acumulaci\u00f3n de cera e a que se formen molestos tap\u00f3ns, nestes casos o pediatra pode recomendar unhas pingas para abrandar o cerumen do o\u00eddo.<\/p>\n\n\n\n<h2 class=\"wp-block-heading\"><strong>Soro fisiol\u00f3xico para a limpeza do nariz<\/strong><\/h2>\n\n\n\n<p>Para desobstruir de mocos o nariz do beb\u00e9, empr\u00e9gase soro fisiol\u00f3xico; pero para lavar os orificios, pode usarse auga corrente.<\/p>\n\n\n\n<p>Podedes aplicar o soro fisiol\u00f3xico varias veces ao d\u00eda, si o exceso de moco impide a correcta entrada de aire. En beb\u00e9s e nenos pequenos non se recomenda usar m\u00e1is de 2 ml de soro fisiol\u00f3xico en cada fosa nasal, en nenos maiores podedes aumentar a cantidade at\u00e9 5 ml. Si qu\u00e9ntase o soro coas mans un pouco antes do seu irrigaci\u00f3n, quizais resulte menos molesto. \u00c9 unha t\u00e9cnica que non adoita gustarlle nada aos nenos, en parte porque deben permanecer ben suxeitos, pero \u00e9 necesaria para unha correcta hixiene nasal. <strong><a href=\"https:\/\/enfamilia.aeped.es\/vida-sana\/lavados-nasales\" target=\"_blank\" rel=\"noreferrer noopener nofollow\">A aspiraci\u00f3n con peras de succi\u00f3n ou mecanismos que xeren cambios de presi\u00f3n non son recomendables.<\/a> <\/strong><\/p>\n\n\n\n<h2 class=\"wp-block-heading\"><strong>Como limpar os ollos<\/strong><\/h2>\n\n\n\n<p>Xeralmente non \u00e9 necesario un lavado especial nos ollos do beb\u00e9. No caso de que te\u00f1a algunha lega\u00f1a, debedes lavar o ollo desde a parte interna cara \u00e1 parte externa, cunha gasa empapada en soro fisiol\u00f3xico e nunca con algod\u00f3n. <\/p>\n\n\n\n<p><strong>Si as lega\u00f1as son recorrentes no ollo do beb\u00e9, d\u00e9bese descartar a <a href=\"https:\/\/enfamilia.aeped.es\/temas-salud\/obstruccion-lagrimal-en-recien-nacidos\" target=\"_blank\" rel=\"noreferrer noopener nofollow\">obstruci\u00f3n do conduto lagrimal<\/a> ou a presenza dunha <a href=\"https:\/\/enfamilia.aeped.es\/temas-salud\/conjuntivitis\" target=\"_blank\" rel=\"noreferrer noopener nofollow\">conjuntivitis<\/a>.<\/strong><\/p>\n\n\n\n<h2 class=\"wp-block-heading\"><strong>Cando e como cortar as u\u00f1as ao beb\u00e9<\/strong><\/h2>\n\n\n\n<p>A maior\u00eda dos beb\u00e9s nacen coas u\u00f1as moi longas e crebadizas. Si \u00e9 necesario, para evitar que se rabu\u00f1e, podedes cortalas con moito coidado. En caso de utilizar tesoiras, deben ser pequenas, estar ben afiadas e ter a punta redondeada. Pode resultar complicado limar as u\u00f1as, xa que <a href=\"https:\/\/www.familiaysalud.es\/mito-o-realidad\/mito-o-realidad\/no-se-pueden-cortar-la-unas-los-bebes-hasta-pasadas-varias-semanas\" target=\"_blank\" rel=\"noreferrer noopener nofollow\">son demasiado brandas.<\/a> <\/p>\n\n\n\n<p>Debedes aproveitar un momento no que o beb\u00e9 estea tranquilo para que non se mova, despois do ba\u00f1o ou mentres dorme, por exemplo. Para non cometer o erro de cortar a pel sen querer, \u00e9 necesario atender ao<strong> l\u00edmite entre a u\u00f1a e a pel. <\/strong>\u00c9 recomendable non cortar a nivel do dedo e que os bordos queden redondeados. As u\u00f1as dos p\u00e9s do beb\u00e9 c\u00f3rtanse rectas, para procurar que os seus bordos crezan por encima da pel e non cr\u00e1vense nas marxes. <\/p>\n\n\n\n<p>En canto \u00e1 frecuencia, depender\u00e1 do ritmo de crecemento, xeralmente fai falta cortar as u\u00f1as das mans unha vez \u00e1 semana. E as dos p\u00e9s, dado que crecen moito m\u00e1is amodo, durante os primeiros meses non adoita ser necesario que as cortedes.<\/p>\n\n\n\n<h2 class=\"wp-block-heading\"><strong>A importancia do coidado dos xenitais nos recentemente nacidos <\/strong><\/h2>\n\n\n\n<p><strong>Na maior\u00eda de recentemente nados homes, non \u00e9 posible retirar completamente a pel do prepucio sen facerlles dano. <\/strong>O habitual \u00e9 que exista unha <a href=\"https:\/\/enfamilia.aeped.es\/temas-salud\/que-es-fimosis\" target=\"_blank\" rel=\"noreferrer noopener nofollow\">fimosis fisiol\u00f3xica<\/a>, que xeralmente se vai resolvendo conforme o beb\u00e9 crece. Para a s\u00faa hixiene, basta co lavado habitual na ba\u00f1eira e durante o cambio de cueiro. Non debedes tentar forzar a retirada do prepucio, xa que podedes causarlle unha ferida.<\/p>\n\n\n\n<figure class=\"wp-block-image size-large\"><img loading=\"lazy\" decoding=\"async\" width=\"1024\" height=\"683\" src=\"https:\/\/bebe.consumer.es\/wp-content\/uploads\/Higiene-zonas-delicadas-2-1024x683.jpg\" alt=\"Padres asean a su beb\u00e9\" class=\"wp-image-5743\" srcset=\"https:\/\/bebe.consumer.es\/wp-content\/uploads\/Higiene-zonas-delicadas-2-1024x683.jpg 1024w, https:\/\/bebe.consumer.es\/wp-content\/uploads\/Higiene-zonas-delicadas-2-300x200.jpg 300w, https:\/\/bebe.consumer.es\/wp-content\/uploads\/Higiene-zonas-delicadas-2-768x512.jpg 768w, https:\/\/bebe.consumer.es\/wp-content\/uploads\/Higiene-zonas-delicadas-2-1536x1024.jpg 1536w, https:\/\/bebe.consumer.es\/wp-content\/uploads\/Higiene-zonas-delicadas-2-2048x1365.jpg 2048w\" sizes=\"auto, (max-width: 1024px) 100vw, 1024px\" \/><\/figure>\n\n\n\n<p><\/p>\n\n\n\n<p><strong>No caso das nenas, \u00e9 recomendable que limpedes a vulva sen medo, separando ben os pliegues. Tam\u00e9n debedes ter a precauci\u00f3n de lavala sempre de diante cara atr\u00e1s<\/strong>, para non arrastrar cara \u00e1 vagina os microbios que poida haber ao redor do ano. <strong>Non \u00e9 necesario usar xab\u00f3ns espec\u00edficos, \u00e9 suficiente co xel de ducha con ph neutro. <\/strong><\/p>\n\n\n\n<p>Para manter os <a href=\"https:\/\/bebe.consumer.es\/salud\/problemas-genitales-bebes\/\" target=\"_blank\" rel=\"noreferrer noopener\">xenitais<\/a> limpos, debedes realizar o cambio de cueiro con frecuencia. Podedes usar unha esponxa e auga, ou toallitas h\u00famidas (sen produtos irritantes) en cada cambio de cueiro. A\u00ednda que \u00e9 m\u00e1is recomendable a primeira opci\u00f3n, sobre todo en recentemente nados e si o beb\u00e9 ten irritada a zona cuberta polo cueiro (<a href=\"https:\/\/bebe.consumer.es\/salud\/dermatitis-panal\/\" target=\"_blank\" rel=\"noreferrer noopener\">dermatitis do cueiro<\/a>). Despois debedes <a href=\"https:\/\/enfamilia.aeped.es\/edades-etapas\/aseo-en-recien-nacido\" target=\"_blank\" rel=\"noreferrer noopener nofollow\">secar ben a pel <\/a>e os pliegues cunha toalla. Non se recomenda aplicar pos de talco, nin tampouco \u00e9 necesario p\u00f3r crema tras cada cambio de cueiro.<\/p>\n","protected":false},"excerpt":{"rendered":"<p><span class=\"span-reading-time rt-reading-time\" style=\"display: block;\"><span class=\"rt-label rt-prefix\"><\/span> <span class=\"rt-time\"> 3<\/span> <span class=\"rt-label rt-postfix\">min.<\/span><\/span><\/p>\n","protected":false},"author":2,"featured_media":4501,"comment_status":"closed","ping_status":"closed","sticky":false,"template":"","format":"standard","meta":{"footnotes":""},"categories":[250],"tags":[236,264,266,285,320,372,351],"class_list":["post-7287","post","type-post","status-publish","format-standard","has-post-thumbnail","hentry","category-coidados-xerais-e-prevencion","tag-0-3-meses-gl","tag-3-6-meses-gl","tag-6-9-meses-gl","tag-coidados","tag-hixiene","tag-nacido-recentemente","tag-pel","infinite-scroll-item","generate-columns","tablet-grid-50","mobile-grid-100","grid-parent","grid-33"],"acf":[],"aioseo_notices":[],"_links":{"self":[{"href":"https:\/\/bebe.consumer.es\/gl\/wp-json\/wp\/v2\/posts\/7287\/"}],"collection":[{"href":"https:\/\/bebe.consumer.es\/gl\/wp-json\/wp\/v2\/posts\/"}],"about":[{"href":"https:\/\/bebe.consumer.es\/gl\/wp-json\/wp\/v2\/types\/post\/"}],"author":[{"embeddable":true,"href":"https:\/\/bebe.consumer.es\/gl\/wp-json\/wp\/v2\/users\/2\/"}],"replies":[{"embeddable":true,"href":"https:\/\/bebe.consumer.es\/gl\/wp-json\/wp\/v2\/comments\/?post=7287"}],"version-history":[{"count":1,"href":"https:\/\/bebe.consumer.es\/gl\/wp-json\/wp\/v2\/posts\/7287\/revisions\/"}],"predecessor-version":[{"id":7290,"href":"https:\/\/bebe.consumer.es\/gl\/wp-json\/wp\/v2\/posts\/7287\/revisions\/7290\/"}],"wp:featuredmedia":[{"embeddable":true,"href":"https:\/\/bebe.consumer.es\/gl\/wp-json\/wp\/v2\/media\/4501\/"}],"wp:attachment":[{"href":"https:\/\/bebe.consumer.es\/gl\/wp-json\/wp\/v2\/media\/?parent=7287"}],"wp:term":[{"taxonomy":"category","embeddable":true,"href":"https:\/\/bebe.consumer.es\/gl\/wp-json\/wp\/v2\/categories\/?post=7287"},{"taxonomy":"post_tag","embeddable":true,"href":"https:\/\/bebe.consumer.es\/gl\/wp-json\/wp\/v2\/tags\/?post=7287"}],"curies":[{"name":"wp","href":"https:\/\/api.w.org\/{rel}","templated":true}]}}