{"id":7299,"date":"2021-11-09T08:59:04","date_gmt":"2021-11-09T08:59:04","guid":{"rendered":"https:\/\/bebe.consumer.es\/?p=7299"},"modified":"2022-09-03T14:47:25","modified_gmt":"2022-09-03T14:47:25","slug":"cal-e-o-peso-e-talla-axeitados-para-o-bebe","status":"publish","type":"post","link":"https:\/\/bebe.consumer.es\/gl\/coidados-xerais-e-prevencion\/cal-e-o-peso-e-talla-axeitados-para-o-bebe\/","title":{"rendered":"Cal \u00e9 o peso e talla axeitados para o beb\u00e9"},"content":{"rendered":"<span class=\"span-reading-time rt-reading-time\" style=\"display: block;\"><span class=\"rt-label rt-prefix\"><\/span> <span class=\"rt-time\"> 3<\/span> <span class=\"rt-label rt-postfix\">min.<\/span><\/span>\n<p><strong>O peso e a talla o beb\u00e9 ao nacemento est\u00e1n condicionados por numerosos factores. <\/strong>Entre os que afectan as nais est\u00e1n: <a href=\"https:\/\/jamanetwork.com\/journals\/jama\/fullarticle\/2503173\" target=\"_blank\" rel=\"noreferrer noopener nofollow\">o voso <strong>peso durante o embarazo<\/strong><\/a><strong>,<a href=\"https:\/\/bebe.consumer.es\/embarazo\/revisiones-medicas\/\" target=\"_blank\" rel=\"noreferrer noopener\"> a presi\u00f3n arterial<\/a>, os niveis de glicosa en sangue, <a href=\"https:\/\/bebe.consumer.es\/embarazo\/alimentacion-saludable-2\/\" target=\"_blank\" rel=\"noreferrer noopener\" title=\"a nutrici\u00f3n\">a nutrici\u00f3n<\/a> ou si consumides tabaco, alcol ou drogas. <\/strong>Tam\u00e9n depender\u00e1 do funcionamento placentario e uterino, se se trata dun embarazo \u00fanico ou m\u00faltiple e do n\u00famero de semanas de xestaci\u00f3n que te\u00f1a o beb\u00e9 ao nacer. Por suposto, tam\u00e9n infl\u00fae o <strong>compo\u00f1ente xen\u00e9tico<\/strong> que achegades os proxenitores.<\/p>\n\n\n\n<h2 class=\"wp-block-heading\"><strong>Canto peso debe ga\u00f1ar o beb\u00e9 cada mes<\/strong><\/h2>\n\n\n\n<p>O aumento de peso e de talla dun beb\u00e9 depender\u00e1 de varios axentes (ademais dos factores xen\u00e9ticos), como, por exemplo: o estado nutricional, as enfermidades que poida padecer, factores ambientais e mesmo elementos socioecon\u00f3micos e culturais.Pero, en xeral, podedes ter en conta que:<\/p>\n\n\n\n<ul class=\"wp-block-list\"><li><strong><a href=\"https:\/\/enfamilia.aeped.es\/edades-etapas\/esta-mi-bebe-aumentando-bien-peso\" target=\"_blank\" rel=\"noreferrer noopener nofollow\">Durante o tres ou catro primeiros d\u00edas, os beb\u00e9s poden perder at\u00e9 un 10% do seu peso.<\/a> Despois, ao redor dos <a href=\"https:\/\/bebe.consumer.es\/desarrollo-psicomotor-y-emocional\/bebe-un-mes\/\" target=\"_blank\" rel=\"noreferrer noopener\">10 ou 15 d\u00edas<\/a> de vida, iniciar\u00e1n unha curva ascendente que lles leva a recuperar o peso que ti\u00f1an ao nacer<\/strong>. Nalgunhas circunstancias como hospitalizaci\u00f3n, <a href=\"https:\/\/bebe.consumer.es\/desarrollo-psicomotor-y-emocional\/bebes-prematuros\/\" target=\"_blank\" rel=\"noreferrer noopener\">prematuridad<\/a> ou dificultades relacionadas co nacemento, esta recuperaci\u00f3n ponderal pode ser m\u00e1is lenta e debe ser controlada por un pediatra. <\/li><li><strong><a href=\"https:\/\/enfamilia.aeped.es\/edades-etapas\/lactancia-materna-mi-bebe-aumenta-poco-peso\" target=\"_blank\" rel=\"noreferrer noopener nofollow\">Como media, durante as seis primeiras semanas, os beb\u00e9s ga\u00f1an 20 gramos de peso cada d\u00eda.<\/a> <\/strong>At\u00e9 os catro meses de idade, aumentar\u00e1n entre 100 e 200 gramos semanais. Desde o catro at\u00e9 os seis meses, a ganancia de peso dimin\u00fae, sendo habitual un aumento entre 80 e 150 gramos \u00e1 semana. E desde os seis meses at\u00e9 o primeiro ano de vida, adoitan aumentar entre 40 e 80 gramos \u00e1 semana.&nbsp; <\/li><li>Unha regra que vos pode axudar \u00e9 saber que adoitan <strong>duplicar o seu peso de nacemento ao redor dos 4-5 meses e triplicalo nos seus primeiros aniversarios.&nbsp;<\/strong><\/li><li>Hai que ter en conta que estas cifras <strong>son orientativas e <\/strong>recom\u00e9ndase valorar o peso do beb\u00e9 no seu conxunto, xunto a outros signos de desenvolvemento saudable: a talla, a demanda de alimento, a actividade f\u00edsica, a irritabilidad, etc.<\/li><li>Unha medici\u00f3n de peso puntual pode estar <strong>influenciada por diversos factores<\/strong> como a hora do d\u00eda \u00e1 que se realizou, a <a href=\"https:\/\/bebe.consumer.es\/alimentacion\/inicio-alimentacion-complementaria\/\" target=\"_blank\" rel=\"noreferrer noopener\">alimentaci\u00f3n<\/a>, se est\u00e1 enfermo, as deposiciones efectuadas e mesmo a roupa que leve posta.<\/li><\/ul>\n\n\n\n<figure class=\"wp-block-image size-full\"><img loading=\"lazy\" decoding=\"async\" width=\"1000\" height=\"667\" src=\"https:\/\/bebe.consumer.es\/wp-content\/uploads\/basculabebe.jpg\" alt=\"Bascula bebe\" class=\"wp-image-8408\" srcset=\"https:\/\/bebe.consumer.es\/wp-content\/uploads\/basculabebe.jpg 1000w, https:\/\/bebe.consumer.es\/wp-content\/uploads\/basculabebe-300x200.jpg 300w, https:\/\/bebe.consumer.es\/wp-content\/uploads\/basculabebe-768x512.jpg 768w\" sizes=\"auto, (max-width: 1000px) 100vw, 1000px\" \/><\/figure>\n\n\n\n<p><\/p>\n\n\n\n<h2 class=\"wp-block-heading\"><strong>Como interpretar a t\u00e1boa de crecemento do beb\u00e9<\/strong><\/h2>\n\n\n\n<p>Nas t\u00e1boas de crecemento est\u00e1n reflectidos os percentiles. \u00c9 importante lembrar que os percentiles non son m\u00e1is que un concepto estad\u00edstico, e que <strong>estar nun percentil maior non significa ter m\u00e1is sa\u00fade nin mellor crecemento, e viceversa. A informaci\u00f3n que achega o percentil \u00e9 valiosa en canto ao seguimento que realiza o beb\u00e9, \u00e9 dicir: que sempre se mante\u00f1a no mesmo percentil ou un pr\u00f3ximo. <\/strong>As\u00ed, o pediatra pode determinar si o aumento de peso e de talla <a href=\"https:\/\/www.analesdepediatria.org\/es-crecimiento-ninos-sanos-0-2-articulo-resumen-13073242\" target=\"_blank\" rel=\"noreferrer noopener nofollow\">est\u00e1 a producirse de forma axeitada<\/a> para cada neno e nena, e facer ax\u00fastelos apropiados nos casos que sexan necesarios.<\/p>\n\n\n\n<h2 class=\"wp-block-heading\"><strong>O crecemento do beb\u00e9 a partir do ano de idade<\/strong><\/h2>\n\n\n\n<p>O maior crecemento que se experimenta na vida do beb\u00e9 prod\u00facese na etapa intrauterina, cando o embri\u00f3n crece desde unha c\u00e9lula a un beb\u00e9 de 3,5 kg de media. Ao cumprir o primeiro ano adoitan triplicar o seu peso de nacemento, e a partir de ent\u00f3n o crecemento do neno ret\u00e1rdase, sendo habitual unha ganancia de peso entre 2 e 3 kg ao ano durante o segundo e o terceiro ano de vida.<\/p>\n\n\n\n<p>Os controis de talla e peso ser\u00e1n m\u00e1is frecuentes durante os primeiros meses, pero despois non adoita ser necesario que pesedes nin midades ao voso beb\u00e9 tan mi\u00fado. Por tanto, \u00e9 importante ter en conta que, salvo en casos concretos, <strong>non \u00e9 necesario que os pais e as nais controledes o peso do beb\u00e9. <\/strong>Soamente debedes encargarvos de que reciba unha<a href=\"https:\/\/bebe.consumer.es\/alimentacion\/nuevos-alimentos-alimentacion-complementaria\/\" target=\"_blank\" rel=\"noreferrer noopener\"> alimentaci\u00f3n saudable<\/a> e de que se mostre activo e feliz. <\/p>\n","protected":false},"excerpt":{"rendered":"<p><span class=\"span-reading-time rt-reading-time\" style=\"display: block;\"><span class=\"rt-label rt-prefix\"><\/span> <span class=\"rt-time\"> 3<\/span> <span class=\"rt-label rt-postfix\">min.<\/span><\/span><\/p>\n","protected":false},"author":2,"featured_media":8403,"comment_status":"closed","ping_status":"closed","sticky":false,"template":"","format":"standard","meta":{"footnotes":""},"categories":[250],"tags":[260,236,262,264,266,268,270,276,327,372],"class_list":["post-7299","post","type-post","status-publish","format-standard","has-post-thumbnail","hentry","category-coidados-xerais-e-prevencion","tag-18-meses-gl","tag-0-3-meses-gl","tag-12-18-meses-gl","tag-3-6-meses-gl","tag-6-9-meses-gl","tag-9-12-meses-gl","tag-alimentacion-gl","tag-biberon-gl","tag-lactacion","tag-nacido-recentemente","infinite-scroll-item","generate-columns","tablet-grid-50","mobile-grid-100","grid-parent","grid-33"],"acf":[],"aioseo_notices":[],"_links":{"self":[{"href":"https:\/\/bebe.consumer.es\/gl\/wp-json\/wp\/v2\/posts\/7299\/"}],"collection":[{"href":"https:\/\/bebe.consumer.es\/gl\/wp-json\/wp\/v2\/posts\/"}],"about":[{"href":"https:\/\/bebe.consumer.es\/gl\/wp-json\/wp\/v2\/types\/post\/"}],"author":[{"embeddable":true,"href":"https:\/\/bebe.consumer.es\/gl\/wp-json\/wp\/v2\/users\/2\/"}],"replies":[{"embeddable":true,"href":"https:\/\/bebe.consumer.es\/gl\/wp-json\/wp\/v2\/comments\/?post=7299"}],"version-history":[{"count":3,"href":"https:\/\/bebe.consumer.es\/gl\/wp-json\/wp\/v2\/posts\/7299\/revisions\/"}],"predecessor-version":[{"id":9004,"href":"https:\/\/bebe.consumer.es\/gl\/wp-json\/wp\/v2\/posts\/7299\/revisions\/9004\/"}],"wp:featuredmedia":[{"embeddable":true,"href":"https:\/\/bebe.consumer.es\/gl\/wp-json\/wp\/v2\/media\/8403\/"}],"wp:attachment":[{"href":"https:\/\/bebe.consumer.es\/gl\/wp-json\/wp\/v2\/media\/?parent=7299"}],"wp:term":[{"taxonomy":"category","embeddable":true,"href":"https:\/\/bebe.consumer.es\/gl\/wp-json\/wp\/v2\/categories\/?post=7299"},{"taxonomy":"post_tag","embeddable":true,"href":"https:\/\/bebe.consumer.es\/gl\/wp-json\/wp\/v2\/tags\/?post=7299"}],"curies":[{"name":"wp","href":"https:\/\/api.w.org\/{rel}","templated":true}]}}