{"id":7312,"date":"2021-11-07T09:55:09","date_gmt":"2021-11-07T09:55:09","guid":{"rendered":"https:\/\/bebe.consumer.es\/?p=7312"},"modified":"2022-06-16T08:23:56","modified_gmt":"2022-06-16T08:23:56","slug":"como-axudar-a-que-o-bebe-durma-mellor","status":"publish","type":"post","link":"https:\/\/bebe.consumer.es\/gl\/coidados-xerais-e-prevencion\/como-axudar-a-que-o-bebe-durma-mellor\/","title":{"rendered":"Como axudar a que o beb\u00e9 durma mellor"},"content":{"rendered":"<span class=\"span-reading-time rt-reading-time\" style=\"display: block;\"><span class=\"rt-label rt-prefix\"><\/span> <span class=\"rt-time\"> 5<\/span> <span class=\"rt-label rt-postfix\">min.<\/span><\/span>\n<p>O so\u00f1o nos beb\u00e9s e nenos \u00e9 diferente ao so\u00f1o dos adultos. Os recentemente nados te\u00f1en un ritmo ultradiano (non est\u00e1 sincronizado coa luz solar), polo que <strong>alternan per\u00edodos de so\u00f1o, alimentaci\u00f3n e vixilia <\/strong>independentemente de si \u00e9 de d\u00eda ou \u00e9 de noite. Progresivamente, este ritmo biol\u00f3xico vaise adaptando e, ao redor do catro meses de idade, empezan a adoptar o ritmo circadiano (distinguen o d\u00eda da noite). Pero isto, por agora, soamente significa que pasar\u00e1n m\u00e1is tempo espertos mentres haxa luz solar, e non sempre se traduce en noites enteiras durmindo sen espertarse.<\/p>\n\n\n\n<h2 class=\"wp-block-heading\"><strong>Canto debe durmir o beb\u00e9 segundo a s\u00faa idade?<\/strong><\/h2>\n\n\n\n<p>Non existe un patr\u00f3n de so\u00f1o com\u00fan para todos os beb\u00e9s segundo a s\u00faa idade, soamente algunhas estimaci\u00f3ns xerais. Depender\u00e1 de cada neno ou nena que durman m\u00e1is ou menos horas ao d\u00eda, e de forma m\u00e1is continuada ou con numerosas interrupci\u00f3ns.<\/p>\n\n\n\n<h2 class=\"wp-block-heading\"><strong>Horas recomendadas de so\u00f1o para un recentemente nacido<\/strong><\/h2>\n\n\n\n<p>Durante o primeiro mes de vida, os beb\u00e9s dormen unha media de <strong><a href=\"https:\/\/www.sleepfoundation.org\/baby-sleep\" target=\"_blank\" rel=\"noreferrer noopener nofollow\">14 a 17 horas diarias<\/a><\/strong>, con varios espertases para comer. Isto ser\u00e1 as\u00ed, aproximadamente, at\u00e9 o <a href=\"https:\/\/bebe.consumer.es\/desarrollo-psicomotor-y-emocional\/bebe-3-meses\/\" target=\"_blank\" rel=\"noreferrer noopener\">tres meses de idade<\/a>. Conforme pasa o tempo, a necesidade de horas de so\u00f1o do beb\u00e9 ir\u00e1 diminu\u00edndo e ademais comeza a interactuar coa s\u00faa contorna e a s\u00faa familia. <\/p>\n\n\n\n<h2 class=\"wp-block-heading\"><strong>Cantas horas dormen os beb\u00e9s entre o tres e o seis meses de idade<\/strong><\/h2>\n\n\n\n<p>Chegados a este momento, notaredes que o patr\u00f3n de so\u00f1o do voso beb\u00e9 modif\u00edcase. Ademais de pasar m\u00e1is tempo esperto durante o d\u00eda, red\u00facese o n\u00famero total de horas de so\u00f1o (de 15 a 12 horas diarias aproximadamente). Espert\u00e1selos nocturnos seguir\u00e1n sendo habituais e normais en moitos dos beb\u00e9s, a\u00ednda que alg\u00fans xa comezan a durmir m\u00e1is horas de forma continuada e a demandar menos alimento pola noite.<\/p>\n\n\n\n<h2 class=\"wp-block-heading\"><strong>A partir do seis meses <\/strong><\/h2>\n\n\n\n<p>A actividade diaria ao seis meses de idade \u00e9 m\u00e1is significativa, e xa dormen a maior parte do tempo polas noites, con algunhas sestas m\u00e1is ou menos breves durante o d\u00eda. <strong>Entre os <a href=\"https:\/\/bebe.consumer.es\/desarrollo-psicomotor-y-emocional\/bebe-9-a-12-meses\/\" target=\"_blank\" rel=\"noreferrer noopener\">9 e os 15 meses<\/a> os beb\u00e9s adoitan facer 2 sestas di\u00farnas<\/strong> e, a partir desa idade, quedar\u00e1<strong> unha sesta di\u00farna que adoita manterse at\u00e9 os <a href=\"https:\/\/bebe.consumer.es\/desarrollo-psicomotor-y-emocional\/bebe-24-a-36-meses\/\" target=\"_blank\" rel=\"noreferrer noopener\">3-4 anos de idade.<\/a> <\/strong><\/p>\n\n\n\n<h2 class=\"wp-block-heading\"><strong>As xanelas de so\u00f1o <\/strong><\/h2>\n\n\n\n<p>O espazo entre as sestas dun beb\u00e9, os momentos de vixilia, co\u00f1\u00e9cese como xanelas de so\u00f1o. A\u00ednda que var\u00edan moito entre un beb\u00e9 e outro, co\u00f1ecelas p\u00f3devos axudar a acompa\u00f1ar ao voso beb\u00e9 na induci\u00f3n do so\u00f1o e as\u00ed facilitar unha rutina de sestas e de so\u00f1o nocturno. E \u00e9 que, se esperades a que estea demasiado canso para que durma, poida que res\u00faltelle m\u00e1is complicado conciliar o so\u00f1o.<\/p>\n\n\n\n<ul class=\"wp-block-list\"><li>Os beb\u00e9s recentemente nados, e at\u00e9 os dous meses de idade, adoitan poder pasar entre 45 minutos e 1 hora espertos entre so\u00f1o e so\u00f1o. <\/li><li>Dos dous aos catro meses, este tempo aumenta at\u00e9 unha 1 hora ou 2 horas aproximadamente.<\/li><li>Entre o catro e os seis meses de idade, xa poden estar espertos desde 1 hora e media at\u00e9 2 horas e media.<\/li><li>Do seis aos nove meses, o tempo que adoitan permanecer espertos entre sestas chega at\u00e9 as 2 horas e 30 minutos.<\/li><li>En torno ao primeiro ano de vida, xa \u00e9 habitual que poidan pasar espertos 4 horas entre sestas.<\/li><\/ul>\n\n\n\n<p>A\u00ednda que estes horarios son aproximados, podedes observar ao voso beb\u00e9 para co\u00f1ecer os seus sinais de cansazo (fregase os ollos ou as orellas, bosteza, parece algo m\u00e1is irritado, etc.) e aproveitar ese momento para tentar que se durma.<\/p>\n\n\n\n<h2 class=\"wp-block-heading\"><strong>Onde debe durmir o recentemente nacido <\/strong><\/h2>\n\n\n\n<p>A decisi\u00f3n de onde debe durmir o beb\u00e9 parte das necesidades e preferencias de cada familia. As opci\u00f3ns res\u00famense en: <\/p>\n\n\n\n<ul class=\"wp-block-list\"><li>un berce independente, <\/li><li>un berce de colecho (pegada \u00e1 cama) ou <\/li><li>directamente compartindo cama convosco. <\/li><\/ul>\n\n\n\n<p><strong><a href=\"https:\/\/bebe.consumer.es\/crianza\/colecho-bebe\/\" target=\"_blank\" rel=\"noreferrer noopener\">O colecho <\/a>\u00e9 un costume ancestral <\/strong>e est\u00e1 moi arraigada en moitas culturas do mundo. E a\u00ednda que en \u00faltimo s\u00e9culo, no mundo occidental, houbo m\u00e1is tradici\u00f3n de que o beb\u00e9 durma no seu berce, \u00e9 destacable lembrar que <strong>o contacto f\u00edsico favorece a <a href=\"https:\/\/bebe.consumer.es\/alimentacion\/tecnicas-posturas-lactancia\/\" target=\"_blank\" rel=\"noreferrer noopener\">lactaci\u00f3n materna<\/a> e a vinculaci\u00f3n afectiva co beb\u00e9.<\/strong> Ademais, pode axudar a que os espertases do beb\u00e9 sexan, se non menos frecuentes, si menos intensos.<\/p>\n\n\n\n<figure class=\"wp-block-image size-full\"><img loading=\"lazy\" decoding=\"async\" width=\"1000\" height=\"667\" src=\"https:\/\/bebe.consumer.es\/wp-content\/uploads\/colecho-2.jpg\" alt=\"Colecho\" class=\"wp-image-8395\" srcset=\"https:\/\/bebe.consumer.es\/wp-content\/uploads\/colecho-2.jpg 1000w, https:\/\/bebe.consumer.es\/wp-content\/uploads\/colecho-2-300x200.jpg 300w, https:\/\/bebe.consumer.es\/wp-content\/uploads\/colecho-2-768x512.jpg 768w\" sizes=\"auto, (max-width: 1000px) 100vw, 1000px\" \/><\/figure>\n\n\n\n<p><\/p>\n\n\n\n<h2 class=\"wp-block-heading\"><strong>Na mesma habitaci\u00f3n<\/strong><\/h2>\n\n\n\n<p>Polo xeral, <strong>durante o primeiro ano de vida \u00e9 recomendable que o beb\u00e9 durma na mesma habitaci\u00f3n que v\u00f3s e v\u00f3s <\/strong>(no seu berce, nun berce de colecho ou na vosa cama).<\/p>\n\n\n\n<p>Cando creades que chegou o momento de que durma nunha habitaci\u00f3n independente, se non esperades a que o decida o neno ou a nena en por si, podedes facer o traslado. Se o cambio non resulta ben e durmides todos peor, sempre podedes volver inclu\u00edlo en vosa mesma habitaci\u00f3n. <\/p>\n\n\n\n<h2 class=\"wp-block-heading\"><strong>H\u00e1bitos \u00e1 hora de deitarse: como inducir o so\u00f1o a un beb\u00e9 <\/strong><\/h2>\n\n\n\n<p>Salvo casos excepcionais, todos os nenos acaban tarde ou cedo durmindo s\u00f3s e polo menos oito horas seguidas. Pero debedes entender as necesidades dos beb\u00e9s e axustar as vosas expectativas ao novo membro da familia. Que un beb\u00e9 durma en horas diferentes \u00e1s vosas ou <strong>que te\u00f1a varios espertases nocturnos, pode non ser un problema de so\u00f1o do beb\u00e9<\/strong>, sen\u00f3n un problema de incompatibilidade cos vosos horarios e necesidades de descanso adulto. <\/p>\n\n\n\n<p>Para <strong>axudar \u00e1 maduraci\u00f3n do so\u00f1o infantil <\/strong>son aconsellables as <strong>recomendaci\u00f3ns<\/strong> que se incl\u00faen no que se co\u00f1ece como <strong>hixiene do so\u00f1o<\/strong>: <\/p>\n\n\n\n<ul class=\"wp-block-list\"><li>tentar levar uns horarios de so\u00f1o ordenados, axustados aos ritmos luz e escuridade, <\/li><li>ordenar os horarios de alimentaci\u00f3n, <\/li><li>regular a exposici\u00f3n \u00e1 <a href=\"https:\/\/bebe.consumer.es\/cuidados-generales-y-prevencion\/sol\/\" target=\"_blank\" rel=\"noreferrer noopener\">luz solar<\/a> e \u00e1s <a href=\"https:\/\/bebe.consumer.es\/crianza\/uso-pantallas\/\" target=\"_blank\" rel=\"noreferrer noopener\">pantallas<\/a>. <\/li><li>De noite o fogar ten que estar m\u00e1is acougado, silencioso, con luz tenue ou escuridade.<\/li><li>Doutra banda, as rutinas como <a href=\"https:\/\/bebe.consumer.es\/cuidados-generales-y-prevencion\/bano\/\" target=\"_blank\" rel=\"noreferrer noopener\">o ba\u00f1o<\/a>, o momento do xogo ou o conto previamente \u00e1 hora de durmir, p\u00f3denvos axudar a establecer <a href=\"https:\/\/faros.hsjdbcn.org\/es\/articulo\/como-regular-sueno-recien-nacidos\" target=\"_blank\" rel=\"noreferrer noopener nofollow\">o ritmo circadiano en so\u00f1o do beb\u00e9.<\/a> <\/li><\/ul>\n\n\n\n<h2 class=\"wp-block-heading\"><strong>As mellores posturas para o descanso do beb\u00e9<\/strong><\/h2>\n\n\n\n<p><strong>Recom\u00e9ndase p\u00f3r aos beb\u00e9s a durmir boca arriba<\/strong>, xa que esta postura dimin\u00fae a incidencia da s\u00edndrome de morte<a href=\"https:\/\/bebe.consumer.es\/salud\/muerte-subita\/\" target=\"_blank\" rel=\"noreferrer noopener\">  s\u00fabita do lactante<\/a>. Pero, cando estean espertos, acons\u00e9llase que vaiades cambiando a s\u00faa postura de forma frecuente. Ademais, hai que p\u00f3r aos beb\u00e9s boca abaixo de cando en vez para evitar deformidades na cabeza e favorecer o ton e o control postural. Non \u00e9 necesario forzales si non lles gusta, basta con levalos en brazos ou portearles para variar a postura.<\/p>\n\n\n\n<p>Ademais da postura <strong><a href=\"https:\/\/sepeap.org\/19-recomendaciones-para-que-el-sueno-de-los-bebes-sea-mas-seguro\/\" target=\"_blank\" rel=\"noreferrer noopener nofollow\">hai outros factores a ter en conta<\/a><\/strong>: proporcionarlle un colch\u00f3n r\u00edxido, evitar edredones e almofadas, <a href=\"https:\/\/bebe.consumer.es\/cuidados-generales-y-prevencion\/abrigo\/\" target=\"_blank\" rel=\"noreferrer noopener\">non abrigar demasiado<\/a> ao beb\u00e9, nin porlle <a href=\"https:\/\/bebe.consumer.es\/cuidados-generales-y-prevencion\/ropa\/\" target=\"_blank\" rel=\"noreferrer noopener\">roupa<\/a> ou accesorios que poidan impedir que se mova libremente. <\/p>\n\n\n\n<h2 class=\"wp-block-heading\"><strong>Problemas ao durmir<\/strong><\/h2>\n\n\n\n<p>Cando parece que lograstes unha rutina que vos permite descansar, poida que sucedan cambios no so\u00f1o do beb\u00e9 que vos descoloquen. As crises de so\u00f1o, ou regresi\u00f3ns, non ocorren en todos os nenos e nenas, pero saber que est\u00e1 a pasar axudaravos a soportalas.<\/p>\n\n\n\n<p>Estas regresi\u00f3ns duran entre d\u00faas e seis semanas: o beb\u00e9 que antes se durm\u00eda con facilidade e profundamente, agora parece que non quere durmir e esp\u00e9rtase constantemente. Nestas crises infl\u00faen o cambio biol\u00f3xico do so\u00f1o (como sucede ao redor dos catro meses), a <a href=\"https:\/\/bebe.consumer.es\/crianza\/angustia-por-separacion\/\" target=\"_blank\" rel=\"noreferrer noopener\">ansiedade por separaci\u00f3n<\/a> (ao redor dos oito meses), a adquisici\u00f3n de novas inquietudes e habilidades (aos <a href=\"https:\/\/bebe.consumer.es\/desarrollo-psicomotor-y-emocional\/bebe-12-a-18-meses\/\" target=\"_blank\" rel=\"noreferrer noopener\">12 meses<\/a>, cando moitos xa dan os seus primeiros pasos), e o desexo de exercer a s\u00faa independencia (<a href=\"https:\/\/bebe.consumer.es\/desarrollo-psicomotor-y-emocional\/bebe-18-a-24-meses\/\" target=\"_blank\" rel=\"noreferrer noopener\">aos 18 meses<\/a>).<\/p>\n\n\n\n<p>Outro dos problemas que poden ter os nenos e as nenas ao durmir son os pesadelos ou terrores nocturnos. Estes so\u00f1os axitados e angustiosos pres\u00e9ntanse con maior frecuencia durante a etapa preescolar, e est\u00e1n moi relacionados co medo \u00e1 escuridade. Pero poden darse mesmo antes dos 3 anos.<\/p>\n\n\n\n<p>Os pesadelos en ocasi\u00f3ns manif\u00e9stanse en \u00e9pocas de tensi\u00f3ns ou de incerteza ante os cambios, como unha mudanza ou o <a href=\"https:\/\/bebe.consumer.es\/crianza\/celos-nuevo-hermano\/\" target=\"_blank\" rel=\"noreferrer noopener\">nacemento dun irm\u00e1n.<\/a> Para favorecer un so\u00f1o tranquilo debedes manter, na medida do posible, a rutina diaria. Tam\u00e9n \u00e9 conveniente evitar pel\u00edculas ou libros que poidan causarlle medo, sobre todo antes de durmir. E, por suposto, debedes ter paciencia cando se esperte sobresaltado, tranquilizalo, definir o que ocorreu e acougalo para que se volva a durmir.<\/p>\n","protected":false},"excerpt":{"rendered":"<p><span class=\"span-reading-time rt-reading-time\" style=\"display: block;\"><span class=\"rt-label rt-prefix\"><\/span> <span class=\"rt-time\"> 5<\/span> <span class=\"rt-label rt-postfix\">min.<\/span><\/span><\/p>\n","protected":false},"author":2,"featured_media":8391,"comment_status":"closed","ping_status":"closed","sticky":false,"template":"","format":"standard","meta":{"footnotes":""},"categories":[250],"tags":[260,236,262,264,266,268,285,291,297,372,399],"class_list":["post-7312","post","type-post","status-publish","format-standard","has-post-thumbnail","hentry","category-coidados-xerais-e-prevencion","tag-18-meses-gl","tag-0-3-meses-gl","tag-12-18-meses-gl","tag-3-6-meses-gl","tag-6-9-meses-gl","tag-9-12-meses-gl","tag-coidados","tag-desenvolvemento-infantil","tag-durmir","tag-nacido-recentemente","tag-sono","infinite-scroll-item","generate-columns","tablet-grid-50","mobile-grid-100","grid-parent","grid-33"],"acf":[],"aioseo_notices":[],"_links":{"self":[{"href":"https:\/\/bebe.consumer.es\/gl\/wp-json\/wp\/v2\/posts\/7312\/"}],"collection":[{"href":"https:\/\/bebe.consumer.es\/gl\/wp-json\/wp\/v2\/posts\/"}],"about":[{"href":"https:\/\/bebe.consumer.es\/gl\/wp-json\/wp\/v2\/types\/post\/"}],"author":[{"embeddable":true,"href":"https:\/\/bebe.consumer.es\/gl\/wp-json\/wp\/v2\/users\/2\/"}],"replies":[{"embeddable":true,"href":"https:\/\/bebe.consumer.es\/gl\/wp-json\/wp\/v2\/comments\/?post=7312"}],"version-history":[{"count":3,"href":"https:\/\/bebe.consumer.es\/gl\/wp-json\/wp\/v2\/posts\/7312\/revisions\/"}],"predecessor-version":[{"id":8397,"href":"https:\/\/bebe.consumer.es\/gl\/wp-json\/wp\/v2\/posts\/7312\/revisions\/8397\/"}],"wp:featuredmedia":[{"embeddable":true,"href":"https:\/\/bebe.consumer.es\/gl\/wp-json\/wp\/v2\/media\/8391\/"}],"wp:attachment":[{"href":"https:\/\/bebe.consumer.es\/gl\/wp-json\/wp\/v2\/media\/?parent=7312"}],"wp:term":[{"taxonomy":"category","embeddable":true,"href":"https:\/\/bebe.consumer.es\/gl\/wp-json\/wp\/v2\/categories\/?post=7312"},{"taxonomy":"post_tag","embeddable":true,"href":"https:\/\/bebe.consumer.es\/gl\/wp-json\/wp\/v2\/tags\/?post=7312"}],"curies":[{"name":"wp","href":"https:\/\/api.w.org\/{rel}","templated":true}]}}