{"id":7338,"date":"2021-11-03T10:19:52","date_gmt":"2021-11-03T10:19:52","guid":{"rendered":"https:\/\/bebe.consumer.es\/?p=7338"},"modified":"2022-06-16T08:16:42","modified_gmt":"2022-06-16T08:16:42","slug":"en-que-fixarse-para-elixir-o-zapato-do-bebe","status":"publish","type":"post","link":"https:\/\/bebe.consumer.es\/gl\/coidados-xerais-e-prevencion\/en-que-fixarse-para-elixir-o-zapato-do-bebe\/","title":{"rendered":"En que fixarse para elixir o zapato do beb\u00e9"},"content":{"rendered":"<span class=\"span-reading-time rt-reading-time\" style=\"display: block;\"><span class=\"rt-label rt-prefix\"><\/span> <span class=\"rt-time\"> 3<\/span> <span class=\"rt-label rt-postfix\">min.<\/span><\/span>\n<p>Os p\u00e9s dos nenos, do mesmo xeito que o seu sistema motor, est\u00e1n en desenvolvemento durante os primeiros anos da infancia, polo que elixir un bo calzado para cada etapa \u00e9 especialmente importante. <strong>O zapato infantil non debe limitar os movementos dos p\u00e9s nin condicionar a marcha, debe ter o tama\u00f1o axeitado e adaptarse \u00e1 forma do p\u00e9.<\/strong><\/p>\n\n\n\n<h2 class=\"wp-block-heading\"><strong>Zapatos para gatear<\/strong><\/h2>\n\n\n\n<p><strong>Durante os primeiros meses de vida, o voso beb\u00e9 non necesita ning\u00fan zapato. De feito, o seu uso poder\u00eda ser prexudicial para o seu <a href=\"https:\/\/bebe.consumer.es\/desarrollo-psicomotor-y-emocional\/bebe-9-a-12-meses\/\" target=\"_blank\" rel=\"noreferrer noopener\">desenvolvemento.<\/a> Para a etapa de gateo, o calzado segue sen ser necesario. O p\u00e9 descalzo ten un mellor contacto co solo e o resto dos est\u00edmulos que lle rodean<\/strong>. No caso de que queirades protexer ao beb\u00e9 do fr\u00edo, uns calcet\u00edns antiescorregadizos van ser suficientes.<\/p>\n\n\n\n<h2 class=\"wp-block-heading\"><strong>Que zapatos ou zapatillas elixir para os primeiros pasos<\/strong><\/h2>\n\n\n\n<p>O voso beb\u00e9 empezar\u00e1 a dar os seus primeiros pasos despois de que consiga porse de p\u00e9. Ao principio cami\u00f1ar\u00e1 axud\u00e1ndose dun punto de apoio e despraz\u00e1ndose lateralmente. Ao cabo dun tempo, animarase a dar os seus primeiros pasos sen axuda. Os primeiros pasos son irregulares, a mi\u00fado non m\u00e1is de 2 ou 3, ata que definitivamente se lance a cami\u00f1ar dun lado a outro. Igual que na etapa anterior, si o voso fillo ou filla vai sen zapatos percibir\u00e1 mellor os est\u00edmulos e os seus p\u00e9s vanse a adaptar m\u00e1is facilmente ao solo. As\u00ed que en casa pode continuar descalzo, xa que o zapato non lle ten que axudar a aprender a cami\u00f1ar. No caso de sa\u00edr \u00e1 r\u00faa, podedes porlle uns zapatos que lle dean <strong>confort t\u00e9rmico e prot\u00e9xanlle da sucidade e dos obxectos punzantes. Pero canto m\u00e1is parecido sexa o zapato a ir descalzo, mellor.<\/strong><\/p>\n\n\n\n<figure class=\"wp-block-image size-full\"><img loading=\"lazy\" decoding=\"async\" width=\"1000\" height=\"667\" src=\"https:\/\/bebe.consumer.es\/wp-content\/uploads\/zapatosbebe.jpg\" alt=\"Zapatos bebe\" class=\"wp-image-8372\" srcset=\"https:\/\/bebe.consumer.es\/wp-content\/uploads\/zapatosbebe.jpg 1000w, https:\/\/bebe.consumer.es\/wp-content\/uploads\/zapatosbebe-300x200.jpg 300w, https:\/\/bebe.consumer.es\/wp-content\/uploads\/zapatosbebe-768x512.jpg 768w\" sizes=\"auto, (max-width: 1000px) 100vw, 1000px\" \/><\/figure>\n\n\n\n<p><\/p>\n\n\n\n<h2 class=\"wp-block-heading\"><strong>Zapatos ou zapatillas para a adquisici\u00f3n da marcha<\/strong><\/h2>\n\n\n\n<p>A adquisici\u00f3n da marcha prod\u00facese desde que o voso beb\u00e9 d\u00e1 os primeiros pasos, at\u00e9 aproximadamente os <a href=\"https:\/\/bebe.consumer.es\/desarrollo-psicomotor-y-emocional\/bebe-24-a-36-meses\/\" target=\"_blank\" rel=\"noreferrer noopener\">3 anos<\/a> de idade. Neste tempo, o seu desprazamento pode ser inmaturo, dando a sensaci\u00f3n de que non coloca ben os p\u00e9s no solo. <strong>Como \u00e9 unha \u00e9poca de adestramento, escoller un calzado axeitado \u00e9 esencial, <\/strong><\/p>\n\n\n\n<h2 class=\"wp-block-heading\"><strong>Caracter\u00edsticas dos zapatos para a marcha<\/strong><\/h2>\n\n\n\n<ul class=\"wp-block-list\"><li><strong>Ad\u00f3itea debe ser fina, dun grosor aproximado duns 3 mm, e flexible.<\/strong><\/li><li>Sen tac\u00f3n e de iguais caracter\u00edsticas na zona anterior que posterior. <\/li><li><strong>O persoal (si leva) debe ser extra\u00edble e sen arco.<\/strong><\/li><li><strong>Non deben levar reforzos no tal\u00f3n.<\/strong><\/li><li><strong>Non poden limitar a mobilidade dos nocellos.<\/strong><\/li><li><strong>Debe levar un sistema de peche:<\/strong> o mellor para favorecer a autonom\u00eda \u00e9 o velcro. <\/li><li><strong>A horma debe ser cadrada<\/strong> e a punta redonda e pecha para que poida mover os dedos de maneira c\u00f3moda e segura.<\/li><li><strong><a href=\"https:\/\/www.aeped.es\/sites\/default\/files\/3-cuidame_esp.pdf\" target=\"_blank\" rel=\"noreferrer noopener nofollow\">Elixide zapatos lixeiros e seguros para os nenos e nenas.<\/a><\/strong> Que sexan antiescorregadizos, fabricados con materiais transpirables e non t\u00f3xicos, e que sexan resistentes ao uso diario e ao lavado. <\/li><\/ul>\n\n\n\n<h2 class=\"wp-block-heading\"><strong>O mellor momento para comprar o calzado do beb\u00e9<\/strong><\/h2>\n\n\n\n<p><strong>O mellor momento para comprar zapatos para o voso fillo ou filla \u00e9 a \u00faltima hora da tarde, xa que o p\u00e9 est\u00e1 m\u00e1is dilatado debido \u00e1 circulaci\u00f3n sangu\u00ednea. <\/strong>Un zapato comprado pola ma\u00f1\u00e1, poida que pola tarde quede fecheiro. Outro consello \u00e9 que sempre lle probedes ambos os zapatos, xa que pode haber diferenzas entre un p\u00e9 e o outro. <\/p>\n\n\n\n<h2 class=\"wp-block-heading\"><strong>Acertar coa talla \u00e9 importante<\/strong><\/h2>\n\n\n\n<p>Os nenos crecen a un ritmo vertixinoso e, durante os primeiros anos da s\u00faa vida, ides ter que comprar moitos pares de zapatos<strong>. Cada tres de semanas \u00e9 recomendable revisar o tama\u00f1o dos zapatos ou zapatillas do beb\u00e9 e comprobar que non se lle quedaron pequenos.<\/strong> Tam\u00e9n revisar os seus p\u00e9s, para asegurarvos de que non lle ocasionan rozaduras, rojeces ou outras lesi\u00f3ns. <\/p>\n\n\n\n<p>Os zapatos non poden apertar os p\u00e9s, pero tampouco lle poden quedar demasiado grandes. As\u00ed que non \u00e9 recomendable comprar unha talla superior para que poida usalos durante m\u00e1is tempo.<\/p>\n","protected":false},"excerpt":{"rendered":"<p><span class=\"span-reading-time rt-reading-time\" style=\"display: block;\"><span class=\"rt-label rt-prefix\"><\/span> <span class=\"rt-time\"> 3<\/span> <span class=\"rt-label rt-postfix\">min.<\/span><\/span><\/p>\n","protected":false},"author":2,"featured_media":8368,"comment_status":"closed","ping_status":"closed","sticky":false,"template":"","format":"standard","meta":{"footnotes":""},"categories":[250],"tags":[260,262,268,285],"class_list":["post-7338","post","type-post","status-publish","format-standard","has-post-thumbnail","hentry","category-coidados-xerais-e-prevencion","tag-18-meses-gl","tag-12-18-meses-gl","tag-9-12-meses-gl","tag-coidados","infinite-scroll-item","generate-columns","tablet-grid-50","mobile-grid-100","grid-parent","grid-33"],"acf":[],"aioseo_notices":[],"_links":{"self":[{"href":"https:\/\/bebe.consumer.es\/gl\/wp-json\/wp\/v2\/posts\/7338\/"}],"collection":[{"href":"https:\/\/bebe.consumer.es\/gl\/wp-json\/wp\/v2\/posts\/"}],"about":[{"href":"https:\/\/bebe.consumer.es\/gl\/wp-json\/wp\/v2\/types\/post\/"}],"author":[{"embeddable":true,"href":"https:\/\/bebe.consumer.es\/gl\/wp-json\/wp\/v2\/users\/2\/"}],"replies":[{"embeddable":true,"href":"https:\/\/bebe.consumer.es\/gl\/wp-json\/wp\/v2\/comments\/?post=7338"}],"version-history":[{"count":3,"href":"https:\/\/bebe.consumer.es\/gl\/wp-json\/wp\/v2\/posts\/7338\/revisions\/"}],"predecessor-version":[{"id":8376,"href":"https:\/\/bebe.consumer.es\/gl\/wp-json\/wp\/v2\/posts\/7338\/revisions\/8376\/"}],"wp:featuredmedia":[{"embeddable":true,"href":"https:\/\/bebe.consumer.es\/gl\/wp-json\/wp\/v2\/media\/8368\/"}],"wp:attachment":[{"href":"https:\/\/bebe.consumer.es\/gl\/wp-json\/wp\/v2\/media\/?parent=7338"}],"wp:term":[{"taxonomy":"category","embeddable":true,"href":"https:\/\/bebe.consumer.es\/gl\/wp-json\/wp\/v2\/categories\/?post=7338"},{"taxonomy":"post_tag","embeddable":true,"href":"https:\/\/bebe.consumer.es\/gl\/wp-json\/wp\/v2\/tags\/?post=7338"}],"curies":[{"name":"wp","href":"https:\/\/api.w.org\/{rel}","templated":true}]}}