{"id":7476,"date":"2021-09-04T12:03:22","date_gmt":"2021-09-04T12:03:22","guid":{"rendered":"https:\/\/bebe.consumer.es\/?p=7476"},"modified":"2022-09-03T14:04:11","modified_gmt":"2022-09-03T14:04:11","slug":"desenvolvemento-psicomotor-e-emocional-o-bebe-entre-9-e-12-meses","status":"publish","type":"post","link":"https:\/\/bebe.consumer.es\/gl\/desenvolvemento-psicomotor-e-emocional\/desenvolvemento-psicomotor-e-emocional-o-bebe-entre-9-e-12-meses\/","title":{"rendered":"Desenvolvemento psicomotor e emocional: o beb\u00e9 entre 9 e 12 meses"},"content":{"rendered":"<span class=\"span-reading-time rt-reading-time\" style=\"display: block;\"><span class=\"rt-label rt-prefix\"><\/span> <span class=\"rt-time\"> 3<\/span> <span class=\"rt-label rt-postfix\">min.<\/span><\/span>\n<p>O ritmo co que vai adquirindo habilidades o voso beb\u00e9 sorprenderavos. Hai apenas uns meses, o seu d\u00eda a d\u00eda base\u00e1base en durmir e comer, e agora non para quieto. A exploraci\u00f3n conv\u00e9rtese no seu xogo favorito, e isto forma parte dun desenvolvemento saudable.<\/p>\n\n\n\n<h2 class=\"wp-block-heading\"><strong>As s\u00faas caracter\u00edsticas principais <\/strong><\/h2>\n\n\n\n<p>No beb\u00e9 de 9 a 12 meses os <strong>fitos m\u00e1is importantes do desenvolvemento<\/strong> van estar en relaci\u00f3n co inicio da <strong><a href=\"https:\/\/bebe.consumer.es\/desarrollo-psicomotor-y-emocional\/bebe-6-a-9-meses\/\" target=\"_blank\" rel=\"noreferrer noopener\">deambulaci\u00f3n<\/a><\/strong><strong> e o desenvolvemento da linguaxe.<\/strong> <\/p>\n\n\n\n<p>Neste per\u00edodo o beb\u00e9 vai ser capaz de <strong>porse de p\u00e9 e cami\u00f1ar con apoio<\/strong> ou axuda, o paso previo \u00e1 <a href=\"https:\/\/bebe.consumer.es\/desarrollo-psicomotor-y-emocional\/bebe-12-a-18-meses\/\" target=\"_blank\" rel=\"noreferrer noopener\">deambulaci\u00f3n aut\u00f3noma. <\/a>Claramente ten capacidade para desprazarse dalg\u00fan modo de forma independente. <\/p>\n\n\n\n<p>A <strong>manipulaci\u00f3n coas s\u00faas mans ser\u00e1 cada vez m\u00e1is sofisticada<\/strong>. O movemento de pinza ser\u00e1 m\u00e1is fino e poder\u00e1 sacar obxectos dun recipiente. Tam\u00e9n ser\u00e1 capaz de introducilos dentro. <\/p>\n\n\n\n<h2 class=\"wp-block-heading\"><strong>A comunicaci\u00f3n e a linguaxe entre os 9 e os 12 meses de idade<\/strong><\/h2>\n\n\n\n<p><strong><a href=\"https:\/\/enfamilia.aeped.es\/edades-etapas\/bebe-8-12-meses\" target=\"_blank\" rel=\"noreferrer noopener nofollow\">Entre os 9 e 12 meses, a linguaxe ga\u00f1ar\u00e1 protagonismo<\/a><\/strong>. O beb\u00e9 ser\u00e1 capaz de saudar, sinalar co dedo e entender aos poucos o que lle digades, como alg\u00fans termos como o \u201cnon\u201d ou indicaci\u00f3ns simples como \u201cven\u201d, \u201cmira\u201d ou \u201ctoma\u201d. Tam\u00e9n reco\u00f1ecer\u00e1 o seu nome e usar\u00e1 exclamaci\u00f3ns de sorpresa (\u201coh!\u2019\u2019). <strong>Imitar\u00e1 sons e xestos<\/strong>,<strong> expresar\u00e1 familiaridad <\/strong>e alg\u00fans empezar\u00e1n a dicir \u201cmam\u00e1\u2019\u2019 ou \u201cpap\u00e1\u2019\u2019, \u00e1s veces, sen un sentido claro.<strong> <\/strong><\/p>\n\n\n\n<h2 class=\"wp-block-heading\"><strong>Que esperar dun beb\u00e9 ao cumprir o seu primeiro ano<\/strong><\/h2>\n\n\n\n<p>O beb\u00e9 a esta idade <strong>empezar\u00e1 a colaborar para vestirse<\/strong> e mostrarase disconforme cando non quere facelo, de forma que \u00e1s veces vos resultar\u00e1 complicado o <a href=\"https:\/\/bebe.consumer.es\/cuidados-generales-y-prevencion\/ropa\/\" target=\"_blank\" rel=\"noreferrer noopener\">cambio de roupa<\/a> ou de <a href=\"https:\/\/bebe.consumer.es\/cuidados-generales-y-prevencion\/adios-panal\/\" target=\"_blank\" rel=\"noreferrer noopener\">cueiro<\/a> e <a href=\"https:\/\/bebe.consumer.es\/cuidados-generales-y-prevencion\/higiene-bucal-ninos\/\" target=\"_blank\" rel=\"noreferrer noopener\" title=\"lavarlle os dentes\">lavarlle os dentes<\/a>. <\/p>\n\n\n\n<p><strong><a href=\"https:\/\/bebe.consumer.es\/crianza\/angustia-por-separacion\/\" target=\"_blank\" rel=\"noreferrer noopener\">A angustia de separaci\u00f3n<\/a> <\/strong><strong>adoita estar presente <\/strong>entre os 9 e os 12 meses de vida do beb\u00e9. Frecuentemente \u00e9 algo transitorio, e ademais resulta positivo para o seu desenvolvemento.<\/p>\n\n\n\n<p>A alimentaci\u00f3n ser\u00e1 cada vez m\u00e1is variada e entender\u00e1 as normas sociais asociadas ao momento para comer. <\/p>\n\n\n\n<h2 class=\"wp-block-heading\"><strong>Xogos e actividades para beb\u00e9s de 12 meses<\/strong><\/h2>\n\n\n\n<p>Dun modo similar ao que ocorre cos beb\u00e9s nas etapas entre o <strong>seis e nove meses<\/strong>, as s\u00faas <strong>mans ser\u00e1n cada vez m\u00e1is h\u00e1biles<\/strong> e ser\u00e1 capaz de facer pinza con m\u00e1is axilidade, polo que poder\u00e1 empregar esta nova aprendizaxe durante o xogo. <strong>Buscar\u00e1 a mirada do adulto<\/strong> nas s\u00faas acci\u00f3ns ou xogos <strong>e a participaci\u00f3n coordinado<\/strong>.<\/p>\n\n\n\n<p>Se alg\u00fan dos seus xestos ou acci\u00f3ns <strong>provoca<\/strong> <strong>risa noutras persoas, divertiralle e repetirao<\/strong> con frecuencia.&nbsp;<\/p>\n\n\n\n<figure class=\"wp-block-image size-full\"><img loading=\"lazy\" decoding=\"async\" width=\"1000\" height=\"666\" src=\"https:\/\/bebe.consumer.es\/wp-content\/uploads\/Mirandoflores.jpg\" alt=\"Desarrollo 9 a 12\" class=\"wp-image-8181\" srcset=\"https:\/\/bebe.consumer.es\/wp-content\/uploads\/Mirandoflores.jpg 1000w, https:\/\/bebe.consumer.es\/wp-content\/uploads\/Mirandoflores-300x200.jpg 300w, https:\/\/bebe.consumer.es\/wp-content\/uploads\/Mirandoflores-768x511.jpg 768w\" sizes=\"auto, (max-width: 1000px) 100vw, 1000px\" \/><\/figure>\n\n\n\n<p><\/p>\n\n\n\n<p>Gustaralle xogar cada vez con m\u00e1is obxectos e ser\u00e1 <strong>capaz de descubrir un obxecto oculto<\/strong>. Tam\u00e9n explorar\u00e1 os xoguetes, sacudiraos, golpear\u00e1 e lanzaraos. <strong>Empezar\u00e1 a entender o uso dalg\u00fans obxectos<\/strong> ou xoguetes en concreto, e utilizaraos de forma axeitada, por exemplo, un vaso para beber, un peite para peitearse ou un lapis para tentar garabatear. <\/p>\n\n\n\n<p>\u00c9 importante que te\u00f1ades en conta que o xogo se trata dunha diversi\u00f3n na que o mesmo beb\u00e9 empezar\u00e1 a introducir as novas habilidades que vaia desenvolvendo progresivamente. Deste xeito, \u00e9 recomendable que lle acompa\u00f1edes en cada etapa, <strong>priorizando o xogo como entretemento<\/strong> antes que con grandes obxectivos de estimulaci\u00f3n. <\/p>\n\n\n\n<p>Na idade <strong>entre os 9 e 12 meses son habituais os xogos ou xoguetes<\/strong> de construci\u00f3n e apilables (sobre todo con diferentes cores e tama\u00f1os), xoguetes musicais (pianos, tambores), xoguetes para a hora do ba\u00f1o, cubos e pas, mesas de actividades, contos con imaxes vistosas, proxectores de luces e cores\u2026 <\/p>\n\n\n\n<h2 class=\"wp-block-heading\"><strong>Signos de alarma ao cumprir os 12 meses<\/strong><\/h2>\n\n\n\n<p>Ao cumprir o primeiro ano de vida, debe <a href=\"https:\/\/enfamilia.aeped.es\/sites\/enfamilia.aeped.es\/files\/guia_practica_padres_aep_1.pdf\" target=\"_blank\" rel=\"noreferrer noopener nofollow\">adquirir unha serie de habilidades<\/a>, m\u00e1is ou menos perfeccionadas. No caso de apreciar alg\u00fans dos seguintes signos no voso beb\u00e9, debedes consultar co pediatra:<\/p>\n\n\n\n<ul class=\"wp-block-list\"><li>Non \u00e9 capaz de <strong>porse de p\u00e9.<\/strong><\/li><li><strong>Ausencia de pinza<\/strong> e manipulaci\u00f3n fina dos obxectos.<\/li><li><strong>Non responde ao seu nome.<\/strong><\/li><li><strong>Non sinala<\/strong> co \u00edndice.<\/li><li><strong>Non mostra interese pola contorna<\/strong> nin pola comunicaci\u00f3n coas persoas.<\/li><li>O xogo \u00e9 repetitivo e pouco variado, explora os obxectos de forma limitada ou simplemente parecen non interesarlle. <\/li><li><strong>Aparici\u00f3n de condutas estereotipadas<\/strong> como abalo, aleteo de mans, repetici\u00f3n dun son ou un movemento.<\/li><li><strong>Non repite sons <\/strong>que ouve nin balbucea.<\/li><li><strong>Non entende<\/strong> indicaci\u00f3ns sinxelas.<\/li><li><strong>Non responde<\/strong> o non \u201c\u201d nin aos sa\u00fados.<\/li><li><strong>Conduta afectiva pobre<\/strong> sen expresar alegr\u00eda nin desgusto, ou responde de forma inapropiada. <\/li><\/ul>\n","protected":false},"excerpt":{"rendered":"<p><span class=\"span-reading-time rt-reading-time\" style=\"display: block;\"><span class=\"rt-label rt-prefix\"><\/span> <span class=\"rt-time\"> 3<\/span> <span class=\"rt-label rt-postfix\">min.<\/span><\/span><\/p>\n","protected":false},"author":2,"featured_media":8176,"comment_status":"closed","ping_status":"closed","sticky":false,"template":"","format":"standard","meta":{"footnotes":""},"categories":[251],"tags":[268,291],"class_list":["post-7476","post","type-post","status-publish","format-standard","has-post-thumbnail","hentry","category-desenvolvemento-psicomotor-e-emocional","tag-9-12-meses-gl","tag-desenvolvemento-infantil","infinite-scroll-item","generate-columns","tablet-grid-50","mobile-grid-100","grid-parent","grid-33"],"acf":[],"aioseo_notices":[],"_links":{"self":[{"href":"https:\/\/bebe.consumer.es\/gl\/wp-json\/wp\/v2\/posts\/7476\/"}],"collection":[{"href":"https:\/\/bebe.consumer.es\/gl\/wp-json\/wp\/v2\/posts\/"}],"about":[{"href":"https:\/\/bebe.consumer.es\/gl\/wp-json\/wp\/v2\/types\/post\/"}],"author":[{"embeddable":true,"href":"https:\/\/bebe.consumer.es\/gl\/wp-json\/wp\/v2\/users\/2\/"}],"replies":[{"embeddable":true,"href":"https:\/\/bebe.consumer.es\/gl\/wp-json\/wp\/v2\/comments\/?post=7476"}],"version-history":[{"count":3,"href":"https:\/\/bebe.consumer.es\/gl\/wp-json\/wp\/v2\/posts\/7476\/revisions\/"}],"predecessor-version":[{"id":8986,"href":"https:\/\/bebe.consumer.es\/gl\/wp-json\/wp\/v2\/posts\/7476\/revisions\/8986\/"}],"wp:featuredmedia":[{"embeddable":true,"href":"https:\/\/bebe.consumer.es\/gl\/wp-json\/wp\/v2\/media\/8176\/"}],"wp:attachment":[{"href":"https:\/\/bebe.consumer.es\/gl\/wp-json\/wp\/v2\/media\/?parent=7476"}],"wp:term":[{"taxonomy":"category","embeddable":true,"href":"https:\/\/bebe.consumer.es\/gl\/wp-json\/wp\/v2\/categories\/?post=7476"},{"taxonomy":"post_tag","embeddable":true,"href":"https:\/\/bebe.consumer.es\/gl\/wp-json\/wp\/v2\/tags\/?post=7476"}],"curies":[{"name":"wp","href":"https:\/\/api.w.org\/{rel}","templated":true}]}}