{"id":7482,"date":"2021-09-03T12:13:43","date_gmt":"2021-09-03T12:13:43","guid":{"rendered":"https:\/\/bebe.consumer.es\/?p=7482"},"modified":"2022-06-16T07:05:46","modified_gmt":"2022-06-16T07:05:46","slug":"desenvolvemento-psicomotor-e-emocional-o-bebe-entre-12-e-18-meses","status":"publish","type":"post","link":"https:\/\/bebe.consumer.es\/gl\/desenvolvemento-psicomotor-e-emocional\/desenvolvemento-psicomotor-e-emocional-o-bebe-entre-12-e-18-meses\/","title":{"rendered":"Desenvolvemento psicomotor e emocional: o beb\u00e9 entre 12 e 18 meses"},"content":{"rendered":"<span class=\"span-reading-time rt-reading-time\" style=\"display: block;\"><span class=\"rt-label rt-prefix\"><\/span> <span class=\"rt-time\"> 3<\/span> <span class=\"rt-label rt-postfix\">min.<\/span><\/span>\n<p>A partir do primeiro ano descubriredes novas habilidades no voso beb\u00e9. A marcha e o inicio da linguaxe son d\u00faas das destrezas que m\u00e1is vos chamar\u00e1n a atenci\u00f3n. Aos poucos a s\u00faa personalidade irase facendo m\u00e1is evidente, a\u00ednda que a\u00ednda ten moito que desenvolver.<\/p>\n\n\n\n<h2 class=\"wp-block-heading\"><strong>As s\u00faas caracter\u00edsticas principais <\/strong><\/h2>\n\n\n\n<p><strong>No per\u00edodo que vai dos 12 aos 18 meses<\/strong> do beb\u00e9, producirase unha <strong>explosi\u00f3n<\/strong> das <strong>capacidades motoras e comunicativas. <\/strong>Porase de p\u00e9, empezar\u00e1 a cami\u00f1ar e comezar\u00e1 a entender o funcionamento de moitas das s\u00faas actividades diarias e dunha linguaxe b\u00e1sica. Isto permitiralle sentirse poderoso e conseguir <strong>cada d\u00eda novos aprendizaxes. <\/strong><\/p>\n\n\n\n<h2 class=\"wp-block-heading\"><strong>A actividade dun neno dun ano <\/strong><\/h2>\n\n\n\n<p>Neste per\u00edodo, si non o conseguiu <a href=\"https:\/\/bebe.consumer.es\/desarrollo-psicomotor-y-emocional\/bebe-9-a-12-meses\/\" target=\"_blank\" rel=\"noreferrer noopener\">antes<\/a>, o beb\u00e9 <strong>empezar\u00e1 a deambular de forma aut\u00f3noma.<\/strong> Consid\u00e9rase que ser\u00e1 capaz de<strong> cami\u00f1ar s\u00f3<\/strong> <strong>cando poida dar m\u00e1is de 5 pasos sen axuda nin apoio<\/strong>. A marcha ser\u00e1 m\u00e1is inestable ao comezo, para ir consolid\u00e1ndose progresivamente. <strong>Nos primeiros meses<\/strong>, ser\u00e1 habitual que <strong>aumente a s\u00faa base de sustentaci\u00f3n<\/strong> e cami\u00f1e coas pernas m\u00e1is abertas, dando esa caracter\u00edstica imaxe do beb\u00e9. <strong>Conforme vaia asentando esa adquisici\u00f3n<\/strong>, <strong>a marcha volverase m\u00e1is complexa<\/strong> e ser\u00e1 capaz de cami\u00f1ar levando un obxecto na man ou arrastr\u00e1ndoo, de subir e baixar escaleiras ou ramplas, e de cambiar de posici\u00f3n: cami\u00f1ar, parar, agacharse e volta a empezar. <\/p>\n\n\n\n<p>En canto \u00e1 <strong>manipulaci\u00f3n coas s\u00faas mans<\/strong>, ser\u00e1 <strong>capaz de pasar p\u00e1xinas <\/strong>dun libro e apilar torres de 3 elementos e <strong>encaixar pezas<\/strong>. Tam\u00e9n ser\u00e1 capaz de <strong>accionar mecanismos, <\/strong>como, por exemplo, acender e apagar a luz. En resumo, ir\u00e1 sabendo para que se utilizan multitude de obxectos. <\/p>\n\n\n\n<h2 class=\"wp-block-heading\"><strong>Comunicaci\u00f3n e linguaxe<\/strong><\/h2>\n\n\n\n<p>Desde o punto de vista da linguaxe, \u00e9 unha fase na que os pais<strong> <a href=\"https:\/\/enfamilia.aeped.es\/edades-etapas\/lenguaje-en-nino\" target=\"_blank\" rel=\"noreferrer noopener nofollow\">teredes a sensaci\u00f3n de que o beb\u00e9 o entende todo<\/a><\/strong>. Tam\u00e9n empezar\u00e1 a manifestar caracter\u00edsticas do seu temperamento ou mesmo algunha <a href=\"https:\/\/bebe.consumer.es\/crianza\/rabietas\/\" target=\"_blank\" rel=\"noreferrer noopener\">rabieta<\/a>. A linguaxe vai en aumento. Cando alcanza os 18 meses de vida, <strong>comprender\u00e1 ao redor dunhas 150 palabras e ser\u00e1 capaz de utilizar unhas 20. <\/strong>Reco\u00f1ecer\u00e1 as partes do corpo e encantaralle imitar xestos e palabras. <\/p>\n\n\n\n<p>As relaci\u00f3ns sociais ser\u00e1n importantes e poder\u00e1 persistir a <a href=\"https:\/\/bebe.consumer.es\/crianza\/angustia-por-separacion\/\" target=\"_blank\" rel=\"noreferrer noopener\">angustia de separaci\u00f3n<\/a>. Buscar\u00e1 a presenza do adulto nas s\u00faas actividades e empezar\u00e1 a interesarse polos seus iguais. <\/p>\n\n\n\n<h2 class=\"wp-block-heading\"><strong>Desenvolvemento do beb\u00e9 de 12 a 18 meses, como estimulalo?<\/strong><\/h2>\n\n\n\n<p>A sensaci\u00f3n que teredes as familias \u00e9 que non para quieto nin un momento. E as\u00ed debe ser: polo xeral, <strong>non fixar\u00e1 a atenci\u00f3n de forma prolongada en ning\u00fan xoguete nin actividade <\/strong>e a intensidade exploratoria pode ser esgotadora para v\u00f3s, como coidadores. <\/p>\n\n\n\n<p>\u00c9 unha \u00e9poca na que <strong>non lle poderedes descoidar nin un minuto, <\/strong>porque os beb\u00e9s de 12 a 18 meses son r\u00e1pidos e h\u00e1biles e, con todo, non te\u00f1en capacidade cognitiva para reco\u00f1ecer os perigos, de forma que<strong> o risco de accidentes, <\/strong>como <a href=\"https:\/\/bebe.consumer.es\/primeros-auxilios\/cortes-y-rasgunos\/\" target=\"_blank\" rel=\"noreferrer noopener\">cortes<\/a> ou <a href=\"https:\/\/bebe.consumer.es\/primeros-auxilios\/traumatismo\/\" target=\"_blank\" rel=\"noreferrer noopener\">traumatismos<\/a>,<strong> increm\u00e9ntase.&nbsp;<\/strong><\/p>\n\n\n\n<figure class=\"wp-block-image size-full\"><img loading=\"lazy\" decoding=\"async\" width=\"1000\" height=\"725\" src=\"https:\/\/bebe.consumer.es\/wp-content\/uploads\/Jugandonieve.jpg\" alt=\"Desarrollo 12 meses\" class=\"wp-image-8160\" srcset=\"https:\/\/bebe.consumer.es\/wp-content\/uploads\/Jugandonieve.jpg 1000w, https:\/\/bebe.consumer.es\/wp-content\/uploads\/Jugandonieve-300x218.jpg 300w, https:\/\/bebe.consumer.es\/wp-content\/uploads\/Jugandonieve-768x557.jpg 768w\" sizes=\"auto, (max-width: 1000px) 100vw, 1000px\" \/><\/figure>\n\n\n\n<p><\/p>\n\n\n\n<p>Durante esta \u00e9poca na que o beb\u00e9 empeza a comunicarse mellor con xestos e palabras e ser\u00e1 m\u00e1is aut\u00f3nomo en canto a movemento, cada vez xogar\u00e1 s\u00f3 m\u00e1is tempo, a\u00ednda que prefira facelo na vosa compa\u00f1\u00eda. Como pais ou coidadores, <strong>pensade no xogo como diversi\u00f3n<\/strong>, non \u00e9 recomendable expolo con grandes obxectivos de estimulaci\u00f3n. <\/p>\n\n\n\n<p><strong>As actividades f\u00edsicas dentro e f\u00f3ra de casa ser\u00e1n as que m\u00e1is chamen a s\u00faa atenci\u00f3n<\/strong>, respondendo as\u00ed a esa necesidade de desprazamento. Gustaralle a m\u00fasica, dar palmadas, reproducir sons ou palabras, encaixar figuras e <strong>comezar\u00e1 a introducirse no mundo da imaxinaci\u00f3n. <\/strong><\/p>\n\n\n\n<p>Tam\u00e9n empezar\u00e1 a entender <strong>como se relacionan as cousas entre s<\/strong>\u00ed. <a href=\"https:\/\/enfamilia.aeped.es\/vida-sana\/juego-juguetes\" target=\"_blank\" rel=\"noreferrer noopener nofollow\">Os xoguetes para beb\u00e9s de 12 a 18 meses <\/a>principalmente consistir\u00e1n en: formar figuras con bloques de pl\u00e1stico ou madeira para apilar, xoguetes para ensamblar e desensamblar, botes con tapas, caixas de xogo funcionais, \u00e1lbums de fotos familiares, correpasillos, centros de actividades semi-complexas ou lapis, pinturas, pinceis\u2026 <\/p>\n\n\n\n<h2 class=\"wp-block-heading\"><strong>Signos de alerta nos beb\u00e9s de 18 meses<\/strong><\/h2>\n\n\n\n<p>Ao cumprir os 18 meses deben cami\u00f1ar de maneira independente, a\u00ednda que se cambaleen. Ademais, tenden a sinalar todo e xa empezan a relacionalo con palabras. Si tedes a sensaci\u00f3n de que <a href=\"https:\/\/enfamilia.aeped.es\/sites\/enfamilia.aeped.es\/files\/guia_practica_padres_aep_1.pdf\" target=\"_blank\" rel=\"noreferrer noopener nofollow\">algo no seu desenvolvemento non \u00e9 correcto<\/a>, non dubidedes en consultar co ou a pediatra. Alg\u00fans dos signos que vos poden chamar a atenci\u00f3n son:<\/p>\n\n\n\n<ul class=\"wp-block-list\"><li><strong>Non cami\u00f1a s\u00f3.<\/strong><\/li><li><strong>Non sinala<\/strong> partes do seu corpo nin obxectos.<\/li><li>Non di <strong>ningunha palabra con significado.<\/strong><\/li><li><strong>Non imita.<\/strong><\/li><li><strong>Non mostra interese<\/strong> por outros nenos.<\/li><li><strong>Non sobe chanzos<\/strong> gateando. <\/li><li><strong>Manipulaci\u00f3n torpe <\/strong>e estereotipada. <\/li><li><strong>Ausencia de iniciativa<\/strong> para explorar, tocar, chegar aos sitios. <\/li><li><strong>Non nomea obxectos<\/strong>.<\/li><li><strong>Non se reco\u00f1ece<\/strong> no espello.<\/li><li><strong>Non comprende indicaci\u00f3ns<\/strong> sinxelas.<\/li><\/ul>\n","protected":false},"excerpt":{"rendered":"<p><span class=\"span-reading-time rt-reading-time\" style=\"display: block;\"><span class=\"rt-label rt-prefix\"><\/span> <span class=\"rt-time\"> 3<\/span> <span class=\"rt-label rt-postfix\">min.<\/span><\/span><\/p>\n","protected":false},"author":2,"featured_media":8155,"comment_status":"closed","ping_status":"closed","sticky":false,"template":"","format":"standard","meta":{"footnotes":""},"categories":[251],"tags":[262,291],"class_list":["post-7482","post","type-post","status-publish","format-standard","has-post-thumbnail","hentry","category-desenvolvemento-psicomotor-e-emocional","tag-12-18-meses-gl","tag-desenvolvemento-infantil","infinite-scroll-item","generate-columns","tablet-grid-50","mobile-grid-100","grid-parent","grid-33"],"acf":[],"aioseo_notices":[],"_links":{"self":[{"href":"https:\/\/bebe.consumer.es\/gl\/wp-json\/wp\/v2\/posts\/7482\/"}],"collection":[{"href":"https:\/\/bebe.consumer.es\/gl\/wp-json\/wp\/v2\/posts\/"}],"about":[{"href":"https:\/\/bebe.consumer.es\/gl\/wp-json\/wp\/v2\/types\/post\/"}],"author":[{"embeddable":true,"href":"https:\/\/bebe.consumer.es\/gl\/wp-json\/wp\/v2\/users\/2\/"}],"replies":[{"embeddable":true,"href":"https:\/\/bebe.consumer.es\/gl\/wp-json\/wp\/v2\/comments\/?post=7482"}],"version-history":[{"count":2,"href":"https:\/\/bebe.consumer.es\/gl\/wp-json\/wp\/v2\/posts\/7482\/revisions\/"}],"predecessor-version":[{"id":8164,"href":"https:\/\/bebe.consumer.es\/gl\/wp-json\/wp\/v2\/posts\/7482\/revisions\/8164\/"}],"wp:featuredmedia":[{"embeddable":true,"href":"https:\/\/bebe.consumer.es\/gl\/wp-json\/wp\/v2\/media\/8155\/"}],"wp:attachment":[{"href":"https:\/\/bebe.consumer.es\/gl\/wp-json\/wp\/v2\/media\/?parent=7482"}],"wp:term":[{"taxonomy":"category","embeddable":true,"href":"https:\/\/bebe.consumer.es\/gl\/wp-json\/wp\/v2\/categories\/?post=7482"},{"taxonomy":"post_tag","embeddable":true,"href":"https:\/\/bebe.consumer.es\/gl\/wp-json\/wp\/v2\/tags\/?post=7482"}],"curies":[{"name":"wp","href":"https:\/\/api.w.org\/{rel}","templated":true}]}}