{"id":7494,"date":"2021-09-01T12:25:29","date_gmt":"2021-09-01T12:25:29","guid":{"rendered":"https:\/\/bebe.consumer.es\/?p=7494"},"modified":"2022-09-03T14:08:28","modified_gmt":"2022-09-03T14:08:28","slug":"desenvolvemento-psicomotor-e-emocional-o-bebe-entre-24-e-36-meses","status":"publish","type":"post","link":"https:\/\/bebe.consumer.es\/gl\/desenvolvemento-psicomotor-e-emocional\/desenvolvemento-psicomotor-e-emocional-o-bebe-entre-24-e-36-meses\/","title":{"rendered":"Desenvolvemento psicomotor e emocional: o beb\u00e9 entre 24 e 36 meses"},"content":{"rendered":"<span class=\"span-reading-time rt-reading-time\" style=\"display: block;\"><span class=\"rt-label rt-prefix\"><\/span> <span class=\"rt-time\"> 4<\/span> <span class=\"rt-label rt-postfix\">min.<\/span><\/span>\n<p>Na etapa que vai dos dous ao tres anos, o beb\u00e9 definitivamente deixa de selo para <strong>converterse nun neno ou unha nena pequenos. <\/strong><\/p>\n\n\n\n<p>Nestes 12 meses, veredes como o beb\u00e9 ser\u00e1 capaz de <strong>correr con axilidade<\/strong>, <strong>saltar<\/strong> cos p\u00e9s xuntos, <strong>baixar e subir escaleira<\/strong>s alternando os p\u00e9s, <strong>pedalear<\/strong> nun triciclo, <strong>enroscar e desenroscar<\/strong> tapas, <strong>utilizar os cubertos<\/strong>, c<strong>oger o lapis <\/strong>e <strong>copiar un c\u00edrculo e unha cruz,<\/strong> <strong>dicir o seu nome<\/strong>, <strong>contar at\u00e9 10<\/strong>, <strong>co\u00f1ecer as cores<\/strong>, <strong>constru\u00edr frases <\/strong>de tres palabras e empezar a concentrarse <strong><\/strong> nalgunha actividade polo menos trinta minutos. <\/p>\n\n\n\n<p>Separarase <strong> dos seus pais con menos dificultade<\/strong>, empezar\u00e1 a distinguir <strong>a realidade<\/strong> da fantas\u00eda, a comprender <strong><a href=\"https:\/\/bebe.consumer.es\/crianza\/establecer-limites\/\" target=\"_blank\" rel=\"noreferrer noopener\">as consecuencias<\/a><\/strong> das s\u00faas acci\u00f3ns e a compararse con outros nenos e nenas da s\u00faa idade. <\/p>\n\n\n\n<h2 class=\"wp-block-heading\"><strong>Fanse maiores, como quitarlle o cueiro e o biber\u00f3n?<\/strong><\/h2>\n\n\n\n<p>Nestes meses diredes adeus \u00e1 etapa beb\u00e9, porque a maduraci\u00f3n lle permite prescindir dalg\u00fans elementos que durante os meses anteriores foron necesarios, por exemplo <a href=\"https:\/\/bebe.consumer.es\/cuidados-generales-y-prevencion\/adios-panal\/\" target=\"_blank\" rel=\"noreferrer noopener\">o cueiro <\/a>e as tetinas. <\/p>\n\n\n\n<h2 class=\"wp-block-heading\"><strong>O cueiro<\/strong><\/h2>\n\n\n\n<p><strong>O control de esf\u00ednteres di\u00farno <\/strong>adoita producirse <strong>entre os 2 e os 3 anos,<\/strong> a unha idade variable en funci\u00f3n de cada neno. Existen diferentes t\u00e9cnicas para levar a cabo esta retirada, pero o m\u00e1is importante \u00e9 esperar a que estea preparado para o momento. Tanto o seu desenvolvemento motor como o cognitivo debe mostrar interese e estar prevido a deixar o cueiro.<\/p>\n\n\n\n<p><strong>Nalg\u00fans beb\u00e9s<\/strong>, <strong>a retirada do cueiro nocturno<\/strong> poderase facer practicamente \u00e1 <strong>mesma vez <\/strong>que o cueiro <strong>di\u00farno<\/strong>. Con todo, nunha porcentaxe importante, a maduraci\u00f3n nocturna producirase m\u00e1is tarde (\u00e1s veces, anos despois). <\/p>\n\n\n\n<h2 class=\"wp-block-heading\"><strong>As tetinas: chupete e biber\u00f3n<\/strong><\/h2>\n\n\n\n<p>Se non o fixestes at\u00e9 o momento, <strong>aos 2 anos \u00e9 necesario retirar tetinas<\/strong> como o <a href=\"https:\/\/bebe.consumer.es\/cuidados-generales-y-prevencion\/chupete\/\" target=\"_blank\" rel=\"noreferrer noopener\">chupete<\/a> ou o <a href=\"https:\/\/bebe.consumer.es\/alimentacion\/preparacion-biberones\/\" target=\"_blank\" rel=\"noreferrer noopener\">biber\u00f3n<\/a>. Manter as tetinas as\u00f3ciase a deformidade das estruturas da boca e da mordida, e pode acabar tendo consecuencias nas funci\u00f3ns orais, a est\u00e9tica bucal e na linguaxe.<\/p>\n\n\n\n<p>A diferenza do control de esf\u00ednteres, no que \u00e9 imprescindible a maduraci\u00f3n do neno, co chupete non notaredes ese momento. De feito, \u00e9 moi habitual que nestas idades sexa m\u00e1is complicado que deixen por si mesmos de usalo. Fal\u00e1deo co neno ou nena, planificade unha data e <strong>buscade un ritual ou unha forma de facelo que lle poida motivar<\/strong>. Adoita ser menos duro do que a priori parece: os beb\u00e9s a esta idade poden ter moito car\u00e1cter, pero tam\u00e9n ser moi xenerosos nas s\u00faas concesi\u00f3ns. <\/p>\n\n\n\n<h2 class=\"wp-block-heading\"><strong>Como destetar a un neno de dous anos<\/strong><\/h2>\n\n\n\n<p>As recomendaci\u00f3ns sobre a sa\u00fade infantil indican que os nenos deber\u00edan ser aleitados polo menos at\u00e9 os dous anos de idade. Isto non significa que sexa a <a href=\"https:\/\/bebe.consumer.es\/alimentacion\/el-destete-todo-lo-que-debeis-saber\/\" target=\"_blank\" rel=\"noreferrer noopener\" title=\"idade do destete\">idade do destete<\/a>, xa que biol\u00f3gicamente \u00e9 normal que suceda moito m\u00e1is tarde. Pero moitas nais deciden que chegou o momento de quitarlle o peito.<\/p>\n\n\n\n<p>\u00c9 probable que, si non \u00e9 decisi\u00f3n do neno ou da nena, c\u00fastelle aceptalo. Pero se o facedes de maneira progresiva e substitu\u00edndo os momentos de contacto e v\u00ednculo que vos proporcionaba a lactaci\u00f3n materna por intres de xogos e abrazos, aos poucos lograredes deixar esa etapa atr\u00e1s. <\/p>\n\n\n\n<h2 class=\"wp-block-heading\"><strong>Que fai un neno de dous anos<\/strong><\/h2>\n\n\n\n<p>Como a s\u00faa <strong>autonom\u00eda e o seu desenvolvemento<\/strong> <strong>motor <\/strong>son cada vez m\u00e1is <strong>importantes<\/strong>, \u00e9 posible que empecedes a deixar <a href=\"https:\/\/bebe.consumer.es\/cuidados-generales-y-prevencion\/paseo-y-salidas\/\" target=\"_blank\" rel=\"noreferrer noopener\">o cochecito<\/a> en casa. Pero a\u00ednda poden seguir cans\u00e1ndose en traxectos m\u00e1is longos, e reclamen os brazos para continuar. A esta idade \u00e9 de gran utilidade un portabeb\u00e9 de f\u00e1cil uso, as\u00ed non levades o carri\u00f1o bux\u00e1n e tedes unha gran axuda para os momentos no que non queiran seguir cami\u00f1ando. <\/p>\n\n\n\n<figure class=\"wp-block-image size-full\"><img loading=\"lazy\" decoding=\"async\" width=\"1000\" height=\"673\" src=\"https:\/\/bebe.consumer.es\/wp-content\/uploads\/Bebe-leyendo.jpg\" alt=\"Desarrollo 24 meses\" class=\"wp-image-8147\" srcset=\"https:\/\/bebe.consumer.es\/wp-content\/uploads\/Bebe-leyendo.jpg 1000w, https:\/\/bebe.consumer.es\/wp-content\/uploads\/Bebe-leyendo-300x202.jpg 300w, https:\/\/bebe.consumer.es\/wp-content\/uploads\/Bebe-leyendo-768x517.jpg 768w\" sizes=\"auto, (max-width: 1000px) 100vw, 1000px\" \/><\/figure>\n\n\n\n<p><\/p>\n\n\n\n<p><a href=\"https:\/\/enfamilia.aeped.es\/edades-etapas\/lenguaje-en-nino\" target=\"_blank\" rel=\"noreferrer noopener nofollow\">A comunicaci\u00f3n<\/a> dos nenos de dous a tres anos debe ser cada vez m\u00e1is clara. Ao tres anos, os pais e as nais deberiades entender a maior\u00eda das frases que realiza o voso fillo. A\u00ednda que segue sendo normal si ao resto de persoas, que non est\u00e1n afeitas falar co neno diariamente, a\u00ednda lles resulten inintelixibles algunhas palabras. Pero, con m\u00e1is ou menos claridade ao expresarse, si tedes un neno de dous anos que non fala, e por suposto si ach\u00e9gase ao tres anos e segue igual, debedes consultar co pediatra. <\/p>\n\n\n\n<h2 class=\"wp-block-heading\"><strong>Os nenos de dous anos, unha idade dif\u00edcil?<\/strong><\/h2>\n\n\n\n<p>No cami\u00f1o ao autoconocimiento e a autoafirmaci\u00f3n, \u00e9 moi frecuente que se dean as<strong> <\/strong><a href=\"https:\/\/bebe.consumer.es\/crianza\/rabietas\/\" target=\"_blank\" rel=\"noreferrer noopener\"><strong>rabietas<\/strong><\/a><strong> e as rabechas.<\/strong> Adoitan ser parte dun <strong>momento evolutivo<\/strong> e, na maior\u00eda dos casos, <strong>melloran coa idade<\/strong>. <\/p>\n\n\n\n<p>Moitas veces saberedes que situaci\u00f3ns poden desencadear unha rabieta, e nestes casos o mellor consello \u00e9 <strong>tentar previlas.<\/strong> Por exemplo, si pasades por un parque no que seguro que vai querer entrar, podedes tentar ir por outro cami\u00f1o pr\u00f3ximo e non pasar xusto por a\u00ed. Si xa se desencadeou a rabieta, tentade non perder os nervios e <strong>non tomalo como algo persoal<\/strong>. Tras a tormenta, o voso fillo iravos a buscar e necesitar\u00e1 o voso afecto. Noutro momento, poderedes falar do ocorrido para tentar p\u00f3r palabras aos sentimentos que tivo. <\/p>\n\n\n\n<p>En ocasi\u00f3ns poderavos parecer que est\u00e1 a p\u00f3r a proba os vosos l\u00edmites, pero o certo \u00e9 que \u00e9 algo habitual nesta idade. Lembrade que para corrixir a un neno de dous anos, ademais de non gritar nin perder o control, debedes facelo de forma positiva, con flexibilidade, evitando as tentaci\u00f3ns (prevenci\u00f3n) e permit\u00edndolle levar o control de pequenas cousas.<\/p>\n\n\n\n<h2 class=\"wp-block-heading\"><strong>Outros cambios caracter\u00edsticos durante esta etapa<\/strong><\/h2>\n\n\n\n<p>Dos 2 aos 3 anos adoita haber moitos cambios na vida dos nenos. Moitos se incorporan <strong>\u00e1 escola infantil<\/strong> nesta idade e outros, por exemplo, ver\u00e1n como <a href=\"https:\/\/bebe.consumer.es\/crianza\/celos-nuevo-hermano\/\" target=\"_blank\" rel=\"noreferrer noopener\"><strong>chega un novo irm\u00e1n ou irm\u00e1<\/strong>.<\/a> <\/p>\n\n\n\n<p>Os cambios <strong>necesitan da vosa paciencia e comprensi\u00f3n<\/strong>, que vos adaptedes \u00e1 s\u00faa capacidade cognitiva e te\u00f1ades en conta que, a\u00ednda que os nenos e nenas sexan cada vez m\u00e1is aut\u00f3nomos, seguen sendo <strong>dependentes e vulnerables. <\/strong><\/p>\n\n\n\n<h2 class=\"wp-block-heading\"><strong>Como estimular a un neno de dous anos<\/strong><\/h2>\n\n\n\n<p>Na etapa dos dous ao tres anos, os nenos empezar\u00e1n a querer <strong>ter compa\u00f1eiros de xogos<\/strong> e iniciaranse os <strong>xogos colectivos<\/strong>, sobre todo si incorpor\u00e1ronse \u00e1 escola infantil ou os levades de paseo ou ao parque. A\u00ednda as\u00ed, durante esta etapa, a cooperaci\u00f3n cos seus iguais ser\u00e1 a\u00ednda dif\u00edcil. Tam\u00e9n empezar\u00e1n a dedicar<strong> tempo \u00e1 imaxinaci\u00f3n<\/strong>.<\/p>\n\n\n\n<p>Ser\u00e1n <strong>h\u00e1biles coas mans<\/strong> e interesaralles a <strong><a href=\"https:\/\/enfamilia.aeped.es\/vida-sana\/juego-juguetes\" target=\"_blank\" rel=\"noreferrer noopener nofollow\">mobilidade<\/a><\/strong>, tam\u00e9n os xogos que impliquen a <strong>actividade art\u00edstica<\/strong> e a representaci\u00f3n ou <strong>imitaci\u00f3n<\/strong> de situaci\u00f3ns coti\u00e1s, algo que poderedes comprobar facilmente, xa que a esta idade seguiranvos a todas partes e imitar\u00e1n todo o que facedes. Por tanto, p\u00f3denlles entreter xoguetes de imitaci\u00f3n simb\u00f3lica (coci\u00f1as, granxas, veh\u00edculos&#8230;), xoguetes que representen oficios, bonecos con accesorios, casi\u00f1as con habit\u00e1culos, disfraces, puzzles, encajables, contos, plastilina, pat\u00edns, bicicletas\u2026 <\/p>\n\n\n\n<p>Pese ao notable crecemento e maduraci\u00f3n do beb\u00e9, como <a href=\"https:\/\/bebe.consumer.es\/crianza\/progenitores\/\" target=\"_blank\" rel=\"noreferrer noopener\">pais e nais<\/a> ou <a href=\"https:\/\/bebe.consumer.es\/crianza\/abuelos\/\" target=\"_blank\" rel=\"noreferrer noopener\">coidadores<\/a>, \u00e9 importante que <strong>enfoquedes o xogo como diversi\u00f3n<\/strong> e non con grandes obxectivos de estimulaci\u00f3n, pois as s\u00faas neuronas xa se estimular\u00e1n ante esas actividades que empezan a ser compartidas convosco e os seus iguais.<\/p>\n","protected":false},"excerpt":{"rendered":"<p><span class=\"span-reading-time rt-reading-time\" style=\"display: block;\"><span class=\"rt-label rt-prefix\"><\/span> <span class=\"rt-time\"> 4<\/span> <span class=\"rt-label rt-postfix\">min.<\/span><\/span><\/p>\n","protected":false},"author":2,"featured_media":4171,"comment_status":"closed","ping_status":"closed","sticky":false,"template":"","format":"standard","meta":{"footnotes":""},"categories":[251],"tags":[260,291],"class_list":["post-7494","post","type-post","status-publish","format-standard","has-post-thumbnail","hentry","category-desenvolvemento-psicomotor-e-emocional","tag-18-meses-gl","tag-desenvolvemento-infantil","infinite-scroll-item","generate-columns","tablet-grid-50","mobile-grid-100","grid-parent","grid-33"],"acf":[],"aioseo_notices":[],"_links":{"self":[{"href":"https:\/\/bebe.consumer.es\/gl\/wp-json\/wp\/v2\/posts\/7494\/"}],"collection":[{"href":"https:\/\/bebe.consumer.es\/gl\/wp-json\/wp\/v2\/posts\/"}],"about":[{"href":"https:\/\/bebe.consumer.es\/gl\/wp-json\/wp\/v2\/types\/post\/"}],"author":[{"embeddable":true,"href":"https:\/\/bebe.consumer.es\/gl\/wp-json\/wp\/v2\/users\/2\/"}],"replies":[{"embeddable":true,"href":"https:\/\/bebe.consumer.es\/gl\/wp-json\/wp\/v2\/comments\/?post=7494"}],"version-history":[{"count":3,"href":"https:\/\/bebe.consumer.es\/gl\/wp-json\/wp\/v2\/posts\/7494\/revisions\/"}],"predecessor-version":[{"id":8989,"href":"https:\/\/bebe.consumer.es\/gl\/wp-json\/wp\/v2\/posts\/7494\/revisions\/8989\/"}],"wp:featuredmedia":[{"embeddable":true,"href":"https:\/\/bebe.consumer.es\/gl\/wp-json\/wp\/v2\/media\/4171\/"}],"wp:attachment":[{"href":"https:\/\/bebe.consumer.es\/gl\/wp-json\/wp\/v2\/media\/?parent=7494"}],"wp:term":[{"taxonomy":"category","embeddable":true,"href":"https:\/\/bebe.consumer.es\/gl\/wp-json\/wp\/v2\/categories\/?post=7494"},{"taxonomy":"post_tag","embeddable":true,"href":"https:\/\/bebe.consumer.es\/gl\/wp-json\/wp\/v2\/tags\/?post=7494"}],"curies":[{"name":"wp","href":"https:\/\/api.w.org\/{rel}","templated":true}]}}