{"id":7632,"date":"2021-07-04T10:20:54","date_gmt":"2021-07-04T10:20:54","guid":{"rendered":"https:\/\/bebe.consumer.es\/?p=7632"},"modified":"2022-06-15T13:15:23","modified_gmt":"2022-06-15T13:15:23","slug":"que-facer-en-caso-de-inhalacion-de-fume-ou-gases-toxicos-en-nenos","status":"publish","type":"post","link":"https:\/\/bebe.consumer.es\/gl\/primeiros-auxilios\/que-facer-en-caso-de-inhalacion-de-fume-ou-gases-toxicos-en-nenos\/","title":{"rendered":"Que facer en caso de inhalaci\u00f3n de fume ou gases t\u00f3xicos en nenos"},"content":{"rendered":"<span class=\"span-reading-time rt-reading-time\" style=\"display: block;\"><span class=\"rt-label rt-prefix\"><\/span> <span class=\"rt-time\"> 2<\/span> <span class=\"rt-label rt-postfix\">min.<\/span><\/span>\n<h2 class=\"wp-block-heading\"><strong>Que \u00e9 a intoxicaci\u00f3n por inhalaci\u00f3n <\/strong><\/h2>\n\n\n\n<p>A lesi\u00f3n por inhalaci\u00f3n resulta da <strong>aspiraci\u00f3n de gas <\/strong>moi quente e <strong>produtos dunha combusti\u00f3n incompleta<\/strong>, que xeralmente se d\u00e1 <strong>durante un incendio<\/strong>. Os danos que o fume ou gas poidan ocasionar na v\u00eda a\u00e9rea ou o pulm\u00f3n do neno ou beb\u00e9 depender\u00e1n dos propios compo\u00f1entes do fume ou gas, o grao de exposici\u00f3n e a resposta do seu organismo.<\/p>\n\n\n\n<p>A lesi\u00f3n producida pola calor lim\u00edtase, en xeral, \u00e1 zona da v\u00eda a\u00e9rea por encima das cordas vocais, mentres que os vapores de gases t\u00f3xicos producen irritaci\u00f3n da mucosa da v\u00eda a\u00e9rea superior e inferior. <strong>A toxicidade variar\u00e1 segundo o tipo de materia que se queime<\/strong>, \u00e9 dicir, segundo o tipo de fume que desprenda, sendo o pl\u00e1stico un dos materiais que provoca lesi\u00f3ns m\u00e1is graves.<\/p>\n\n\n\n<p>As causas m\u00e1is frecuentes de <a href=\"https:\/\/www.analesdepediatria.org\/es-lesiones-por-inhalacion-aspiracion-articulo-13046475\" target=\"_blank\" rel=\"noreferrer noopener nofollow\">inhalaci\u00f3n de fume<\/a> ou gases t\u00f3xicos en nenos <strong>e beb\u00e9s<\/strong> son os fumes que se poden producir nun <strong>incendio<\/strong> ou a inhalaci\u00f3n de mon\u00f3xido de carbono por mala <strong>combusti\u00f3n de caldeiras<\/strong>, braseros ou radiadores, en espazos con mala ventilaci\u00f3n. <\/p>\n\n\n\n<h2 class=\"wp-block-heading\"><strong>Como actuar en caso de inhalaci\u00f3n de fume ou gases<\/strong><\/h2>\n\n\n\n<p>Ante esta situaci\u00f3n, o m\u00e1is recomendable \u00e9 conservar <strong>a calma, retirar<\/strong> a l<strong>neno da fonte de fume ou gases e levalo a un lugar ventilado con aire fresco. <\/strong>Con tranquilidade, observaredes a presenza de s\u00edntomas para determinar os pr\u00f3ximos pasos que seguir, consultando sempre cun profesional en caso de d\u00fabida ou gravidade.<\/p>\n\n\n\n<h2 class=\"wp-block-heading\"><strong>S\u00edntomas de inhalaci\u00f3n de fume ou gases en nenos<\/strong><\/h2>\n\n\n\n<p>Os s\u00edntomas m\u00e1is frecuentes que poden darse cando beb\u00e9s ou nenos pequenos inhalan fume ou gases t\u00f3xicos son <strong>dor cabeza, tendencia \u00e1 somnolencia, dor abdominal, mal cor, dificultade para respirar, v\u00f3mitos<\/strong>, e si cami\u00f1an, talvez notedes neles <strong>unha marcha torpe. <\/strong>\u00c9 recomendable que, tras a inhalaci\u00f3n de fume, mon\u00f3xido de carbono ou outras sustancias t\u00f3xicas, acudades de urxencias ao centro hospitalario m\u00e1is pr\u00f3ximo e consultedes cun ou unha profesional.&nbsp;<\/p>\n\n\n\n<figure class=\"wp-block-image size-large\"><img loading=\"lazy\" decoding=\"async\" width=\"1024\" height=\"683\" src=\"https:\/\/bebe.consumer.es\/wp-content\/uploads\/Respiramascarilla-1024x683.jpg\" alt=\"Respira mascarilla\" class=\"wp-image-8051\" srcset=\"https:\/\/bebe.consumer.es\/wp-content\/uploads\/Respiramascarilla-1024x683.jpg 1024w, https:\/\/bebe.consumer.es\/wp-content\/uploads\/Respiramascarilla-300x200.jpg 300w, https:\/\/bebe.consumer.es\/wp-content\/uploads\/Respiramascarilla-768x512.jpg 768w, https:\/\/bebe.consumer.es\/wp-content\/uploads\/Respiramascarilla-1536x1024.jpg 1536w, https:\/\/bebe.consumer.es\/wp-content\/uploads\/Respiramascarilla-2048x1365.jpg 2048w\" sizes=\"auto, (max-width: 1024px) 100vw, 1024px\" \/><\/figure>\n\n\n\n<p><\/p>\n\n\n\n<h2 class=\"wp-block-heading\"><strong>Tratamento das lesi\u00f3ns por inhalaci\u00f3n<\/strong><\/h2>\n\n\n\n<p>Segundo ditan os profesionais, <strong><a href=\"https:\/\/seup.org\/pdf_public\/gt\/intox_manual3_enr.pdf\" target=\"_blank\" rel=\"noreferrer noopener nofollow\">non hai ning\u00fan tratamento espec\u00edfico<\/a><\/strong> para a lesi\u00f3n por inhalaci\u00f3n de fume ou gases t\u00f3xicos. A <strong>actuaci\u00f3n por parte de profesionais m\u00e9dicos<\/strong> basearase no mantemento da permeabilidade da v\u00eda a\u00e9rea, asegurando a intubaci\u00f3n e ventilaci\u00f3n mec\u00e1nica en casos m\u00e1is graves. Tam\u00e9n, a limpeza pulmonar e a administraci\u00f3n de antibi\u00f3ticos en caso de detectar unha sobreinfecci\u00f3n. Est\u00edmase que, o 50 % dos nenos con lesi\u00f3ns por inhalaci\u00f3n de fume ou gases t\u00f3xicos necesita ser intubado no hospital.<\/p>\n\n\n\n<h2 class=\"wp-block-heading\"><strong>Que facer en caso de parada cardiorrespiratoria<\/strong><\/h2>\n\n\n\n<p>En caso de parada respiratoria ou parada cardiorrespiratoria por mor da inhalaci\u00f3n de fume ou gases t\u00f3xicos, <strong>ser\u00e1 necesario iniciar as <a href=\"https:\/\/bebe.consumer.es\/primeros-auxilios\/reanimacion-cardiopulmonar\/\" target=\"_blank\" rel=\"noreferrer noopener\">manobras de reanimaci\u00f3n<\/a> no neno ou beb\u00e9 mentres se pide axuda para trasladalo ao hospital.<\/strong><\/p>\n","protected":false},"excerpt":{"rendered":"<p><span class=\"span-reading-time rt-reading-time\" style=\"display: block;\"><span class=\"rt-label rt-prefix\"><\/span> <span class=\"rt-time\"> 2<\/span> <span class=\"rt-label rt-postfix\">min.<\/span><\/span><\/p>\n","protected":false},"author":2,"featured_media":8047,"comment_status":"closed","ping_status":"closed","sticky":false,"template":"","format":"standard","meta":{"footnotes":""},"categories":[253],"tags":[260,236,262,264,266,268,383,410],"class_list":["post-7632","post","type-post","status-publish","format-standard","has-post-thumbnail","hentry","category-primeiros-auxilios","tag-18-meses-gl","tag-0-3-meses-gl","tag-12-18-meses-gl","tag-3-6-meses-gl","tag-6-9-meses-gl","tag-9-12-meses-gl","tag-seguridade","tag-visitas-medicas-gl","infinite-scroll-item","generate-columns","tablet-grid-50","mobile-grid-100","grid-parent","grid-33"],"acf":[],"aioseo_notices":[],"_links":{"self":[{"href":"https:\/\/bebe.consumer.es\/gl\/wp-json\/wp\/v2\/posts\/7632\/"}],"collection":[{"href":"https:\/\/bebe.consumer.es\/gl\/wp-json\/wp\/v2\/posts\/"}],"about":[{"href":"https:\/\/bebe.consumer.es\/gl\/wp-json\/wp\/v2\/types\/post\/"}],"author":[{"embeddable":true,"href":"https:\/\/bebe.consumer.es\/gl\/wp-json\/wp\/v2\/users\/2\/"}],"replies":[{"embeddable":true,"href":"https:\/\/bebe.consumer.es\/gl\/wp-json\/wp\/v2\/comments\/?post=7632"}],"version-history":[{"count":2,"href":"https:\/\/bebe.consumer.es\/gl\/wp-json\/wp\/v2\/posts\/7632\/revisions\/"}],"predecessor-version":[{"id":8055,"href":"https:\/\/bebe.consumer.es\/gl\/wp-json\/wp\/v2\/posts\/7632\/revisions\/8055\/"}],"wp:featuredmedia":[{"embeddable":true,"href":"https:\/\/bebe.consumer.es\/gl\/wp-json\/wp\/v2\/media\/8047\/"}],"wp:attachment":[{"href":"https:\/\/bebe.consumer.es\/gl\/wp-json\/wp\/v2\/media\/?parent=7632"}],"wp:term":[{"taxonomy":"category","embeddable":true,"href":"https:\/\/bebe.consumer.es\/gl\/wp-json\/wp\/v2\/categories\/?post=7632"},{"taxonomy":"post_tag","embeddable":true,"href":"https:\/\/bebe.consumer.es\/gl\/wp-json\/wp\/v2\/tags\/?post=7632"}],"curies":[{"name":"wp","href":"https:\/\/api.w.org\/{rel}","templated":true}]}}