{"id":8721,"date":"2021-11-06T10:00:52","date_gmt":"2021-11-06T10:00:52","guid":{"rendered":"https:\/\/bebe.consumer.es\/?p=8721"},"modified":"2022-09-07T20:40:15","modified_gmt":"2022-09-07T20:40:15","slug":"cinco-mitos-sobre-o-coidado-dos-bebes","status":"publish","type":"post","link":"https:\/\/bebe.consumer.es\/gl\/coidados-xerais-e-prevencion\/cinco-mitos-sobre-o-coidado-dos-bebes\/","title":{"rendered":"Cinco mitos sobre o coidado dos beb\u00e9s"},"content":{"rendered":"<span class=\"span-reading-time rt-reading-time\" style=\"display: block;\"><span class=\"rt-label rt-prefix\"><\/span> <span class=\"rt-time\"> 2<\/span> <span class=\"rt-label rt-postfix\">min.<\/span><\/span>\n<p>Criar e coidar dun neno ou beb\u00e9 non \u00e9 unha tarefa sinxela. A crianza est\u00e1 repleta de d\u00fabidas e, en diversas ocasi\u00f3ns, \u00e9 com\u00fan que vos deixedes guiar por alg\u00fans consellos que corren por Internet ou que pasan de boca a boca, sen cuestionar que hai de verdade neles. <\/p>\n\n\n\n<p>Con este artigo, <strong>aprenderedes 5 dos mitos sobre o coidado dos beb\u00e9s m\u00e1is estendidos<\/strong>:<\/p>\n\n\n\n<ol class=\"wp-block-list\"><li><strong><a href=\"https:\/\/enfamilia.aeped.es\/temas-salud\/dientes-en-ninos\" target=\"_blank\" rel=\"noreferrer noopener nofollow\">A sa\u00edda dos dentes orixinan febre.<\/a><\/strong> Falso. Practicamente todo o que lle ocorre ao beb\u00e9 a partir dos 6 meses acaba atribu\u00edndose sen evidencia algunha aos <a href=\"https:\/\/bebe.consumer.es\/cuidados-generales-y-prevencion\/higiene-bucal-ninos\/\" target=\"_blank\" rel=\"noreferrer noopener\" title=\"dentes\">dentes<\/a><strong>. A realidade \u00e9 que moitos beb\u00e9s ver\u00e1n aparecer os seus dentes sen ter absolutamente ning\u00fan s\u00edntoma. Noutros casos, poden ter molestias, dor e ganas de morder ou de apertar. <\/strong>Con todo, a febre nunca vai estar causada pola sa\u00edda dos dentes. Si o beb\u00e9 ten febre, hai que buscar outro motivo. <\/li><\/ol>\n\n\n\n<ol class=\"wp-block-list\" start=\"2\"><li><strong><a href=\"https:\/\/www.analesdepediatria.org\/es-recomendaciones-el-cuidado-del-cordon-articulo-S1695403319300700\" target=\"_blank\" rel=\"noreferrer noopener nofollow\">O cord\u00f3n umbilical non se pode mollar.<\/a><\/strong> Falso. O cord\u00f3n umbilical \u00e9 o conduto que, no \u00fatero, conecta ao feto coa placenta da s\u00faa nai. Ao nacer \u00e9 cortado, permitindo ao recentemente nado respirar en por si. Quedar\u00e1 un mu\u00f1\u00f3n que se ir\u00e1 secando at\u00e9 caerse, dando lugar ao embigo do beb\u00e9<strong>. O <a href=\"https:\/\/bebe.consumer.es\/cuidados-generales-y-prevencion\/ombligo\/\" target=\"_blank\" rel=\"noreferrer noopener\">cord\u00f3n<\/a> debe estar sempre seco e limpo para favorecer a s\u00faa ca\u00edda e evitar que se infecte. Con todo, para mantelo limpo podedes mollalo sen problema durante o ba\u00f1o do beb\u00e9. Iso si, ao acabar, deixaredes a zona enjuagada e ben seca. <\/strong><\/li><\/ol>\n\n\n\n<ol class=\"wp-block-list\" start=\"3\"><li><strong><a href=\"https:\/\/enfamilia.aeped.es\/vida-sana\/leche-no-produce-mocos\" target=\"_blank\" rel=\"noreferrer noopener nofollow\">O leite de vaca provoca mocos.<\/a><\/strong> Falso. \u00c9 un mito moi estendido, pero non existe ning\u00fan estudo cient\u00edfico rigoroso que poida chegar a esta conclusi\u00f3n. L<strong>a leite de vaca ten propiedades que son moi beneficiosas na <a href=\"https:\/\/bebe.consumer.es\/alimentacion\/ninos-1-a-3-anos\/\" target=\"_blank\" rel=\"noreferrer noopener\" title=\"alimentaci\u00f3n\">alimentaci\u00f3n<\/a>. As\u00ed que o feito de ter mocos, bronquite ou calquera problema respiratorio, non deber\u00eda ser unha indicaci\u00f3n para retirar o leite da dieta. Si credes que o voso fillo pode ter alerxia ou intolerancia \u00e1 lactosa, non dubidedes en acudir ao especialista.<\/strong><\/li><\/ol>\n\n\n\n<ol class=\"wp-block-list\" start=\"4\"><li><strong><a href=\"https:\/\/enfamilia.aeped.es\/temas-salud\/que-hacer-cuando-nino-tiene-fiebre\" target=\"_blank\" rel=\"noreferrer noopener nofollow\">A febre alta debe tratarse con antibi\u00f3ticos.<\/a><\/strong> Falso. A<a href=\"https:\/\/bebe.consumer.es\/salud\/fiebre\/\" target=\"_blank\" rel=\"noreferrer noopener\"> febre<\/a> nos nenos est\u00e1 causada nunha alta porcentaxe de casos por infecci\u00f3ns v\u00edricas, polo que non necesitan tratamento antibi\u00f3tico. Ademais, <strong>o grao de temperatura non indica gravidade: \u00e9 dicir, enfermidades banais poden orixinar febre alta e ao contrario, infecci\u00f3ns moi graves non sempre cursan con febre elevada.<\/strong> Ante a febre, sempre \u00e9 necesario que avaliedes o estado xeral do beb\u00e9 ou neno, que determinedes que s\u00edntomas acomp\u00e1\u00f1ana e descartedes signos de alarma como a presenza de petequias (manchas de cor vermella, marr\u00f3n ou p\u00farpura) ou a tendencia \u00e1 somnolencia. Ademais, en beb\u00e9s de poucos meses, si a febre persiste ou si hai alg\u00fan outro s\u00edntoma, debedes consultar co pediatra.<\/li><\/ol>\n\n\n\n<figure class=\"wp-block-image size-full\"><img loading=\"lazy\" decoding=\"async\" width=\"1000\" height=\"666\" src=\"https:\/\/bebe.consumer.es\/wp-content\/uploads\/Padrejugando.jpg\" alt=\" class=\" class=\"wp-image-8381\" srcset=\"https:\/\/bebe.consumer.es\/wp-content\/uploads\/Padrejugando.jpg 1000w, https:\/\/bebe.consumer.es\/wp-content\/uploads\/Padrejugando-300x200.jpg 300w, https:\/\/bebe.consumer.es\/wp-content\/uploads\/Padrejugando-768x511.jpg 768w\" sizes=\"auto, (max-width: 1000px) 100vw, 1000px\" \/><\/figure>\n\n\n\n<p><\/p>\n\n\n\n<ol class=\"wp-block-list\" start=\"5\"><li><strong><a href=\"https:\/\/enfamilia.aeped.es\/vida-sana\/juego-juguetes\" target=\"_blank\" rel=\"noreferrer noopener nofollow\">Xogar \u00e9 divertido, pero non serve para aprender.<\/a><\/strong> Falso. Os beb\u00e9s e nenos exploran o mundo, te\u00f1en relaci\u00f3ns sociais e desenvolven o seu cerebro co xogo. <strong>Establecer rutinas onde o xogo sexa parte do d\u00eda a d\u00eda e deixarlles espazo para o xogo libre, non planificado, \u00e9 necesario para o seu desenvolvemento psicomotor e emocional.<\/strong>Pensade no xogo como diversi\u00f3n, non o expo\u00f1ades con grandes obxectivos de estimulaci\u00f3n, xa que igualmente as s\u00faas neuronas van estimularse ante esta diversi\u00f3n.<\/li><\/ol>\n","protected":false},"excerpt":{"rendered":"<p><span class=\"span-reading-time rt-reading-time\" style=\"display: block;\"><span class=\"rt-label rt-prefix\"><\/span> <span class=\"rt-time\"> 2<\/span> <span class=\"rt-label rt-postfix\">min.<\/span><\/span><\/p>\n","protected":false},"author":2,"featured_media":8380,"comment_status":"closed","ping_status":"closed","sticky":false,"template":"","format":"standard","meta":{"footnotes":""},"categories":[250],"tags":[260,236,262,264,266,268,270,285,313,320,372],"class_list":["post-8721","post","type-post","status-publish","format-standard","has-post-thumbnail","hentry","category-coidados-xerais-e-prevencion","tag-18-meses-gl","tag-0-3-meses-gl","tag-12-18-meses-gl","tag-3-6-meses-gl","tag-6-9-meses-gl","tag-9-12-meses-gl","tag-alimentacion-gl","tag-coidados","tag-febre-gl","tag-hixiene","tag-nacido-recentemente","infinite-scroll-item","generate-columns","tablet-grid-50","mobile-grid-100","grid-parent","grid-33"],"acf":[],"aioseo_notices":[],"_links":{"self":[{"href":"https:\/\/bebe.consumer.es\/gl\/wp-json\/wp\/v2\/posts\/8721\/"}],"collection":[{"href":"https:\/\/bebe.consumer.es\/gl\/wp-json\/wp\/v2\/posts\/"}],"about":[{"href":"https:\/\/bebe.consumer.es\/gl\/wp-json\/wp\/v2\/types\/post\/"}],"author":[{"embeddable":true,"href":"https:\/\/bebe.consumer.es\/gl\/wp-json\/wp\/v2\/users\/2\/"}],"replies":[{"embeddable":true,"href":"https:\/\/bebe.consumer.es\/gl\/wp-json\/wp\/v2\/comments\/?post=8721"}],"version-history":[{"count":4,"href":"https:\/\/bebe.consumer.es\/gl\/wp-json\/wp\/v2\/posts\/8721\/revisions\/"}],"predecessor-version":[{"id":9054,"href":"https:\/\/bebe.consumer.es\/gl\/wp-json\/wp\/v2\/posts\/8721\/revisions\/9054\/"}],"wp:featuredmedia":[{"embeddable":true,"href":"https:\/\/bebe.consumer.es\/gl\/wp-json\/wp\/v2\/media\/8380\/"}],"wp:attachment":[{"href":"https:\/\/bebe.consumer.es\/gl\/wp-json\/wp\/v2\/media\/?parent=8721"}],"wp:term":[{"taxonomy":"category","embeddable":true,"href":"https:\/\/bebe.consumer.es\/gl\/wp-json\/wp\/v2\/categories\/?post=8721"},{"taxonomy":"post_tag","embeddable":true,"href":"https:\/\/bebe.consumer.es\/gl\/wp-json\/wp\/v2\/tags\/?post=8721"}],"curies":[{"name":"wp","href":"https:\/\/api.w.org\/{rel}","templated":true}]}}